{"id":977,"date":"2026-07-23T05:59:40","date_gmt":"2026-07-23T05:59:40","guid":{"rendered":"https:\/\/www.slovaci.eu\/?p=977"},"modified":"2026-08-31T13:45:51","modified_gmt":"2026-08-31T13:45:51","slug":"madarska-karta-obciansky-monitor","status":"publish","type":"post","link":"https:\/\/www.slovaci.eu\/?p=977","title":{"rendered":"Dunajsk\u00e1 Streda\/SK &#8230;  (ma\u010farsk\u00e1 karta?)"},"content":{"rendered":"\n<h3 class=\"wp-block-heading\"><em>\u010co sa to tam dole vlastne deje<\/em>?<\/h3>\n\n\n\n<p class=\"wp-block-paragraph\"><a href=\"https:\/\/www.zsi.sk\/vysmech-slovakom-i-zakonom-sr-trva-uz-pat-rokov\/\">V\u00fdsmech Slov\u00e1kom i z\u00e1konom SR trv\u00e1 u\u017e p\u00e4\u0165 rokov<\/a><\/p>\n\n\n\n<figure class=\"wp-block-embed is-type-wp-embed is-provider-rumble-com wp-block-embed-rumble-com\"><div class=\"wp-block-embed__wrapper\">\n<iframe loading=\"lazy\" class=\"wp-embedded-content\" sandbox=\"allow-scripts\" security=\"restricted\" title=\"Slovensk\u00e9 (predvolebn\u00e9) re\u00e1lie: Dunajsk\u00e1 Streda\/SK\" src=\"https:\/\/rumble.com\/embed\/v7byax2\/#?secret=mKFty54hXZ\" data-secret=\"mKFty54hXZ\" width=\"720\" height=\"400\" frameborder=\"0\"><\/iframe>\n<\/div><\/figure>\n\n\n\n<h4 class=\"wp-block-heading\"><a href=\"https:\/\/www.zsi.sk\/do-toho-felvidek-prec-s-trianonom-protislovenska-jazda-motorkarov-na-trase-dunajska-streda-sturovo\/\">\u201eDo toho Felvid\u00e9k \u2013 pre\u010d s&nbsp;Trianonom\u201c \u2013 protislovensk\u00e1 jazda motork\u00e1rov na trase Dunajsk\u00e1 Streda \u2013 \u0160t\u00farovo<\/a><\/h4>\n\n\n\n<p class=\"wp-block-paragraph\">Obr: Motork\u00e1ri v Dunajskej Strede na podujat\u00ed Trianon 106 pred iredentistick\u00fdm pam\u00e4tn\u00edkom Podujatie pred pam\u00e4tn\u00edkom v Dunajskej Strede, ktor\u00fd je v s\u00fadnom konan\u00ed vo veci extr\u00e9mizmu Na 106. v\u00fdro\u010die uzatvorenia Trianonskej mierovej zmluvy sa 6. j\u00fana 2026 stretlo nieko\u013eko stoviek motork\u00e1rov zv\u00e4\u010d\u0161a z&nbsp;Ma\u010farska, ale aj zo Slovenska pred iredentistick\u00fdm pam\u00e4tn\u00edkom v&nbsp;Dunajskej Strede, aby odtia\u013e od\u0161tartovali \u2026&nbsp;<a href=\"https:\/\/www.zsi.sk\/do-toho-felvidek-prec-s-trianonom-protislovenska-jazda-motorkarov-na-trase-dunajska-streda-sturovo\/\">\u010c\u00edta\u0165 \u010falej\u201eDo toho Felvid\u00e9k \u2013 pre\u010d s&nbsp;Trianonom\u201c \u2013 protislovensk\u00e1 jazda motork\u00e1rov na trase Dunajsk\u00e1 Streda \u2013 \u0160t\u00farovo<\/a><\/p>\n\n\n\n<figure class=\"wp-block-gallery has-nested-images columns-default is-cropped wp-block-gallery-1 is-layout-flex wp-block-gallery-is-layout-flex\">\n<figure class=\"wp-block-image size-large is-resized\"><img loading=\"lazy\" decoding=\"async\" width=\"724\" height=\"1024\" data-id=\"1483\" src=\"https:\/\/www.slovaci.eu\/wp-content\/uploads\/2026\/07\/714902556_27037881899238923_1879263514035293941_n-724x1024.jpg\" alt=\"\" class=\"wp-image-1483\" style=\"width:319px;height:auto\" srcset=\"https:\/\/www.slovaci.eu\/wp-content\/uploads\/2026\/07\/714902556_27037881899238923_1879263514035293941_n-724x1024.jpg 724w, https:\/\/www.slovaci.eu\/wp-content\/uploads\/2026\/07\/714902556_27037881899238923_1879263514035293941_n-212x300.jpg 212w, https:\/\/www.slovaci.eu\/wp-content\/uploads\/2026\/07\/714902556_27037881899238923_1879263514035293941_n-768x1087.jpg 768w, https:\/\/www.slovaci.eu\/wp-content\/uploads\/2026\/07\/714902556_27037881899238923_1879263514035293941_n-1085x1536.jpg 1085w, https:\/\/www.slovaci.eu\/wp-content\/uploads\/2026\/07\/714902556_27037881899238923_1879263514035293941_n-42x60.jpg 42w, https:\/\/www.slovaci.eu\/wp-content\/uploads\/2026\/07\/714902556_27037881899238923_1879263514035293941_n.jpg 1447w\" sizes=\"auto, (max-width: 724px) 100vw, 724px\" \/><\/figure>\n\n\n\n<figure class=\"wp-block-image size-large is-resized\"><img loading=\"lazy\" decoding=\"async\" width=\"1024\" height=\"630\" data-id=\"1497\" src=\"https:\/\/www.slovaci.eu\/wp-content\/uploads\/2026\/07\/720696805_26389502140723947_19792560743384756_n-1-1024x630.jpg\" alt=\"\" class=\"wp-image-1497\" style=\"width:345px;height:auto\" srcset=\"https:\/\/www.slovaci.eu\/wp-content\/uploads\/2026\/07\/720696805_26389502140723947_19792560743384756_n-1-1024x630.jpg 1024w, https:\/\/www.slovaci.eu\/wp-content\/uploads\/2026\/07\/720696805_26389502140723947_19792560743384756_n-1-300x185.jpg 300w, https:\/\/www.slovaci.eu\/wp-content\/uploads\/2026\/07\/720696805_26389502140723947_19792560743384756_n-1-768x473.jpg 768w, https:\/\/www.slovaci.eu\/wp-content\/uploads\/2026\/07\/720696805_26389502140723947_19792560743384756_n-1-1536x945.jpg 1536w, https:\/\/www.slovaci.eu\/wp-content\/uploads\/2026\/07\/720696805_26389502140723947_19792560743384756_n-1-98x60.jpg 98w, https:\/\/www.slovaci.eu\/wp-content\/uploads\/2026\/07\/720696805_26389502140723947_19792560743384756_n-1.jpg 2048w\" sizes=\"auto, (max-width: 1024px) 100vw, 1024px\" \/><\/figure>\n<\/figure>\n\n\n<div class=\"wp-block-image\">\n<figure class=\"aligncenter size-large is-resized\"><img loading=\"lazy\" decoding=\"async\" width=\"1024\" height=\"576\" src=\"https:\/\/www.slovaci.eu\/wp-content\/uploads\/2026\/07\/trianon106motoros2026-1024x576.jpg\" alt=\"\" class=\"wp-image-1846\" style=\"width:530px;height:auto\" srcset=\"https:\/\/www.slovaci.eu\/wp-content\/uploads\/2026\/07\/trianon106motoros2026-1024x576.jpg 1024w, https:\/\/www.slovaci.eu\/wp-content\/uploads\/2026\/07\/trianon106motoros2026-300x169.jpg 300w, https:\/\/www.slovaci.eu\/wp-content\/uploads\/2026\/07\/trianon106motoros2026-768x432.jpg 768w, https:\/\/www.slovaci.eu\/wp-content\/uploads\/2026\/07\/trianon106motoros2026-107x60.jpg 107w, https:\/\/www.slovaci.eu\/wp-content\/uploads\/2026\/07\/trianon106motoros2026.jpg 1280w\" sizes=\"auto, (max-width: 1024px) 100vw, 1024px\" \/><figcaption class=\"wp-element-caption\">Motorizovan\u00fd sprievod: &#8222;Otv\u00e1ranie dver\u00ed Trianonu &#8211; n\u00e1rokujte svoju slobdu!&#8220;<\/figcaption><\/figure>\n<\/div>\n\n\n<p class=\"wp-block-paragraph\"><strong>Koment\u00e1re pod obr\u00e1zkom na <\/strong><a href=\"https:\/\/www.facebook.com\/MagyarRevizio?__tn__=-UC*F\"><strong>Nagy Magyarorsz\u00e1g &#8211; Magyar Rev\u00edzi\u00f3<\/strong><\/a>: <\/p>\n\n\n\n<p class=\"wp-block-paragraph\"><strong><a href=\"https:\/\/www.facebook.com\/tibor.biczo?comment_id=Y29tbWVudDoxMjU3NDM4Nzc5ODUxNTA4XzgyMTY4NTA1MDk2MjI2Mg%3D%3D&amp;__tn__=R*F\">Bicz\u00f3 Tibor<\/a>:<\/strong> &#8222;A teraz op\u00e4\u0165 po ma\u010farsky!&#8220;<\/p>\n\n\n\n<p class=\"wp-block-paragraph\"><a href=\"https:\/\/www.facebook.com\/andras.bresztak?comment_id=Y29tbWVudDoxMjU3NDM4Nzc5ODUxNTA4XzI2MjY2MzM5Mzc2MzkzNzU2&amp;__tn__=R*F\"><strong>Andr\u00e1s Breszt\u00e1k<\/strong><\/a>: &#8222;Tibor Bicz\u00f3: Na Felvid\u00e9ku&#8220; sa tak\u00fdmi malichernos\u0165ami nezaober\u00e1me&#8220;<\/p>\n\n\n\n<p class=\"wp-block-paragraph\"><a href=\"https:\/\/www.facebook.com\/profile.php?id=100004516470623&amp;comment_id=Y29tbWVudDoxMjU3NDM4Nzc5ODUxNTA4XzM2ODgzNzc1Njc5NjkwMjA%3D&amp;__tn__=R*F\"><strong>Gy\u00f6rgy Kiss<\/strong><\/a>:&#8220; Rad\u0161ej to pre\u017ei.&#8220;<\/p>\n\n\n\n<p class=\"wp-block-paragraph\"><a href=\"https:\/\/www.facebook.com\/rpbert.toth?comment_id=Y29tbWVudDoxMjU3NDM4Nzc5ODUxNTA4XzQxNjM5MTIyNTcyNTQ0NjA%3D&amp;__tn__=R*F\"><strong>Rpbert T\u00f3th<\/strong><\/a>: &#8222;Gy\u00f6rgy Kiss \u2013 To m\u00f4\u017ee by\u0165 tvoj n\u00e1zor\u2026 ale stoj\u00ed za to zv\u00e1\u017ei\u0165, \u017ee v\u00e4\u010d\u0161inu Ma\u010farov cel\u00e1 t\u00e1to vec jednoducho nezauj\u00edma \u2013 a ani ju nepodporuj\u00fa!!:<\/p>\n\n\n\n<p class=\"wp-block-paragraph\"><a href=\"https:\/\/www.facebook.com\/profile.php?id=100004516470623&amp;comment_id=Y29tbWVudDoxMjU3NDM4Nzc5ODUxNTA4XzI2NjMyNTQ2MTYzMDM1OTc1&amp;__tn__=R*F\"><strong>Gy\u00f6rgy Kiss<\/strong><\/a>: &#8222;R\u00f3bert T\u00f3th &#8211; tvoje pozn\u00e1mky s\u00fa \u00faboh\u00e9.&#8220;<\/p>\n\n\n\n<p class=\"wp-block-paragraph\"><a href=\"https:\/\/www.facebook.com\/profile.php?id=100010844823045&amp;comment_id=Y29tbWVudDoxMjU3NDM4Nzc5ODUxNTA4XzkzMTk4ODU1OTU0MDkzMQ%3D%3D&amp;__tn__=R*F\"><strong>Nagy Istv\u00e1n<\/strong><\/a>: &#8222;R\u00f3bert T\u00f3th \u2013 Je to celkom smutn\u00e9. Keby ste \u017eili na odtrhnut\u00fdch \u00fazemiach, zm\u00fd\u0161\u013eali by ste inak.&#8220;<\/p>\n\n\n\n<p class=\"wp-block-paragraph\"><a href=\"https:\/\/www.facebook.com\/bela.torok.1048?comment_id=Y29tbWVudDoxMjU3NDM4Nzc5ODUxNTA4XzI0MDAwMzYwNDcxODM4NjA%3D&amp;__tn__=R*F\"><strong>T\u00f6r\u00f6k B\u00e9la<\/strong><\/a>:&#8220;Istv\u00e1n Nagy &#8211; Ma\u010farom v Burgenlande u\u017e rozdelenie v podstate neprek\u00e1\u017ea.&#8220;<\/p>\n\n\n\n<p class=\"wp-block-paragraph\"><a href=\"https:\/\/www.facebook.com\/profile.php?id=100079623902263&amp;comment_id=Y29tbWVudDoxMjU3NDM4Nzc5ODUxNTA4XzEyNzcyMzE4NjQzNTM0NjI%3D&amp;__tn__=R*F\"><strong>D\u00e9nes Gy\u00f6mb\u00e9r<\/strong><\/a>:&#8220;Nagy Istv\u00e1n -\u2026by\u0165 Ma\u010farom v Ma\u010farsku, ako aj na odtrhnut\u00fdch \u00fazemiach.&#8220;<\/p>\n\n\n\n<p class=\"wp-block-paragraph\"><a href=\"https:\/\/www.facebook.com\/tibor.laczik?comment_id=Y29tbWVudDoxMjU3NDM4Nzc5ODUxNTA4XzQ0NDE2NzQwNDI4MjQ2MTc%3D&amp;__tn__=R*F\"><strong>Laczik Tibor<\/strong><\/a>:&#8220;Bravo! U\u017e je k dispoz\u00edcii pl\u00e1n trasy?&#8220;<\/p>\n\n\n\n<p class=\"wp-block-paragraph\"><a href=\"https:\/\/www.facebook.com\/zsolt.szomolai?comment_id=Y29tbWVudDoxMjU3NDM4Nzc5ODUxNTA4XzkyOTk2MzgxMzI1OTYzOQ%3D%3D&amp;__tn__=R*F\"><strong>Zsolt Szomolai<\/strong><\/a>:&#8220;Tibor Laczik (DS-P\u00e1rk\u00e1ny), ako v\u017edy.&#8220;<\/p>\n\n\n\n<p class=\"wp-block-paragraph\"><a href=\"https:\/\/www.facebook.com\/tibor.laczik?comment_id=Y29tbWVudDoxMjU3NDM4Nzc5ODUxNTA4XzIxMjcxNDUwOTE0NjMwNjk%3D&amp;__tn__=R*F\"><strong>Laczik Tibor<\/strong><\/a>:&#8220;\u010eakujem!&#8220;<\/p>\n\n\n\n<p class=\"wp-block-paragraph\"><a href=\"https:\/\/www.facebook.com\/Csazo.lap.750?comment_id=Y29tbWVudDoxMjU3NDM4Nzc5ODUxNTA4XzE1MDg0NzQzMTA3OTQxNTQ%3D&amp;__tn__=R*F\"><strong>Zolt\u00e0n Csaba P\u00e0l<\/strong><\/a>:&#8220;Na \u010do sa s\u0165a\u017eujete? Iba to zle nap\u00edsal. <\/p>\n\n\n\n<p class=\"wp-block-paragraph\"><a href=\"https:\/\/www.facebook.com\/attila.czege.3?comment_id=Y29tbWVudDoxMjU3NDM4Nzc5ODUxNTA4XzI0NzAxNDkxMTY3ODY2MTY%3D&amp;__tn__=R*F\"><strong>Attila Cz\u00e9g\u00e9<\/strong><\/a>:&#8220;Zolt\u00e1n Csaba P\u00e1l \u2013 to u\u017e neexistuje! S\u00fa tu len t\u00ed bezmozgov\u00ed, zaostal\u00ed fanatici posadnut\u00ed gramatikou a profesori lingvistiky, a na ni\u010dom inom nez\u00e1le\u017e\u00ed \u2013 ani na kr\u00e1de\u017ei, ani na vra\u017ede\u2026 jedin\u00e9, na \u010dom z\u00e1le\u017e\u00ed, je, aby v\u0161etci p\u00edsali spr\u00e1vne.&#8220;<\/p>\n\n\n\n<p class=\"wp-block-paragraph\"><a href=\"https:\/\/www.facebook.com\/tibor.csicsay.3?comment_id=Y29tbWVudDoxMjU3NDM4Nzc5ODUxNTA4XzE0ODk1MzQ2ODI2MDMyODY%3D&amp;__tn__=R*F\"><strong>Tibor Csicsay<\/strong><\/a>:&#8220;\u2026sprievod s dverami, oknami a motormi?&#8220;<\/p>\n\n\n\n<p class=\"wp-block-paragraph\"><a href=\"https:\/\/www.facebook.com\/zoltan.nevery?comment_id=Y29tbWVudDoxMjU3NDM4Nzc5ODUxNTA4XzE0NDM1MzA4MzM5ODg2MTM%3D&amp;__tn__=R*F\"><strong>Zolt\u00e1n N\u00e9very<\/strong><\/a>:&#8220;Tibor Csicsay &#8211; Je vec na 38. mieste v\u017edy tou najd\u00f4le\u017eitej\u0161ou?&#8220;<\/p>\n\n\n\n<p class=\"wp-block-paragraph\"><a href=\"https:\/\/www.facebook.com\/tibor.csicsay.3?comment_id=Y29tbWVudDoxMjU3NDM4Nzc5ODUxNTA4XzEyNjA1NjgyMjU2NDc4MjE%3D&amp;__tn__=R*F\"><strong>Tibor Csicsay<\/strong><\/a>:&#8220;Zolt\u00e1n N\u00e9very \u2026ak niekto p\u00ed\u0161e nie\u010do pre \u0161irok\u00fa verejnos\u0165, malo by to by\u0165 dobre nap\u00edsan\u00e9!&#8220;<\/p>\n\n\n\n<p class=\"wp-block-paragraph\"><a href=\"https:\/\/www.facebook.com\/tibor.dory.7?comment_id=Y29tbWVudDoxMjU3NDM4Nzc5ODUxNTA4XzEyMTA1NTIwMTA4ODI4MTM%3D&amp;__tn__=R*F\"><strong>Tibor D\u00f6ry<\/strong><\/a>:&#8220;Cez kredec?&#8220;<\/p>\n\n\n\n<p class=\"wp-block-paragraph\"><a href=\"https:\/\/www.facebook.com\/laszlo.kenderesi.3?comment_id=Y29tbWVudDoxMjU3NDM4Nzc5ODUxNTA4XzE5OTE3MzI1NjE0MTkwNjQ%3D&amp;__tn__=R*F\"><strong>Laszlo Kenderesi<\/strong><\/a>:&#8220;Sobota 7. j\u00fana \u2013 z Kanady!!! Budapest Park. Toronto.&#8220;<\/p>\n\n\n\n<p class=\"wp-block-paragraph\"><strong>+ \u010fal\u0161ie koment\u00e1re &#8230;<\/strong><\/p>\n\n\n\n<p class=\"wp-block-paragraph\"><\/p>\n\n\n<div class=\"wp-block-image\">\n<figure class=\"aligncenter size-large is-resized\"><img loading=\"lazy\" decoding=\"async\" width=\"1024\" height=\"538\" src=\"https:\/\/www.slovaci.eu\/wp-content\/uploads\/2026\/07\/dsmoto1-1-1024x538.jpg\" alt=\"\" class=\"wp-image-1474\" style=\"aspect-ratio:1.9033925845684179;width:735px;height:auto\" srcset=\"https:\/\/www.slovaci.eu\/wp-content\/uploads\/2026\/07\/dsmoto1-1-1024x538.jpg 1024w, https:\/\/www.slovaci.eu\/wp-content\/uploads\/2026\/07\/dsmoto1-1-300x158.jpg 300w, https:\/\/www.slovaci.eu\/wp-content\/uploads\/2026\/07\/dsmoto1-1-768x403.jpg 768w, https:\/\/www.slovaci.eu\/wp-content\/uploads\/2026\/07\/dsmoto1-1-1536x806.jpg 1536w, https:\/\/www.slovaci.eu\/wp-content\/uploads\/2026\/07\/dsmoto1-1-114x60.jpg 114w, https:\/\/www.slovaci.eu\/wp-content\/uploads\/2026\/07\/dsmoto1-1.jpg 2000w\" sizes=\"auto, (max-width: 1024px) 100vw, 1024px\" \/><\/figure>\n<\/div>\n\n\n<p class=\"wp-block-paragraph\"><\/p>\n\n\n<div class=\"wp-block-image\">\n<figure class=\"aligncenter size-large is-resized\"><img loading=\"lazy\" decoding=\"async\" width=\"1024\" height=\"539\" src=\"https:\/\/www.slovaci.eu\/wp-content\/uploads\/2026\/07\/dsmoto3-2-1024x539.jpg\" alt=\"\" class=\"wp-image-1484\" style=\"aspect-ratio:1.899848040428314;width:732px;height:auto\" srcset=\"https:\/\/www.slovaci.eu\/wp-content\/uploads\/2026\/07\/dsmoto3-2-1024x539.jpg 1024w, https:\/\/www.slovaci.eu\/wp-content\/uploads\/2026\/07\/dsmoto3-2-300x158.jpg 300w, https:\/\/www.slovaci.eu\/wp-content\/uploads\/2026\/07\/dsmoto3-2-768x404.jpg 768w, https:\/\/www.slovaci.eu\/wp-content\/uploads\/2026\/07\/dsmoto3-2-1536x808.jpg 1536w, https:\/\/www.slovaci.eu\/wp-content\/uploads\/2026\/07\/dsmoto3-2-114x60.jpg 114w, https:\/\/www.slovaci.eu\/wp-content\/uploads\/2026\/07\/dsmoto3-2.jpg 1878w\" sizes=\"auto, (max-width: 1024px) 100vw, 1024px\" \/><\/figure>\n<\/div>\n\n\n<p class=\"wp-block-paragraph\"><\/p>\n\n\n<div class=\"wp-block-image\">\n<figure class=\"aligncenter size-large is-resized\"><img loading=\"lazy\" decoding=\"async\" width=\"1024\" height=\"745\" src=\"https:\/\/www.slovaci.eu\/wp-content\/uploads\/2026\/07\/dsmoto2-1-1024x745.jpg\" alt=\"\" class=\"wp-image-1475\" style=\"aspect-ratio:1.3751119068934647;width:721px;height:auto\" srcset=\"https:\/\/www.slovaci.eu\/wp-content\/uploads\/2026\/07\/dsmoto2-1-1024x745.jpg 1024w, https:\/\/www.slovaci.eu\/wp-content\/uploads\/2026\/07\/dsmoto2-1-300x218.jpg 300w, https:\/\/www.slovaci.eu\/wp-content\/uploads\/2026\/07\/dsmoto2-1-768x559.jpg 768w, https:\/\/www.slovaci.eu\/wp-content\/uploads\/2026\/07\/dsmoto2-1-1536x1117.jpg 1536w, https:\/\/www.slovaci.eu\/wp-content\/uploads\/2026\/07\/dsmoto2-1-83x60.jpg 83w, https:\/\/www.slovaci.eu\/wp-content\/uploads\/2026\/07\/dsmoto2-1.jpg 1866w\" sizes=\"auto, (max-width: 1024px) 100vw, 1024px\" \/><\/figure>\n<\/div>\n\n\n<p class=\"wp-block-paragraph\"><\/p>\n\n\n<div class=\"wp-block-image\">\n<figure class=\"aligncenter size-large is-resized\"><img loading=\"lazy\" decoding=\"async\" width=\"1024\" height=\"797\" src=\"https:\/\/www.slovaci.eu\/wp-content\/uploads\/2026\/07\/721377608_26389504767390351_1921244175090918169_n-1024x797.jpg\" alt=\"\" class=\"wp-image-1503\" style=\"aspect-ratio:1.284833420964581;width:720px;height:auto\" srcset=\"https:\/\/www.slovaci.eu\/wp-content\/uploads\/2026\/07\/721377608_26389504767390351_1921244175090918169_n-1024x797.jpg 1024w, https:\/\/www.slovaci.eu\/wp-content\/uploads\/2026\/07\/721377608_26389504767390351_1921244175090918169_n-300x233.jpg 300w, https:\/\/www.slovaci.eu\/wp-content\/uploads\/2026\/07\/721377608_26389504767390351_1921244175090918169_n-768x598.jpg 768w, https:\/\/www.slovaci.eu\/wp-content\/uploads\/2026\/07\/721377608_26389504767390351_1921244175090918169_n-1536x1196.jpg 1536w, https:\/\/www.slovaci.eu\/wp-content\/uploads\/2026\/07\/721377608_26389504767390351_1921244175090918169_n-77x60.jpg 77w, https:\/\/www.slovaci.eu\/wp-content\/uploads\/2026\/07\/721377608_26389504767390351_1921244175090918169_n.jpg 2048w\" sizes=\"auto, (max-width: 1024px) 100vw, 1024px\" \/><\/figure>\n<\/div>\n\n\n<p class=\"wp-block-paragraph\"><\/p>\n\n\n<div class=\"wp-block-image\">\n<figure class=\"aligncenter size-large is-resized\"><img loading=\"lazy\" decoding=\"async\" width=\"884\" height=\"1024\" src=\"https:\/\/www.slovaci.eu\/wp-content\/uploads\/2026\/07\/721430435_26389505660723595_5227685526925250472_n-884x1024.jpg\" alt=\"\" class=\"wp-image-1504\" style=\"aspect-ratio:0.8632816263609211;width:732px;height:auto\" srcset=\"https:\/\/www.slovaci.eu\/wp-content\/uploads\/2026\/07\/721430435_26389505660723595_5227685526925250472_n-884x1024.jpg 884w, https:\/\/www.slovaci.eu\/wp-content\/uploads\/2026\/07\/721430435_26389505660723595_5227685526925250472_n-259x300.jpg 259w, https:\/\/www.slovaci.eu\/wp-content\/uploads\/2026\/07\/721430435_26389505660723595_5227685526925250472_n-768x890.jpg 768w, https:\/\/www.slovaci.eu\/wp-content\/uploads\/2026\/07\/721430435_26389505660723595_5227685526925250472_n-1326x1536.jpg 1326w, https:\/\/www.slovaci.eu\/wp-content\/uploads\/2026\/07\/721430435_26389505660723595_5227685526925250472_n-52x60.jpg 52w, https:\/\/www.slovaci.eu\/wp-content\/uploads\/2026\/07\/721430435_26389505660723595_5227685526925250472_n.jpg 1768w\" sizes=\"auto, (max-width: 884px) 100vw, 884px\" \/><\/figure>\n<\/div>\n\n\n<p class=\"wp-block-paragraph\"><\/p>\n\n\n\n<p class=\"wp-block-paragraph\"><\/p>\n\n\n<div class=\"wp-block-image\">\n<figure class=\"aligncenter size-large is-resized\"><img loading=\"lazy\" decoding=\"async\" width=\"1024\" height=\"768\" src=\"https:\/\/www.slovaci.eu\/wp-content\/uploads\/2026\/07\/dsmoto-1-1024x768.jpg\" alt=\"\" class=\"wp-image-1473\" style=\"width:780px;height:auto\" srcset=\"https:\/\/www.slovaci.eu\/wp-content\/uploads\/2026\/07\/dsmoto-1-1024x768.jpg 1024w, https:\/\/www.slovaci.eu\/wp-content\/uploads\/2026\/07\/dsmoto-1-300x225.jpg 300w, https:\/\/www.slovaci.eu\/wp-content\/uploads\/2026\/07\/dsmoto-1-768x576.jpg 768w, https:\/\/www.slovaci.eu\/wp-content\/uploads\/2026\/07\/dsmoto-1-1536x1152.jpg 1536w, https:\/\/www.slovaci.eu\/wp-content\/uploads\/2026\/07\/dsmoto-1-80x60.jpg 80w, https:\/\/www.slovaci.eu\/wp-content\/uploads\/2026\/07\/dsmoto-1.jpg 2048w\" sizes=\"auto, (max-width: 1024px) 100vw, 1024px\" \/><\/figure>\n<\/div>\n\n\n<p class=\"wp-block-paragraph\"><\/p>\n\n\n<div class=\"wp-block-image\">\n<figure class=\"aligncenter size-large is-resized\"><img loading=\"lazy\" decoding=\"async\" width=\"1024\" height=\"768\" src=\"https:\/\/www.slovaci.eu\/wp-content\/uploads\/2026\/07\/721099009_26389469924060502_2242615653016385993_n-1024x768.jpg\" alt=\"\" class=\"wp-image-1491\" style=\"width:783px;height:auto\" srcset=\"https:\/\/www.slovaci.eu\/wp-content\/uploads\/2026\/07\/721099009_26389469924060502_2242615653016385993_n-1024x768.jpg 1024w, https:\/\/www.slovaci.eu\/wp-content\/uploads\/2026\/07\/721099009_26389469924060502_2242615653016385993_n-300x225.jpg 300w, https:\/\/www.slovaci.eu\/wp-content\/uploads\/2026\/07\/721099009_26389469924060502_2242615653016385993_n-768x576.jpg 768w, https:\/\/www.slovaci.eu\/wp-content\/uploads\/2026\/07\/721099009_26389469924060502_2242615653016385993_n-1536x1152.jpg 1536w, https:\/\/www.slovaci.eu\/wp-content\/uploads\/2026\/07\/721099009_26389469924060502_2242615653016385993_n-80x60.jpg 80w, https:\/\/www.slovaci.eu\/wp-content\/uploads\/2026\/07\/721099009_26389469924060502_2242615653016385993_n.jpg 2000w\" sizes=\"auto, (max-width: 1024px) 100vw, 1024px\" \/><\/figure>\n<\/div>\n\n\n<p class=\"wp-block-paragraph\"><\/p>\n\n\n<div class=\"wp-block-image\">\n<figure class=\"aligncenter size-large is-resized\"><img loading=\"lazy\" decoding=\"async\" width=\"1024\" height=\"957\" src=\"https:\/\/www.slovaci.eu\/wp-content\/uploads\/2026\/07\/720972056_26389469467393881_4464365890704147394_n-1024x957.jpg\" alt=\"\" class=\"wp-image-1505\" style=\"aspect-ratio:1.0700210978862306;width:356px;height:auto\" srcset=\"https:\/\/www.slovaci.eu\/wp-content\/uploads\/2026\/07\/720972056_26389469467393881_4464365890704147394_n-1024x957.jpg 1024w, https:\/\/www.slovaci.eu\/wp-content\/uploads\/2026\/07\/720972056_26389469467393881_4464365890704147394_n-300x280.jpg 300w, https:\/\/www.slovaci.eu\/wp-content\/uploads\/2026\/07\/720972056_26389469467393881_4464365890704147394_n-768x718.jpg 768w, https:\/\/www.slovaci.eu\/wp-content\/uploads\/2026\/07\/720972056_26389469467393881_4464365890704147394_n-64x60.jpg 64w, https:\/\/www.slovaci.eu\/wp-content\/uploads\/2026\/07\/720972056_26389469467393881_4464365890704147394_n.jpg 1234w\" sizes=\"auto, (max-width: 1024px) 100vw, 1024px\" \/><\/figure>\n<\/div>\n\n\n<p class=\"wp-block-paragraph\"><\/p>\n\n\n<div class=\"wp-block-image\">\n<figure class=\"aligncenter size-large is-resized\"><img loading=\"lazy\" decoding=\"async\" width=\"1024\" height=\"768\" src=\"https:\/\/www.slovaci.eu\/wp-content\/uploads\/2026\/07\/721779955_26389497607391067_4767225269961998852_n-1024x768.jpg\" alt=\"\" class=\"wp-image-1509\" style=\"width:369px;height:auto\" srcset=\"https:\/\/www.slovaci.eu\/wp-content\/uploads\/2026\/07\/721779955_26389497607391067_4767225269961998852_n-1024x768.jpg 1024w, https:\/\/www.slovaci.eu\/wp-content\/uploads\/2026\/07\/721779955_26389497607391067_4767225269961998852_n-300x225.jpg 300w, https:\/\/www.slovaci.eu\/wp-content\/uploads\/2026\/07\/721779955_26389497607391067_4767225269961998852_n-768x576.jpg 768w, https:\/\/www.slovaci.eu\/wp-content\/uploads\/2026\/07\/721779955_26389497607391067_4767225269961998852_n-1536x1152.jpg 1536w, https:\/\/www.slovaci.eu\/wp-content\/uploads\/2026\/07\/721779955_26389497607391067_4767225269961998852_n-80x60.jpg 80w, https:\/\/www.slovaci.eu\/wp-content\/uploads\/2026\/07\/721779955_26389497607391067_4767225269961998852_n.jpg 2048w\" sizes=\"auto, (max-width: 1024px) 100vw, 1024px\" \/><\/figure>\n<\/div>\n\n\n<p class=\"wp-block-paragraph\"><\/p>\n\n\n<div class=\"wp-block-image\">\n<figure class=\"aligncenter size-large is-resized\"><img loading=\"lazy\" decoding=\"async\" width=\"1024\" height=\"747\" src=\"https:\/\/www.slovaci.eu\/wp-content\/uploads\/2026\/07\/723162315_26389501570724004_1795488478436964202_n-1024x747.jpg\" alt=\"\" class=\"wp-image-1513\" style=\"aspect-ratio:1.3708340770584186;width:773px;height:auto\" srcset=\"https:\/\/www.slovaci.eu\/wp-content\/uploads\/2026\/07\/723162315_26389501570724004_1795488478436964202_n-1024x747.jpg 1024w, https:\/\/www.slovaci.eu\/wp-content\/uploads\/2026\/07\/723162315_26389501570724004_1795488478436964202_n-300x219.jpg 300w, https:\/\/www.slovaci.eu\/wp-content\/uploads\/2026\/07\/723162315_26389501570724004_1795488478436964202_n-768x560.jpg 768w, https:\/\/www.slovaci.eu\/wp-content\/uploads\/2026\/07\/723162315_26389501570724004_1795488478436964202_n-1536x1121.jpg 1536w, https:\/\/www.slovaci.eu\/wp-content\/uploads\/2026\/07\/723162315_26389501570724004_1795488478436964202_n-82x60.jpg 82w, https:\/\/www.slovaci.eu\/wp-content\/uploads\/2026\/07\/723162315_26389501570724004_1795488478436964202_n.jpg 2048w\" sizes=\"auto, (max-width: 1024px) 100vw, 1024px\" \/><\/figure>\n<\/div>\n\n\n<p class=\"wp-block-paragraph\"><\/p>\n\n\n\n<p class=\"wp-block-paragraph\"><\/p>\n\n\n\n<p class=\"wp-block-paragraph\"><\/p>\n\n\n\n<p class=\"wp-block-paragraph\"><\/p>\n\n\n\n<p class=\"wp-block-paragraph\"><\/p>\n\n\n\n<p class=\"wp-block-paragraph\"><\/p>\n\n\n\n<p class=\"wp-block-paragraph\"><\/p>\n\n\n<div class=\"wp-block-image\">\n<figure class=\"aligncenter is-resized\"><a href=\"https:\/\/www.zsi.sk\/vyroba-felvideku-v-sr-pokracuje-na-plne-obratky\/\"><img decoding=\"async\" src=\"https:\/\/www.zsi.sk\/wp-content\/uploads\/Putac-vyrez-final-533x261.jpg\" alt=\"\" style=\"aspect-ratio:2.0421762544667574;width:766px;height:auto\"\/><\/a><\/figure>\n<\/div>\n\n\n<p class=\"wp-block-paragraph\">Obr. : Reklamn\u00e1 plocha na podujatie \u201eFelvid\u00e9ki V\u00e1gta\u201c v Dunajskej Strede V\u00fdroba \u201eFelvid\u00e9ku\u201c v Slovenskej republike pokra\u010duje na pln\u00e9 obr\u00e1tky. Vl\u00e1da Ma\u010farska pripravuje na \u00fazem\u00ed Slovenskej republiky \u010fal\u0161ie politicko-kult\u00farne podujatie pod n\u00e1zvom \u201eFelvid\u00e9ki v\u00e1gta\u201c, kde je Slovensko ozna\u010dovan\u00e9 hanliv\u00fdm n\u00e1zvom Felvid\u00e9k. Ide o konsk\u00e9 preteky spojen\u00e9 s&nbsp;kult\u00farnym programom, ktor\u00e9 Budape\u0161\u0165 organizuje aj v&nbsp;\u010fal\u0161\u00edch susedn\u00fdch \u0161t\u00e1toch \u2026&nbsp;<\/p>\n\n\n\n<p class=\"wp-block-paragraph\"><a href=\"https:\/\/www.zsi.sk\/vyroba-felvideku-v-sr-pokracuje-na-plne-obratky\/\">\u010c\u00edta\u0165 \u010falej Ochrana \u0161t\u00e1tneho jazyka je legit\u00edmnym cie\u013eom<\/a>,  <a href=\"https:\/\/www.zsi.sk\/\">Zdru\u017eenie slovenskej inteligencie<\/a><\/p>\n\n\n\n<p class=\"wp-block-paragraph\"><\/p>\n\n\n\n<figure class=\"wp-block-image size-large\"><img loading=\"lazy\" decoding=\"async\" width=\"1024\" height=\"509\" src=\"https:\/\/www.slovaci.eu\/wp-content\/uploads\/2026\/07\/Mad-vojsko-a-pamatnik-SNN-tojdielna-verzia-3-s-rokmi_yyz3-1024x509.jpg\" alt=\"\" class=\"wp-image-1522\" srcset=\"https:\/\/www.slovaci.eu\/wp-content\/uploads\/2026\/07\/Mad-vojsko-a-pamatnik-SNN-tojdielna-verzia-3-s-rokmi_yyz3-1024x509.jpg 1024w, https:\/\/www.slovaci.eu\/wp-content\/uploads\/2026\/07\/Mad-vojsko-a-pamatnik-SNN-tojdielna-verzia-3-s-rokmi_yyz3-300x149.jpg 300w, https:\/\/www.slovaci.eu\/wp-content\/uploads\/2026\/07\/Mad-vojsko-a-pamatnik-SNN-tojdielna-verzia-3-s-rokmi_yyz3-768x382.jpg 768w, https:\/\/www.slovaci.eu\/wp-content\/uploads\/2026\/07\/Mad-vojsko-a-pamatnik-SNN-tojdielna-verzia-3-s-rokmi_yyz3-121x60.jpg 121w, https:\/\/www.slovaci.eu\/wp-content\/uploads\/2026\/07\/Mad-vojsko-a-pamatnik-SNN-tojdielna-verzia-3-s-rokmi_yyz3.jpg 1324w\" sizes=\"auto, (max-width: 1024px) 100vw, 1024px\" \/><\/figure>\n\n\n\n<h5 class=\"wp-block-heading\"><a href=\"https:\/\/mojhlas.sk\/petition\/odstranenie-pamatnika-neludskosti-v-dunajskej-strede\/\">Verejn\u00e1 v\u00fdzva na odstr\u00e1nenie pam\u00e4tn\u00edka re\u017eimu ne\u013eudskosti v Dunajskej Strede<\/a><\/h5>\n\n\n\n<p class=\"wp-block-paragraph\"><strong>Bli\u017e\u0161ie inform\u00e1cie o t\u00e9me:<\/strong><\/p>\n\n\n\n<p class=\"wp-block-paragraph\"><strong>Ofici\u00e1lne p\u00edsomn\u00e9 svedeck\u00e9 v\u00fdpovede<\/strong>&nbsp;o \u00fatrap\u00e1ch, ktor\u00e9 pre\u017eili Slov\u00e1ci na \u00fazem\u00ed obsadenom horthyovsk\u00fdm Ma\u010farskom od novembra 1938, s\u00fa dostupn\u00e9 tu:<br><a href=\"http:\/\/mojhlas.sk\/wp-content\/uploads\/2026\/05\/Svedecke-vypovede-po-Viedenskej-arbitrazi.pdf\" target=\"_blank\" rel=\"noreferrer noopener\">Svedecke-vypovede-po-Viedenskej-arbitrazi<\/a><\/p>\n\n\n\n<p class=\"wp-block-paragraph\"><strong>Priebeh udalost\u00ed&nbsp;<\/strong>v&nbsp;kauze horthyovsk\u00e9ho pam\u00e4tn\u00edka s&nbsp;bli\u017e\u0161\u00edmi inform\u00e1ciami:<br><a href=\"http:\/\/mojhlas.sk\/wp-content\/uploads\/2026\/06\/Priebeh-udalosti-v-kauze-pamatnika.pdf\" target=\"_blank\" rel=\"noreferrer noopener\">Priebeh-udalosti-v-kauze-pamatnika<\/a><\/p>\n\n\n\n<p class=\"wp-block-paragraph\"><strong>Reakcia na klamstv\u00e1&nbsp;<\/strong>obhajcu a ob\u017ealovan\u00fdch po\u010das s\u00fadneho konania:<br><a href=\"http:\/\/mojhlas.sk\/wp-content\/uploads\/2026\/06\/Reakcia-na-klamstva-obhajcu-a-obzalovanych.pdf\" target=\"_blank\" rel=\"noreferrer noopener\">Reakcia-na-klamstva-obhajcu-a-obzalovanych<\/a><\/p>\n\n\n\n<h5 class=\"wp-block-heading\"><a href=\"https:\/\/www.facebook.com\/watch\/?v=4442326652690804\">Pre\u010do stoj\u00ed pam\u00e4tn\u00edk okup\u00e1cie v Dunajskej Strede?<\/a><\/h5>\n\n\n\n<p class=\"wp-block-paragraph\"><strong><em>Vyhl\u00e1senie<\/em><\/strong>: <em><strong>V\u0161etky pou\u017eit\u00e9 fotografie (texty) s\u00fa verejne dostupn\u00e9 o zoznam ich zdrojov je k dispoz\u00edcii u editora tejto str\u00e1nky (PhDr. Pavel Be\u0148o<\/strong><\/em>)<\/p>\n\n\n\n<p class=\"wp-block-paragraph\"><\/p>\n","protected":false},"excerpt":{"rendered":"<p>\u010co sa to tam dole vlastne deje? V\u00fdsmech Slov\u00e1kom i z\u00e1konom SR trv\u00e1 u\u017e p\u00e4\u0165 rokov \u201eDo toho Felvid\u00e9k \u2013 pre\u010d s&nbsp;Trianonom\u201c \u2013 protislovensk\u00e1 jazda motork\u00e1rov na trase Dunajsk\u00e1 Streda \u2013 \u0160t\u00farovo Obr: Motork\u00e1ri v Dunajskej Strede na podujat\u00ed Trianon 106 pred iredentistick\u00fdm pam\u00e4tn\u00edkom Podujatie pred pam\u00e4tn\u00edkom v Dunajskej Strede, ktor\u00fd je v s\u00fadnom konan\u00ed &hellip; <\/p>\n","protected":false},"author":1,"featured_media":1486,"comment_status":"open","ping_status":"open","sticky":false,"template":"","format":"standard","meta":{"footnotes":""},"categories":[1],"tags":[],"class_list":["post-977","post","type-post","status-publish","format-standard","has-post-thumbnail","hentry","category-uncategorized","latest_post"],"_links":{"self":[{"href":"https:\/\/www.slovaci.eu\/index.php?rest_route=\/wp\/v2\/posts\/977","targetHints":{"allow":["GET"]}}],"collection":[{"href":"https:\/\/www.slovaci.eu\/index.php?rest_route=\/wp\/v2\/posts"}],"about":[{"href":"https:\/\/www.slovaci.eu\/index.php?rest_route=\/wp\/v2\/types\/post"}],"author":[{"embeddable":true,"href":"https:\/\/www.slovaci.eu\/index.php?rest_route=\/wp\/v2\/users\/1"}],"replies":[{"embeddable":true,"href":"https:\/\/www.slovaci.eu\/index.php?rest_route=%2Fwp%2Fv2%2Fcomments&post=977"}],"version-history":[{"count":60,"href":"https:\/\/www.slovaci.eu\/index.php?rest_route=\/wp\/v2\/posts\/977\/revisions"}],"predecessor-version":[{"id":2479,"href":"https:\/\/www.slovaci.eu\/index.php?rest_route=\/wp\/v2\/posts\/977\/revisions\/2479"}],"wp:featuredmedia":[{"embeddable":true,"href":"https:\/\/www.slovaci.eu\/index.php?rest_route=\/wp\/v2\/media\/1486"}],"wp:attachment":[{"href":"https:\/\/www.slovaci.eu\/index.php?rest_route=%2Fwp%2Fv2%2Fmedia&parent=977"}],"wp:term":[{"taxonomy":"category","embeddable":true,"href":"https:\/\/www.slovaci.eu\/index.php?rest_route=%2Fwp%2Fv2%2Fcategories&post=977"},{"taxonomy":"post_tag","embeddable":true,"href":"https:\/\/www.slovaci.eu\/index.php?rest_route=%2Fwp%2Fv2%2Ftags&post=977"}],"curies":[{"name":"wp","href":"https:\/\/api.w.org\/{rel}","templated":true}]}}