{"id":95,"date":"2024-07-10T20:57:25","date_gmt":"2024-07-10T20:57:25","guid":{"rendered":"https:\/\/www.slovaci.eu\/?p=95"},"modified":"2025-04-04T09:22:54","modified_gmt":"2025-04-04T09:22:54","slug":"domovina-dolnozemske-srdce-slovenska-dusa","status":"publish","type":"post","link":"https:\/\/www.slovaci.eu\/?p=95","title":{"rendered":"Domovina: dolnozemsk\u00e9 srdce &amp; slovensk\u00e1 du\u0161a?"},"content":{"rendered":"\n<p class=\"wp-block-paragraph\"><strong><em>Upozornenie: Pre m\u0148a (zatia\u013e)  anonymn\u00fd\/\u00ed z\u00e1stupca\/ovia &#8222;organizovanej totality&#8220; sa rozhodli, \u017ee odstr\u00e1nia moje vide\u00e1 zo svojej platformy. Preto sa na tejto webovej str\u00e1nke nenach\u00e1dzaj\u00fa<\/em><\/strong> !!!<\/p>\n\n\n\n<p class=\"wp-block-paragraph\"><a href=\"https:\/\/www.youtube.com\/watch?v=9IteDJd1ff4\">Vatra pod hviezdami &#8230; Miroslav L\u00f3ci &amp; Adrian Fahn <\/a><\/p>\n\n\n\n<p class=\"wp-block-paragraph\"><a href=\"https:\/\/www.youtube.com\/watch?v=ScD5IRiN_NY\">SLOV\u00c1CI Z MA\u010eARSKA: 25. v\u00fdro\u010die vzniku Spolku Slov\u00e1kov z Ma\u010farska<\/a> (video &#8211; pr\u00edhovor M. Hronca)<\/p>\n\n\n\n<p class=\"wp-block-paragraph\"><a href=\"https:\/\/www.youtube.com\/watch?v=Jq2G54iUMlI\">Pocta s\u00e1la\u0161anom a komlou\u0161anom &#8230;<\/a> (kr\u00e1tke video)<\/p>\n\n\n\n<p class=\"wp-block-paragraph\"><a href=\"https:\/\/www.youtube.com\/watch?v=DLkv6HPZUlE\">Komlou\u0161sky Chlieb zo \u0160tefanovej pek\u00e1rne<\/a> (hudobn\u00fd videoklip)<\/p>\n\n\n\n<p class=\"wp-block-paragraph\"><a href=\"https:\/\/www.youtube.com\/watch?v=lTkGLN1No5Q\">Zvony zo Selen\u010da<\/a> (videoz\u00e1znam z koncertu)<\/p>\n\n\n\n<p class=\"wp-block-paragraph\"><a href=\"https:\/\/www.youtube.com\/watch?v=3glC1JBSA-U\">Vyst\u00fapenie Tane\u010dn\u00e9ho s\u00faboru Koml\u00f3\u0161 z Ma\u010farska v Galante \/ SK<\/a> (videoz\u00e1znam z vyst\u00e4penia v Galante)<\/p>\n\n\n\n<p class=\"wp-block-paragraph\"><a href=\"https:\/\/www.youtube.com\/watch?v=F-JQqD4R0iw\">Dolnozemsk\u00e9 srdce: Ing. M. Hronec o s\u00farodencoch, svadbe,pobyte v Hor. Salib\u00e1ch a \u017eivote v Bratislave<\/a> (rozhovor pred kamerou)<\/p>\n\n\n\n<p class=\"wp-block-paragraph\"><a href=\"https:\/\/www.youtube.com\/watch?v=l3Px3vTbcGs\">Dolnozemsk\u00e9 srdce: Michal Hronec uva\u017euje o domovine, domove a o svojich tzv. &#8222;kotv\u00e1ch&#8220;<\/a> (rozhovor pred kamerou)<\/p>\n\n\n\n<p class=\"wp-block-paragraph\"><a href=\"https:\/\/www.youtube.com\/watch?v=QaIL-b8w9VQ\">Domov &#8230; pod\u013ea zbormajstra Juraja S\u00fadi-ho a SZ Zvony zo Selen\u010da<\/a> (videoz\u00e1znam)<\/p>\n\n\n\n<p class=\"wp-block-paragraph\"><a href=\"https:\/\/www.youtube.com\/watch?v=nzX9PXatans\">Komlou\u0161ania I<\/a> (video)<\/p>\n\n\n\n<p class=\"wp-block-paragraph\"><a href=\"https:\/\/www.youtube.com\/watch?v=P8SWq1wcnbc\">Nevesta, \u017een\u00edch a slovensk\u00e1 svadba na Dolnej Zemi<\/a> (videoklip)<\/p>\n\n\n\n<p class=\"wp-block-paragraph\"><\/p>\n","protected":false},"excerpt":{"rendered":"<p>Upozornenie: Pre m\u0148a (zatia\u013e) anonymn\u00fd\/\u00ed z\u00e1stupca\/ovia &#8222;organizovanej totality&#8220; sa rozhodli, \u017ee odstr\u00e1nia moje vide\u00e1 zo svojej platformy. Preto sa na tejto webovej str\u00e1nke nenach\u00e1dzaj\u00fa !!! Vatra pod hviezdami &#8230; Miroslav L\u00f3ci &amp; Adrian Fahn SLOV\u00c1CI Z MA\u010eARSKA: 25. v\u00fdro\u010die vzniku Spolku Slov\u00e1kov z Ma\u010farska (video &#8211; pr\u00edhovor M. Hronca) Pocta s\u00e1la\u0161anom a komlou\u0161anom &#8230; (kr\u00e1tke &hellip; <\/p>\n","protected":false},"author":1,"featured_media":96,"comment_status":"open","ping_status":"open","sticky":false,"template":"","format":"standard","meta":{"footnotes":""},"categories":[1],"tags":[],"class_list":["post-95","post","type-post","status-publish","format-standard","has-post-thumbnail","hentry","category-uncategorized","latest_post"],"_links":{"self":[{"href":"https:\/\/www.slovaci.eu\/index.php?rest_route=\/wp\/v2\/posts\/95","targetHints":{"allow":["GET"]}}],"collection":[{"href":"https:\/\/www.slovaci.eu\/index.php?rest_route=\/wp\/v2\/posts"}],"about":[{"href":"https:\/\/www.slovaci.eu\/index.php?rest_route=\/wp\/v2\/types\/post"}],"author":[{"embeddable":true,"href":"https:\/\/www.slovaci.eu\/index.php?rest_route=\/wp\/v2\/users\/1"}],"replies":[{"embeddable":true,"href":"https:\/\/www.slovaci.eu\/index.php?rest_route=%2Fwp%2Fv2%2Fcomments&post=95"}],"version-history":[{"count":7,"href":"https:\/\/www.slovaci.eu\/index.php?rest_route=\/wp\/v2\/posts\/95\/revisions"}],"predecessor-version":[{"id":935,"href":"https:\/\/www.slovaci.eu\/index.php?rest_route=\/wp\/v2\/posts\/95\/revisions\/935"}],"wp:featuredmedia":[{"embeddable":true,"href":"https:\/\/www.slovaci.eu\/index.php?rest_route=\/wp\/v2\/media\/96"}],"wp:attachment":[{"href":"https:\/\/www.slovaci.eu\/index.php?rest_route=%2Fwp%2Fv2%2Fmedia&parent=95"}],"wp:term":[{"taxonomy":"category","embeddable":true,"href":"https:\/\/www.slovaci.eu\/index.php?rest_route=%2Fwp%2Fv2%2Fcategories&post=95"},{"taxonomy":"post_tag","embeddable":true,"href":"https:\/\/www.slovaci.eu\/index.php?rest_route=%2Fwp%2Fv2%2Ftags&post=95"}],"curies":[{"name":"wp","href":"https:\/\/api.w.org\/{rel}","templated":true}]}}