{"id":941,"date":"2025-04-04T10:21:57","date_gmt":"2025-04-04T10:21:57","guid":{"rendered":"https:\/\/www.slovaci.eu\/?p=941"},"modified":"2025-09-17T01:41:47","modified_gmt":"2025-09-17T01:41:47","slug":"originalny-slovensky-nezabudnik","status":"publish","type":"post","link":"https:\/\/www.slovaci.eu\/?p=941","title":{"rendered":"Origin\u00e1lny Slovensk\u00fd (Ne)z\u00e1budn\u00edk &#8211; BenoVideo:OSN"},"content":{"rendered":"\n<p class=\"wp-block-paragraph\"><strong><em><a href=\"http:\/\/korneakotvy.eu Fotky \u017divotn\u00ed ud\u00e1losti Soukrom\u00ed  \u00b7 Smluvn\u00ed podm\u00ednky  \u00b7 Reklamy  \u00b7 Volby reklamy   \u00b7 Cookies  \u00b7   \u00b7 Meta \u00a9 2025 P\u0159\u00edsp\u011bvky Facebook Facebook Facebook Facebook Facebook Facebook Facebook Facebook Facebook Facebook Facebook Facebook Facebook Facebook Facebook Facebook Facebook Facebook Facebook Facebook Facebook Facebook Facebook Facebook Facebook Facebook Facebook Facebook Facebook Facebook Facebook Facebook Facebook Pavel Be\u0148o 20 h  \u00b7 Sd\u00edleno s: Va\u0161i p\u0159\u00e1tel\u00e9 https:\/\/rumble.com\/v6wrj3w-dohnnyivci-z-dohnian.html\">OSNez. \u010d.28: Dohn\u00e1nyiovci z Dohnian (Osudy \u013eud\u00ed a rod\u00edn &#8230; Genealogick\u00e1 Psychobiografia) <\/a><\/em><\/strong><\/p>\n\n\n\n<p class=\"wp-block-paragraph\"><a href=\"https:\/\/rumble.com\/v6vo761-trovsk-osamelos.html\"><em><strong>OSNez. \u010d. 27: \u0160t\u00farovsk\u00e1 osamelos\u0165 <\/strong><\/em><\/a><\/p>\n\n\n\n<p class=\"wp-block-paragraph\"><strong><em><a href=\"https:\/\/www.linkedin.com\/in\/pavel-be%C5%88o-ba46ab2b3\/recent-activity\/all\">OSNez. \u010d. 26: Potrestan\u00fd bojovn\u00edk (Ferdi\u0161 Juriga &#8211; 2.\u010das\u0165)<\/a><\/em><\/strong><\/p>\n\n\n\n<p class=\"wp-block-paragraph\"><strong><em><a href=\"https:\/\/www.linkedin.com\/feed\/update\/urn:li:ugcPost:7313846320262250496\/\">OSNez. \u010d. 25: Pri\u0161iel ten \u010das! (Ferdi\u0161 Juriga &#8211; 1.\u010das\u0165)<\/a><\/em><\/strong><\/p>\n\n\n\n<p class=\"wp-block-paragraph\"><strong><em><a href=\"https:\/\/www.linkedin.com\/feed\/update\/urn:li:ugcPost:7313843806649372674\">OSNez. \u010d. 24: Cti\u017eiados\u0165 b\u00e1snikova a re\u010d materinsk\u00e1 (A. Petoefi-Petrovi\u010d)<\/a><\/em><\/strong><\/p>\n\n\n\n<p class=\"wp-block-paragraph\"><strong><em><a href=\"https:\/\/www.linkedin.com\/feed\/update\/urn:li:ugcPost:7313841804951388160\">OSNez. \u010d. 23: Andrej Sl\u00e1dkovi\u010d &#8211; S l\u00e1skou je \u017eivot kraj\u0161\u00ed &#8230; a krat\u0161\u00ed!<\/a><\/em><\/strong><\/p>\n\n\n\n<p class=\"wp-block-paragraph\"><strong><em><a href=\"https:\/\/www.linkedin.com\/feed\/update\/urn:li:ugcPost:7313838287884873728\/\">OSNez. \u010d.22: Peter Michal Boh\u00fa\u0148 &#8211; maliar prenikav\u00fdch o\u010d\u00ed<\/a><\/em><\/strong><\/p>\n\n\n\n<p class=\"wp-block-paragraph\"><strong><em><a href=\"https:\/\/www.linkedin.com\/feed\/update\/urn:li:ugcPost:7313837485300600833\/\">OSNez. \u010d. 21: J\u00e1n Holl\u00fd<\/a><\/em><\/strong><\/p>\n\n\n\n<p class=\"wp-block-paragraph\"><strong><em><a href=\"https:\/\/www.linkedin.com\/feed\/update\/urn:li:ugcPost:7313837051911565312\/\">OSNez. \u010d. 20: S\u00e1muel Dobroslav \u0160tefanovi\u010d<\/a><\/em><\/strong><\/p>\n\n\n\n<p class=\"wp-block-paragraph\"><strong><em><a href=\"https:\/\/www.linkedin.com\/feed\/update\/urn:li:ugcPost:7313836281229176832\/\">OSNez. \u010d.19: Pavol Jozef \u0160af\u00e1rik <\/a><\/em><\/strong><\/p>\n\n\n\n<p class=\"wp-block-paragraph\"><strong><em><a href=\"https:\/\/www.linkedin.com\/feed\/update\/urn:li:ugcPost:7313835102738788352\/\">OSNez. \u010d.18: Domov &#8230; (Anton Bernol\u00e1k)<\/a><\/em><\/strong><\/p>\n\n\n\n<p class=\"wp-block-paragraph\"><strong><em><a href=\"https:\/\/www.linkedin.com\/feed\/update\/urn:li:ugcPost:7313833339440828419\/\">OSNez. \u010d.17: Jozef Ign\u00e1c Bajza<\/a><\/em><\/strong> <\/p>\n\n\n\n<p class=\"wp-block-paragraph\"><em><strong><a href=\"https:\/\/www.linkedin.com\/feed\/update\/urn:li:ugcPost:7313832705446612992\/\">OSNez. \u010d.16: Juraj F\u00e1ndly <\/a><\/strong><\/em>&#8211; \u00fatly protestuj\u00faci katol\u00edk<\/p>\n\n\n\n<p class=\"wp-block-paragraph\"><strong><em><a href=\"https:\/\/www.linkedin.com\/feed\/update\/urn:li:ugcPost:7313832048694034433\/\">OSNez. \u010d.15: Janko Vlastimil Mat\u00fa\u0161ka <\/a><\/em><\/strong><\/p>\n\n\n\n<p class=\"wp-block-paragraph\"><strong><em><a href=\"https:\/\/www.linkedin.com\/feed\/update\/urn:li:ugcPost:7313831236739751937\/\">OSNez. \u010d.14: Spolo\u010dn\u00e1 na\u0161a re\u010d<\/a><\/em><\/strong><\/p>\n\n\n\n<p class=\"wp-block-paragraph\"><strong><em><a href=\"https:\/\/www.linkedin.com\/feed\/update\/urn:li:ugcPost:7313828943722086403\/\">OSNez. \u010d.13: Janko Kr\u00e1\u013e &#8230; divn\u00fd a zakliaty<\/a><\/em><\/strong><\/p>\n\n\n\n<p class=\"wp-block-paragraph\"><strong><em><a href=\"https:\/\/www.linkedin.com\/feed\/update\/urn:li:ugcPost:7313827899428536320\/\">OSNez. \u010d.12: Koll\u00e1rovi vr\u00e1ten\u00fd duk\u00e1t<\/a><\/em><\/strong><\/p>\n\n\n\n<p class=\"wp-block-paragraph\"><strong><em><a href=\"https:\/\/www.linkedin.com\/feed\/update\/urn:li:ugcPost:7313675847696044032\/\">OSNez. \u010d.11: Mobbing Politicus (Smutn\u00fd koniec M.M. Hod\u017eu)<\/a><\/em><\/strong><\/p>\n\n\n\n<p class=\"wp-block-paragraph\"><strong><em><a href=\"https:\/\/www.linkedin.com\/feed\/update\/urn:li:activity:7313674276799152128\/\">OSNez. \u010d. 10: Slovensk\u00e9 siroty na \u00fateku &#8230;<\/a><\/em><\/strong><\/p>\n\n\n\n<p class=\"wp-block-paragraph\"><strong><em><a href=\"https:\/\/www.linkedin.com\/feed\/update\/urn:li:activity:7313673445811060737\/\">OSNez. \u010d.9: Domov, hviezdy a re\u010d materinsk\u00e1 (P.O.Hviezdoslav)<\/a><\/em><\/strong><\/p>\n\n\n\n<p class=\"wp-block-paragraph\"><strong><em><a href=\"https:\/\/www.linkedin.com\/feed\/update\/urn:li:ugcPost:7313671672761372673\/\">OSNez. \u010d.8: Lek\u00e1ri, pacifisti, rusofilovia (\u0160kavran &amp; Makovick\u00fd)<\/a><\/em><\/strong><\/p>\n\n\n\n<p class=\"wp-block-paragraph\"><strong><em><a href=\"https:\/\/www.linkedin.com\/feed\/update\/urn:li:activity:7313670884613840898\/\">OSNez. \u010d.7: Dvaja kamar\u00e1ti-dezol\u00e1ti (Kr\u00e1\u013e a Rotarides)<\/a><\/em><\/strong><\/p>\n\n\n\n<p class=\"wp-block-paragraph\"><strong><em><a href=\"https:\/\/www.linkedin.com\/feed\/update\/urn:li:ugcPost:7313667503522471936\/\">OSNez. \u010d.6: Pekn\u00fd Janko a spanil\u00e1 Ani\u010dka<\/a><\/em><\/strong><\/p>\n\n\n\n<p class=\"wp-block-paragraph\"><strong><em><a href=\"https:\/\/www.linkedin.com\/feed\/update\/urn:li:ugcPost:7313665901894008832\/\">OSNez. \u010d.5: Svojich otcov synovia<\/a><\/em><\/strong><\/p>\n\n\n\n<p class=\"wp-block-paragraph\"><strong><em><a href=\"https:\/\/www.linkedin.com\/feed\/update\/urn:li:ugcPost:7313664805591027713\/\">OSNez. \u010d.4: Hod\u017eove besy&#8230;<\/a><\/em><\/strong><\/p>\n\n\n\n<p class=\"wp-block-paragraph\"><strong><em><a href=\"https:\/\/www.linkedin.com\/feed\/update\/urn:li:ugcPost:7313654759616372736\/\">Origin\u00e1lny Slovensk\u00fd (Ne)z\u00e1budn\u00edk (OSNez.) \u010d. 3: Dvaja slovensk\u00ed mart\u00fdri pochovan\u00ed v Hlohovci-\u0160ulekove<\/a><\/em><\/strong><\/p>\n\n\n\n<p class=\"wp-block-paragraph\"><strong><em><a href=\"https:\/\/www.linkedin.com\/feed\/update\/urn:li:ugcPost:7313650020505800707\/\">Origin\u00e1lny Slovensk\u00fd (Ne)z\u00e1budn\u00edk (OSNez.) \u010d.2: Opusten\u00ed a obesen\u00ed &#8230;<\/a><\/em><\/strong><\/p>\n\n\n\n<p class=\"wp-block-paragraph\"><strong><em><a href=\"https:\/\/www.linkedin.com\/feed\/update\/urn:li:activity:7313647703140306944\/\">Origin\u00e1lny Slovensk\u00fd (Ne)z\u00e1budn\u00edk \u010d.1 : Traja mlad\u00ed mat\u00fdri z Myjavsk\u00fdch Kopan\u00edc<\/a><\/em><\/strong><\/p>\n","protected":false},"excerpt":{"rendered":"<p>OSNez. \u010d.28: Dohn\u00e1nyiovci z Dohnian (Osudy \u013eud\u00ed a rod\u00edn &#8230; Genealogick\u00e1 Psychobiografia) OSNez. \u010d. 27: \u0160t\u00farovsk\u00e1 osamelos\u0165 OSNez. \u010d. 26: Potrestan\u00fd bojovn\u00edk (Ferdi\u0161 Juriga &#8211; 2.\u010das\u0165) OSNez. \u010d. 25: Pri\u0161iel ten \u010das! (Ferdi\u0161 Juriga &#8211; 1.\u010das\u0165) OSNez. \u010d. 24: Cti\u017eiados\u0165 b\u00e1snikova a re\u010d materinsk\u00e1 (A. Petoefi-Petrovi\u010d) OSNez. \u010d. 23: Andrej Sl\u00e1dkovi\u010d &#8211; S l\u00e1skou je &hellip; <\/p>\n","protected":false},"author":1,"featured_media":11,"comment_status":"open","ping_status":"open","sticky":false,"template":"","format":"standard","meta":{"footnotes":""},"categories":[1],"tags":[],"class_list":["post-941","post","type-post","status-publish","format-standard","has-post-thumbnail","hentry","category-uncategorized","latest_post"],"_links":{"self":[{"href":"https:\/\/www.slovaci.eu\/index.php?rest_route=\/wp\/v2\/posts\/941","targetHints":{"allow":["GET"]}}],"collection":[{"href":"https:\/\/www.slovaci.eu\/index.php?rest_route=\/wp\/v2\/posts"}],"about":[{"href":"https:\/\/www.slovaci.eu\/index.php?rest_route=\/wp\/v2\/types\/post"}],"author":[{"embeddable":true,"href":"https:\/\/www.slovaci.eu\/index.php?rest_route=\/wp\/v2\/users\/1"}],"replies":[{"embeddable":true,"href":"https:\/\/www.slovaci.eu\/index.php?rest_route=%2Fwp%2Fv2%2Fcomments&post=941"}],"version-history":[{"count":13,"href":"https:\/\/www.slovaci.eu\/index.php?rest_route=\/wp\/v2\/posts\/941\/revisions"}],"predecessor-version":[{"id":973,"href":"https:\/\/www.slovaci.eu\/index.php?rest_route=\/wp\/v2\/posts\/941\/revisions\/973"}],"wp:featuredmedia":[{"embeddable":true,"href":"https:\/\/www.slovaci.eu\/index.php?rest_route=\/wp\/v2\/media\/11"}],"wp:attachment":[{"href":"https:\/\/www.slovaci.eu\/index.php?rest_route=%2Fwp%2Fv2%2Fmedia&parent=941"}],"wp:term":[{"taxonomy":"category","embeddable":true,"href":"https:\/\/www.slovaci.eu\/index.php?rest_route=%2Fwp%2Fv2%2Fcategories&post=941"},{"taxonomy":"post_tag","embeddable":true,"href":"https:\/\/www.slovaci.eu\/index.php?rest_route=%2Fwp%2Fv2%2Ftags&post=941"}],"curies":[{"name":"wp","href":"https:\/\/api.w.org\/{rel}","templated":true}]}}