{"id":53,"date":"2024-07-10T15:57:00","date_gmt":"2024-07-10T15:57:00","guid":{"rendered":"https:\/\/www.slovaci.eu\/?p=53"},"modified":"2025-04-04T09:27:04","modified_gmt":"2025-04-04T09:27:04","slug":"presidlenci-z-dolnej-zeme","status":"publish","type":"post","link":"https:\/\/www.slovaci.eu\/?p=53","title":{"rendered":"Slovensk\u00ed pres\u00eddlenci z Dolnej zeme &#8230; (V\u00fdmena obyvate\u013eov&#8230;?)"},"content":{"rendered":"\n<p class=\"wp-block-paragraph\"><strong><em>Upozornenie: Pre m\u0148a (zatia\u013e)  anonymn\u00fd\/\u00ed z\u00e1stupca\/ovia &#8222;organizovanej totality&#8220; sa rozhodli, \u017ee odstr\u00e1nia moje vide\u00e1 zo svojej platformy. Preto sa na tejto webovej str\u00e1nke nenach\u00e1dzaj\u00fa<\/em><\/strong> !!!<\/p>\n\n\n\n<p class=\"wp-block-paragraph\"><a href=\"https:\/\/www.youtube.com\/watch?v=M9dvEvbUiE4\">Ing. Matej Skalnick\u00fd a jeho fotografie<\/a><\/p>\n\n\n\n<p class=\"wp-block-paragraph\"><a href=\"https:\/\/www.youtube.com\/watch?v=ONUqNhtbi4Q\">Ondrej Francisci a jeho Zdravica &#8230; <\/a><\/p>\n\n\n\n<p class=\"wp-block-paragraph\"><a href=\"https:\/\/www.youtube.com\/watch?v=KWLo9iP1E9Y\">Moji krajania pres\u00eddlenci: Martin Kri\u0161ka <\/a><\/p>\n\n\n\n<p class=\"wp-block-paragraph\"><a href=\"https:\/\/www.youtube.com\/watch?v=HL3lNtiNjA0\">Korene &amp; Kotvy: Pani Betka z Mat\u00fa\u0161kova (\u0161trukturovan\u00fd rozhovor pred kamerou)<\/a><\/p>\n\n\n\n<p class=\"wp-block-paragraph\"><a href=\"https:\/\/www.youtube.com\/watch?v=CaSBam29UPA\">Dolnozemsk\u00e9 srdce a slovensk\u00e1 du\u0161a: Veselica v Horn\u00fdch Salib\u00e1ch\/SK <\/a><\/p>\n\n\n\n<p class=\"wp-block-paragraph\"><a href=\"https:\/\/www.youtube.com\/watch?v=-i4lKAnQjtk\">Vernis\u00e1\u017e a pozv\u00e1nka na v\u00fdstavu fotografi\u00ed Mateja Skalnick\u00e9ho <\/a><\/p>\n\n\n\n<p class=\"wp-block-paragraph\"><a href=\"https:\/\/www.youtube.com\/watch?v=fqRdPT0eV20\">Ako si zostavi\u0165 vlastn\u00fd rodokme\u0148? &#8211; Predn\u00e1\u0161ka ing. Juraja Hovorku <\/a><\/p>\n\n\n\n<p class=\"wp-block-paragraph\"><a href=\"https:\/\/www.youtube.com\/watch?v=eSdCgJeQPWw\">Ma\u0165 vol\u00e1 &#8211; 70. v\u00fdro\u010die a stretnutie na \u017eel. stanici v Seredi<\/a><\/p>\n\n\n\n<p class=\"wp-block-paragraph\"><a href=\"https:\/\/www.youtube.com\/watch?v=OVJQ6yqLLTk\">Slov\u00e1ci z Ma\u010farska: P\u00e1n Michal Majo<\/a><\/p>\n\n\n\n<p class=\"wp-block-paragraph\"><a href=\"https:\/\/www.youtube.com\/watch?v=tTuje_QxziY\">Moji krajania pres\u00eddlenci: Juraj Lauko ml.<\/a><\/p>\n\n\n\n<p class=\"wp-block-paragraph\"><a href=\"https:\/\/www.youtube.com\/watch?v=Gr7O_aLFF-M\">Moji krajania pres\u00eddlenci: P\u00e1n \u0160tefan Ro\u010dk\u00e1r z Ve\u013ek\u00fdch \u00da\u013ean \/SK<\/a><\/p>\n\n\n\n<p class=\"wp-block-paragraph\"><a href=\"https:\/\/www.youtube.com\/watch?v=bb6uholSWdc\">Moji krajania pres\u00eddlenci: P\u00e1n Adam Jasovsk\u00fd, nar. 1908, pres\u00eddlen\u00fd z Pitvarosu\/HU do Malej Ma\u010de\/SK <\/a><\/p>\n\n\n\n<p class=\"wp-block-paragraph\"><a href=\"https:\/\/www.youtube.com\/watch?v=5NJ_je2-5LU\">Moji krajania pres\u00eddlenci: Man\u017eelia J\u00e1n a M\u00e1ria \u010eurovkov\u00e1 z Mat\u00fa\u0161kova <\/a><\/p>\n\n\n\n<p class=\"wp-block-paragraph\"><a href=\"https:\/\/www.youtube.com\/watch?v=Y5kV6JmPhmk\">Moji krajania pres\u00eddlenci: Pan\u00ed Anna Kr\u00e1likov\u00e1 z Mat\u00fa\u0161kova<\/a><\/p>\n\n\n\n<p class=\"wp-block-paragraph\"><a href=\"https:\/\/www.youtube.com\/watch?v=9bSsvaqEa-A\">Moji Krajania pres\u00eddlenci: Pani Helena Hovorkov\u00e1 z Horn\u00fdch Sal\u00edb <\/a><\/p>\n\n\n\n<p class=\"wp-block-paragraph\"><a href=\"https:\/\/www.youtube.com\/watch?v=d3I1aR_XOM0\">Moji krajania pres\u00eddlenci: Pani Al\u017ebeta Haitlerov\u00e1 z Doln\u00fdch Sal\u00edb<\/a><\/p>\n\n\n\n<p class=\"wp-block-paragraph\"><a href=\"https:\/\/www.youtube.com\/watch?v=J8jv_mNH6u4\">Moji krajania pres\u00eddlenci: Pani Zuzana Koh\u00fatov\u00e1 z Vozokan<\/a><\/p>\n\n\n\n<p class=\"wp-block-paragraph\"><a href=\"https:\/\/www.youtube.com\/watch?v=UcR3OH7i1Bc\">Moji krajania pres\u00eddlenci: Pani Al\u017ebeta Ga\u017eov\u00e1 z Galanty<\/a><\/p>\n\n\n\n<p class=\"wp-block-paragraph\"><a href=\"https:\/\/www.youtube.com\/watch?v=lpbfsmG_3VY\">Moji krajania pres\u00eddlenci: Pani M\u00e1ria Gu\u013ek\u00e1\u0161ov\u00e1<\/a><\/p>\n\n\n\n<p class=\"wp-block-paragraph\"><a href=\"https:\/\/www.youtube.com\/watch?v=HWx4KDH_v-4\">Moji krajania pres\u00eddlenci: P\u00e1n Michal Fabrick\u00fd z Mat\u00fa\u0161kova<\/a><\/p>\n\n\n\n<p class=\"wp-block-paragraph\"><a href=\"https:\/\/www.youtube.com\/watch?v=O2hym8JdWT0\">Moji Krajania pres\u00eddlenci: Al\u017ebeta L\u00f3ciov\u00e1 z \u010ciernej Vody\/SK <\/a><\/p>\n\n\n\n<p class=\"wp-block-paragraph\"><a href=\"https:\/\/www.youtube.com\/watch?v=maxxXRRo3Tg\">Stretnutie pres\u00eddlencov v Mat\u00fa\u0161kove \/ SK &#8230; (1997)<\/a><\/p>\n","protected":false},"excerpt":{"rendered":"<p>Upozornenie: Pre m\u0148a (zatia\u013e) anonymn\u00fd\/\u00ed z\u00e1stupca\/ovia &#8222;organizovanej totality&#8220; sa rozhodli, \u017ee odstr\u00e1nia moje vide\u00e1 zo svojej platformy. Preto sa na tejto webovej str\u00e1nke nenach\u00e1dzaj\u00fa !!! Ing. Matej Skalnick\u00fd a jeho fotografie Ondrej Francisci a jeho Zdravica &#8230; Moji krajania pres\u00eddlenci: Martin Kri\u0161ka Korene &amp; Kotvy: Pani Betka z Mat\u00fa\u0161kova (\u0161trukturovan\u00fd rozhovor pred kamerou) Dolnozemsk\u00e9 srdce &hellip; <\/p>\n","protected":false},"author":1,"featured_media":56,"comment_status":"open","ping_status":"open","sticky":false,"template":"","format":"standard","meta":{"footnotes":""},"categories":[1],"tags":[],"class_list":["post-53","post","type-post","status-publish","format-standard","has-post-thumbnail","hentry","category-uncategorized","latest_post"],"_links":{"self":[{"href":"https:\/\/www.slovaci.eu\/index.php?rest_route=\/wp\/v2\/posts\/53","targetHints":{"allow":["GET"]}}],"collection":[{"href":"https:\/\/www.slovaci.eu\/index.php?rest_route=\/wp\/v2\/posts"}],"about":[{"href":"https:\/\/www.slovaci.eu\/index.php?rest_route=\/wp\/v2\/types\/post"}],"author":[{"embeddable":true,"href":"https:\/\/www.slovaci.eu\/index.php?rest_route=\/wp\/v2\/users\/1"}],"replies":[{"embeddable":true,"href":"https:\/\/www.slovaci.eu\/index.php?rest_route=%2Fwp%2Fv2%2Fcomments&post=53"}],"version-history":[{"count":22,"href":"https:\/\/www.slovaci.eu\/index.php?rest_route=\/wp\/v2\/posts\/53\/revisions"}],"predecessor-version":[{"id":938,"href":"https:\/\/www.slovaci.eu\/index.php?rest_route=\/wp\/v2\/posts\/53\/revisions\/938"}],"wp:featuredmedia":[{"embeddable":true,"href":"https:\/\/www.slovaci.eu\/index.php?rest_route=\/wp\/v2\/media\/56"}],"wp:attachment":[{"href":"https:\/\/www.slovaci.eu\/index.php?rest_route=%2Fwp%2Fv2%2Fmedia&parent=53"}],"wp:term":[{"taxonomy":"category","embeddable":true,"href":"https:\/\/www.slovaci.eu\/index.php?rest_route=%2Fwp%2Fv2%2Fcategories&post=53"},{"taxonomy":"post_tag","embeddable":true,"href":"https:\/\/www.slovaci.eu\/index.php?rest_route=%2Fwp%2Fv2%2Ftags&post=53"}],"curies":[{"name":"wp","href":"https:\/\/api.w.org\/{rel}","templated":true}]}}