{"id":267,"date":"2024-08-18T18:19:37","date_gmt":"2024-08-18T18:19:37","guid":{"rendered":"https:\/\/www.slovaci.eu\/?p=267"},"modified":"2025-04-04T09:20:09","modified_gmt":"2025-04-04T09:20:09","slug":"demogram-fotografie-ako-nastroj-pre-senzitivizaciu-zcitlivenie-v-oblasti-vztahov-v-rodine-a-prip-aj-inde","status":"publish","type":"post","link":"https:\/\/www.slovaci.eu\/?p=267","title":{"rendered":"Demogram &#8211; fotografia ako n\u00e1stroj mapovania a senzitiviz\u00e1cie (zcitlivenia) v oblasti vz\u0165ahov &#8211; v rodine \u010di inde&#8230;"},"content":{"rendered":"\n<p class=\"wp-block-paragraph\"><strong><em>Upozornenie: Pre m\u0148a (zatia\u013e)  anonymn\u00fd\/\u00ed z\u00e1stupca\/ovia &#8222;organizovanej totality&#8220; sa rozhodli, \u017ee odstr\u00e1nia moje vide\u00e1 zo svojej platformy. Preto sa na tejto webovej str\u00e1nke nenach\u00e1dzaj\u00fa<\/em><\/strong> !!!<\/p>\n\n\n\n<p class=\"wp-block-paragraph\">Sme (iba?) pokra\u010dovate\u013emi l\u00ednie na\u0161ich predkov, \u010di u\u017e sa n\u00e1m to p\u00e1\u010di alebo nie! Rodi\u010dov, star\u00fdch a prastar\u00fdch rodi\u010dov, a tak \u010falej. M\u00f4\u017eeme ich pozna\u0165 alebo aj nie, m\u00f4\u017eeme ich zabudn\u00fa\u0165 alebo dokonca zavrhn\u00fa\u0165, ale st\u00e1le sme a budeme s nimi st\u00e1le nejak\u00fdm sp\u00f4sobom &#8222;zviazan\u00ed&#8220;. Nerozlu\u010dne a definit\u00edvne &#8230;<\/p>\n\n\n\n<p class=\"wp-block-paragraph\"><strong>\u010ces\u0165 ich pamiatke a v\u010faka im za na\u0161u vlastn\u00fa existenciu! <\/strong><\/p>\n\n\n\n<p class=\"wp-block-paragraph\"> \u013dudia, ktor\u00ed si myslia, \u017ee venova\u0165 sa rodinej hist\u00f3rii je stratou \u010dasu sa m\u00fdlia. V odbornej literat\u00fare z oblasti psychogene\u00e1l\u00f3gie sa spom\u00edna tzv. transgenera\u010dn\u00fd prenos &#8211; v dobrom aj zlom. V tom &#8222;zlom&#8220; by to mohlo znamena\u0165 aj to, \u017ee pretrv\u00e1vaj\u00face a nyvyrie\u0161en\u00e9 rodinn\u00e9 konflikty s\u00fa ak\u00fdmsi nechcen\u00fdm &#8211; a \u010dasto aj nevedom\u00fdm &#8211; dedi\u010dstvom po na\u0161ich predkoch. Rodi\u010doch, star\u00fdch a prastar\u00fdch rodi\u010doch, a tak \u010falej &#8230;<\/p>\n\n\n\n<p class=\"wp-block-paragraph\">Pojem &#8222;<strong>demogram<\/strong>&#8220; by v\u00e1s mohol a mal &#8211; a iste nie n\u00e1hodou &#8211; odkazova\u0165 na term\u00edn &#8222;<strong>genogram<\/strong>&#8222;. <em>A \u010do  je genogram?<\/em> &#8211; Je to sp\u00f4sob mapovania a vytvorenie &#8222;diagramu rodinn\u00fdch vz\u0165ahov &#8211; teda grafick\u00e9 zn\u00e1zornenie vz\u0165ahov a ich obsahu v nejakej konkr\u00e9tnej podobe a v nejakej konkr\u00e9tnej rodine \u010di skupine. Medzi rodi\u010dmi, rodi\u010dmi a ich de\u0165mi, medzi s\u00farodencami, a pokia\u013e o tom nie\u010do vieme aj z poh\u013eadu nieko\u013ek\u00fdch gener\u00e1ci\u00ed. <strong>Aspo\u0148 troch!<\/strong> (Ale aj v nejakej soc. skupine &#8211; podobne ako sa to deje v sociometrii.)  <\/p>\n\n\n\n<p class=\"wp-block-paragraph\">Za prv\u00fd krok na tejto u\u017eito\u010dnej &#8211; a \u010dasto aj dobrodru\u017enej &#8211; ceste pova\u017eujeme <strong>vytvorenie demgramu<\/strong>. To obn\u00e1\u0161a vyh\u013eadanie a zadokumentovanie &#8211; pr\u00edp. aj \u010fal\u0161ie zpracovanie a prezent\u00e1ciu &#8211; fotografi\u00ed, ktor\u00e9 sa n\u00e1m podar\u00ed zhroma\u017edi\u0165 k t\u00e9me &#8222;vz\u0165ahov\u00e1 mapa&#8220;, ktor\u00e1 n\u00e1s zauj\u00edma. \u010ci u\u017e ide o p\u00e1tranie po vlastnostiach, nemociach, konfliktoch alebo naopak &#8211; tvoriv\u00fd potenci\u00e1l v l\u00ednii na\u0161ich predkov.<\/p>\n\n\n\n<p class=\"wp-block-paragraph\">Demogram ba tak mohol by\u0165 nielen peknou <strong>foto-spomienkou<\/strong> na \u013eud\u00ed z na\u0161ej rodovej l\u00ednie, ale aj prv\u00fdm u\u017eito\u010dn\u00fdm krokom smerom k vytvorenie genogramu. A zostavenie genogramu m\u00e1 potenci\u00e1l &#8211; ako sa o tom napr. p\u00ed\u0161e aj v odbornej literat\u00fare &#8211; pri h\u013eadan\u00ed v\u00fdchod\u00edsk a rie\u0161en\u00ed r\u00f4znych zlo\u017eit\u00fdch a \u0165a\u017ek\u00fdch \u017eivotn\u00fdch situ\u00e1ci\u00ed &#8211; pr\u00ed\u010din z\u00e1va\u017en\u00fdch chor\u00f4b, soci\u00e1lnych konfliktov a toxick\u00fdch vz\u0165ahov, atp. .<\/p>\n\n\n<div class=\"wp-block-image\">\n<figure class=\"aligncenter size-full is-resized\"><img loading=\"lazy\" decoding=\"async\" width=\"1024\" height=\"1024\" src=\"https:\/\/www.slovaci.eu\/wp-content\/uploads\/2024\/08\/image.png\" alt=\"\" class=\"wp-image-286\" style=\"width:327px;height:auto\" srcset=\"https:\/\/www.slovaci.eu\/wp-content\/uploads\/2024\/08\/image.png 1024w, https:\/\/www.slovaci.eu\/wp-content\/uploads\/2024\/08\/image-300x300.png 300w, https:\/\/www.slovaci.eu\/wp-content\/uploads\/2024\/08\/image-150x150.png 150w, https:\/\/www.slovaci.eu\/wp-content\/uploads\/2024\/08\/image-768x768.png 768w, https:\/\/www.slovaci.eu\/wp-content\/uploads\/2024\/08\/image-60x60.png 60w\" sizes=\"auto, (max-width: 1024px) 100vw, 1024px\" \/><\/figure>\n<\/div>\n\n\n<p class=\"wp-block-paragraph\"><\/p>\n\n\n\n<p class=\"wp-block-paragraph\">Ak sa zauj\u00edmate podrobnej\u0161ie o t\u00fato t\u00e9matiku (genogramy, psycho-geneal\u00f3gia) a uva\u017eujete o vytvoren\u00edn &#8222;demogramu&#8220;,  m\u00f4\u017eete pritom vyu\u017ei\u0165 aj na\u0161e sk\u00fasenosti, podporu a pomoc.  Nev\u00e1hajte a kontaktujte n\u00e1s prostredn\u00edctvom na\u0161ich e-mailov\u00fdch adries: <strong><em>info@koreneakotvy.eu<\/em><\/strong>, pr\u00edp. <strong><em>info@slovaci.eu<\/em><\/strong>.<\/p>\n\n\n\n<h3 class=\"wp-block-heading\">Demogram &#8211; uk\u00e1\u017eky a pr\u00edklady <\/h3>\n\n\n\n<p class=\"wp-block-paragraph\"><a href=\"https:\/\/www.youtube.com\/watch?v=m29h79u3S_k\">Demogram (ne\u00fapln\u00fd): Jozef La\u0161\u0161\u00e1k<\/a><\/p>\n\n\n\n<p class=\"wp-block-paragraph\"><a href=\"https:\/\/www.youtube.com\/watch?v=1rfReEC5XlM\">Demogram: \u0160tefan Lehock\u00fd<\/a><\/p>\n\n\n\n<figure class=\"wp-block-embed is-type-video is-provider-youtube wp-block-embed-youtube wp-embed-aspect-4-3 wp-has-aspect-ratio\"><div class=\"wp-block-embed__wrapper\">\n<iframe loading=\"lazy\" title=\"Demogram: Ing. Matej Skalnick\u00fd\" width=\"790\" height=\"593\" src=\"https:\/\/www.youtube.com\/embed\/WRScmUnhVPQ?feature=oembed\" frameborder=\"0\" allow=\"accelerometer; autoplay; clipboard-write; encrypted-media; gyroscope; picture-in-picture; web-share\" referrerpolicy=\"strict-origin-when-cross-origin\" allowfullscreen><\/iframe>\n<\/div><\/figure>\n\n\n\n<figure class=\"wp-block-embed is-type-video is-provider-youtube wp-block-embed-youtube wp-embed-aspect-16-9 wp-has-aspect-ratio\"><div class=\"wp-block-embed__wrapper\">\n<iframe loading=\"lazy\" title=\"Sestri\u010dka, vr\u00e1\u0165 sa!\" width=\"790\" height=\"444\" src=\"https:\/\/www.youtube.com\/embed\/JEHNGClirns?feature=oembed\" frameborder=\"0\" allow=\"accelerometer; autoplay; clipboard-write; encrypted-media; gyroscope; picture-in-picture; web-share\" referrerpolicy=\"strict-origin-when-cross-origin\" allowfullscreen><\/iframe>\n<\/div><\/figure>\n\n\n\n<figure class=\"wp-block-embed is-type-video is-provider-youtube wp-block-embed-youtube wp-embed-aspect-4-3 wp-has-aspect-ratio\"><div class=\"wp-block-embed__wrapper\">\n<iframe loading=\"lazy\" title=\"... jako t\u00e1ta\" width=\"790\" height=\"593\" src=\"https:\/\/www.youtube.com\/embed\/0HhuGF5YVWw?feature=oembed\" frameborder=\"0\" allow=\"accelerometer; autoplay; clipboard-write; encrypted-media; gyroscope; picture-in-picture; web-share\" referrerpolicy=\"strict-origin-when-cross-origin\" allowfullscreen><\/iframe>\n<\/div><\/figure>\n\n\n\n<figure class=\"wp-block-embed is-type-video is-provider-youtube wp-block-embed-youtube wp-embed-aspect-16-9 wp-has-aspect-ratio\"><div class=\"wp-block-embed__wrapper\">\n<iframe loading=\"lazy\" title=\"La mamma \/ mama\" width=\"790\" height=\"444\" src=\"https:\/\/www.youtube.com\/embed\/iqgVs6ClJLk?feature=oembed\" frameborder=\"0\" allow=\"accelerometer; autoplay; clipboard-write; encrypted-media; gyroscope; picture-in-picture; web-share\" referrerpolicy=\"strict-origin-when-cross-origin\" allowfullscreen><\/iframe>\n<\/div><\/figure>\n\n\n\n<figure class=\"wp-block-embed is-type-video is-provider-youtube wp-block-embed-youtube wp-embed-aspect-16-9 wp-has-aspect-ratio\"><div class=\"wp-block-embed__wrapper\">\n<iframe loading=\"lazy\" title=\"Otec m\u00f4j\" width=\"790\" height=\"444\" src=\"https:\/\/www.youtube.com\/embed\/L8Uf6DpF2hw?feature=oembed\" frameborder=\"0\" allow=\"accelerometer; autoplay; clipboard-write; encrypted-media; gyroscope; picture-in-picture; web-share\" referrerpolicy=\"strict-origin-when-cross-origin\" allowfullscreen><\/iframe>\n<\/div><\/figure>\n","protected":false},"excerpt":{"rendered":"<p>Upozornenie: Pre m\u0148a (zatia\u013e) anonymn\u00fd\/\u00ed z\u00e1stupca\/ovia &#8222;organizovanej totality&#8220; sa rozhodli, \u017ee odstr\u00e1nia moje vide\u00e1 zo svojej platformy. Preto sa na tejto webovej str\u00e1nke nenach\u00e1dzaj\u00fa !!! Sme (iba?) pokra\u010dovate\u013emi l\u00ednie na\u0161ich predkov, \u010di u\u017e sa n\u00e1m to p\u00e1\u010di alebo nie! Rodi\u010dov, star\u00fdch a prastar\u00fdch rodi\u010dov, a tak \u010falej. M\u00f4\u017eeme ich pozna\u0165 alebo aj nie, m\u00f4\u017eeme ich &hellip; <\/p>\n","protected":false},"author":1,"featured_media":270,"comment_status":"open","ping_status":"open","sticky":false,"template":"","format":"standard","meta":{"footnotes":""},"categories":[1],"tags":[],"class_list":["post-267","post","type-post","status-publish","format-standard","has-post-thumbnail","hentry","category-uncategorized","latest_post"],"_links":{"self":[{"href":"https:\/\/www.slovaci.eu\/index.php?rest_route=\/wp\/v2\/posts\/267","targetHints":{"allow":["GET"]}}],"collection":[{"href":"https:\/\/www.slovaci.eu\/index.php?rest_route=\/wp\/v2\/posts"}],"about":[{"href":"https:\/\/www.slovaci.eu\/index.php?rest_route=\/wp\/v2\/types\/post"}],"author":[{"embeddable":true,"href":"https:\/\/www.slovaci.eu\/index.php?rest_route=\/wp\/v2\/users\/1"}],"replies":[{"embeddable":true,"href":"https:\/\/www.slovaci.eu\/index.php?rest_route=%2Fwp%2Fv2%2Fcomments&post=267"}],"version-history":[{"count":18,"href":"https:\/\/www.slovaci.eu\/index.php?rest_route=\/wp\/v2\/posts\/267\/revisions"}],"predecessor-version":[{"id":931,"href":"https:\/\/www.slovaci.eu\/index.php?rest_route=\/wp\/v2\/posts\/267\/revisions\/931"}],"wp:featuredmedia":[{"embeddable":true,"href":"https:\/\/www.slovaci.eu\/index.php?rest_route=\/wp\/v2\/media\/270"}],"wp:attachment":[{"href":"https:\/\/www.slovaci.eu\/index.php?rest_route=%2Fwp%2Fv2%2Fmedia&parent=267"}],"wp:term":[{"taxonomy":"category","embeddable":true,"href":"https:\/\/www.slovaci.eu\/index.php?rest_route=%2Fwp%2Fv2%2Fcategories&post=267"},{"taxonomy":"post_tag","embeddable":true,"href":"https:\/\/www.slovaci.eu\/index.php?rest_route=%2Fwp%2Fv2%2Ftags&post=267"}],"curies":[{"name":"wp","href":"https:\/\/api.w.org\/{rel}","templated":true}]}}