{"id":22,"date":"2024-07-10T15:59:00","date_gmt":"2024-07-10T15:59:00","guid":{"rendered":"http:\/\/www.slovaci.eu\/?p=22"},"modified":"2025-04-04T09:26:39","modified_gmt":"2025-04-04T09:26:39","slug":"dolnozemski-slovaci","status":"publish","type":"post","link":"https:\/\/www.slovaci.eu\/?p=22","title":{"rendered":"Moja rodina &#8211; z Dolnej zeme a ich pr\u00edbeh\/y"},"content":{"rendered":"\n<p class=\"wp-block-paragraph\"><strong><em>Upozornenie: Pre m\u0148a (zatia\u013e)  anonymn\u00fd\/\u00ed z\u00e1stupca\/ovia &#8222;organizovanej totality&#8220; sa rozhodli, \u017ee odstr\u00e1nia moje vide\u00e1 zo svojej platformy. Preto sa na tejto webovej str\u00e1nke nenach\u00e1dzaj\u00fa<\/em><\/strong> !!!<\/p>\n\n\n\n<p class=\"wp-block-paragraph\">A pre\u010do pr\u00e1ve o nich? Lebo k t\u00fdmto &#8222;dolnozemcom&#8220; m\u00e1 bl\u00edzko aj editor t\u00fdcho webov\u00fdch str\u00e1nok. (P. B.) Po\u010dat\u00fd v  s najv\u00e4\u010d\u0161ou pravdepodobnos\u0165ou v polovici roku 1947 v Juhov\u00fdchodnom Ma\u010farsku (T\u00f3tkomlos) sa po pres\u00eddlen\u00ed rodiny v r\u00e1mci tzv. pres\u00eddlenia (V\u00fdmeny obyvate\u013estva &#8230;) narodil u\u017e v \u010cSR, v Mat\u00fa\u0161kove (Taksony), v obci, ktor\u00e1 le\u017e\u00ed cca 3 km od meste\u010dka Galanta na Juhoz\u00e1padnom Slovensku. A po cca 50 ro\u010dnom pobyte v \u010cR (Praha, Ji\u010d\u00edn, Ben\u00e1tky n. Jiz.) sa sem, do svojho rodn\u00e9ho kraja aj vr\u00e1til &#8230;<\/p>\n\n\n<div class=\"wp-block-image\">\n<figure class=\"aligncenter size-full\"><img loading=\"lazy\" decoding=\"async\" width=\"200\" height=\"200\" src=\"https:\/\/www.slovaci.eu\/wp-content\/uploads\/2024\/07\/pbfoto.jpg\" alt=\"\" class=\"wp-image-42\" srcset=\"https:\/\/www.slovaci.eu\/wp-content\/uploads\/2024\/07\/pbfoto.jpg 200w, https:\/\/www.slovaci.eu\/wp-content\/uploads\/2024\/07\/pbfoto-150x150.jpg 150w, https:\/\/www.slovaci.eu\/wp-content\/uploads\/2024\/07\/pbfoto-60x60.jpg 60w\" sizes=\"auto, (max-width: 200px) 100vw, 200px\" \/><\/figure>\n<\/div>\n\n\n<p class=\"wp-block-paragraph\"><\/p>\n\n\n\n<p class=\"wp-block-paragraph\">A toto s\u00fa moji rodi\u010dia a rodina, moji predkovia a pr\u00edbuzn\u00ed:<\/p>\n\n\n\n<figure class=\"wp-block-image size-large\"><img loading=\"lazy\" decoding=\"async\" width=\"1024\" height=\"692\" src=\"https:\/\/www.slovaci.eu\/wp-content\/uploads\/2024\/07\/fotobezmaca-1024x692.jpg\" alt=\"\" class=\"wp-image-50\" srcset=\"https:\/\/www.slovaci.eu\/wp-content\/uploads\/2024\/07\/fotobezmaca-1024x692.jpg 1024w, https:\/\/www.slovaci.eu\/wp-content\/uploads\/2024\/07\/fotobezmaca-300x203.jpg 300w, https:\/\/www.slovaci.eu\/wp-content\/uploads\/2024\/07\/fotobezmaca-768x519.jpg 768w, https:\/\/www.slovaci.eu\/wp-content\/uploads\/2024\/07\/fotobezmaca-1536x1038.jpg 1536w, https:\/\/www.slovaci.eu\/wp-content\/uploads\/2024\/07\/fotobezmaca-2048x1384.jpg 2048w, https:\/\/www.slovaci.eu\/wp-content\/uploads\/2024\/07\/fotobezmaca-89x60.jpg 89w\" sizes=\"auto, (max-width: 1024px) 100vw, 1024px\" \/><figcaption class=\"wp-element-caption\">Foto 1: Vdova Al\u017ebeta Lehock\u00e1 s de\u0165mi a ich rodinami &#8211; bez str\u00fdca Mateja &#8230;<\/figcaption><\/figure>\n\n\n\n<p class=\"wp-block-paragraph\">Rodina vdovy Al\u017ebety Lehockej, ktor\u00e1 sa nechala vyfoti\u0165 v Slovenskom Komlo\u0161i (T\u00f3tkomlos\/HU) pred pres\u00eddlen\u00edm v roku 1947. Ona a jej \u010fal\u0161ie 3 deti s rodinami odi\u0161li na Slovensko do \u010cSR, jej 2 synovia aj s rodinami v\u0161ak zostali v Ma\u010farsku. Najstar\u0161\u00ed syn Matej (na obr\u00e1zku ako druh\u00fd z\u013eava) bol v tom \u010dase e\u0161te v ruskom zajat\u00ed a tak jeho dc\u00e9ra Anka (star\u0161ie diev\u010da v prostrednom rade z \u013eavej strany) zariadila t\u00fato fotomont\u00e1\u017e &#8230;<\/p>\n\n\n\n<figure class=\"wp-block-image size-large is-resized\"><img loading=\"lazy\" decoding=\"async\" width=\"1024\" height=\"579\" src=\"https:\/\/www.slovaci.eu\/wp-content\/uploads\/2024\/07\/rodlehzenisianevesty-1024x579.jpg\" alt=\"\" class=\"wp-image-49\" style=\"width:840px;height:auto\" srcset=\"https:\/\/www.slovaci.eu\/wp-content\/uploads\/2024\/07\/rodlehzenisianevesty-1024x579.jpg 1024w, https:\/\/www.slovaci.eu\/wp-content\/uploads\/2024\/07\/rodlehzenisianevesty-300x170.jpg 300w, https:\/\/www.slovaci.eu\/wp-content\/uploads\/2024\/07\/rodlehzenisianevesty-768x434.jpg 768w, https:\/\/www.slovaci.eu\/wp-content\/uploads\/2024\/07\/rodlehzenisianevesty-1536x868.jpg 1536w, https:\/\/www.slovaci.eu\/wp-content\/uploads\/2024\/07\/rodlehzenisianevesty-2048x1157.jpg 2048w, https:\/\/www.slovaci.eu\/wp-content\/uploads\/2024\/07\/rodlehzenisianevesty-106x60.jpg 106w\" sizes=\"auto, (max-width: 1024px) 100vw, 1024px\" \/><\/figure>\n\n\n\n<p class=\"wp-block-paragraph\">Foto mont\u00e1\u017e aj so str\u00fdcom Matejom (druh\u00fd zlava v hornom rade<\/p>\n\n\n\n<figure class=\"wp-block-image size-large is-resized\"><img loading=\"lazy\" decoding=\"async\" width=\"1024\" height=\"768\" src=\"https:\/\/www.slovaci.eu\/wp-content\/uploads\/2024\/07\/dedkosrodvgal-1024x768.jpg\" alt=\"\" class=\"wp-image-45\" style=\"width:840px;height:auto\" srcset=\"https:\/\/www.slovaci.eu\/wp-content\/uploads\/2024\/07\/dedkosrodvgal-1024x768.jpg 1024w, https:\/\/www.slovaci.eu\/wp-content\/uploads\/2024\/07\/dedkosrodvgal-300x225.jpg 300w, https:\/\/www.slovaci.eu\/wp-content\/uploads\/2024\/07\/dedkosrodvgal-768x576.jpg 768w, https:\/\/www.slovaci.eu\/wp-content\/uploads\/2024\/07\/dedkosrodvgal-1536x1152.jpg 1536w, https:\/\/www.slovaci.eu\/wp-content\/uploads\/2024\/07\/dedkosrodvgal-2048x1536.jpg 2048w, https:\/\/www.slovaci.eu\/wp-content\/uploads\/2024\/07\/dedkosrodvgal-80x60.jpg 80w\" sizes=\"auto, (max-width: 1024px) 100vw, 1024px\" \/><\/figure>\n\n\n\n<p class=\"wp-block-paragraph\">Foto 2: Rodina poslanca SNR Ondreja Be\u0148a v Galante, na dvore jeho domu v Partyz\u00e1nskej ulici ( cca 1951)<\/p>\n\n\n\n<p class=\"wp-block-paragraph\"><a href=\"https:\/\/www.youtube.com\/watch?v=z6cC8V80edw\">Dve susedky &#8222;Devedesiatky&#8220; z Mat\u00fa\u0161kova\/SK<\/a><\/p>\n\n\n\n<p class=\"wp-block-paragraph\"><a href=\"https:\/\/www.youtube.com\/watch?v=r8yRzbVKQHM\">\u00danos nevesty pani \u013dubice K. z Galanty\/SK <\/a><\/p>\n\n\n\n<p class=\"wp-block-paragraph\"><a href=\"https:\/\/www.youtube.com\/watch?v=Im0hWFI-tJs\">Spomienky &#8211; Pres\u00eddlenci z Ma\u010farska a ich \u017eivot na Ju\u017enom Slovesku<\/a><\/p>\n\n\n\n<p class=\"wp-block-paragraph\"><a href=\"https:\/\/www.youtube.com\/watch?v=dlfWsxU7WDo\">Na svoju rodinu, priate\u013estv\u00e1 a \u017eivot na Dolnej zemi spom\u00edna Al\u017ebeta Be\u0148ov\u00e1 rod. Lehock\u00e1 z Mat\u00fa\u0161kova<\/a><\/p>\n\n\n\n<p class=\"wp-block-paragraph\"><a href=\"https:\/\/www.youtube.com\/watch?v=6p8VgXCHAG4\">Druh\u00e1 \u010das\u0165 spomienok pani Al\u017ebety Be\u0148ovej z Mat\u00fa\u0161kova\/SK na V\u00fdmenu obyvate\u013estva &#8230; v roku 1947<\/a><\/p>\n\n\n\n<p class=\"wp-block-paragraph\"><a href=\"https:\/\/www.youtube.com\/watch?v=qzljXP7c_WM\">Na dobu pred pres\u00eddlen\u00edm z Ma\u010farska do \u010cSR a tesne po \u0148om spom\u00edna pani Al\u017ebeta Be\u0148ov\u00e1 z Mat\u00fa\u0161kova\/SK<\/a><\/p>\n\n\n\n<p class=\"wp-block-paragraph\"><a href=\"https:\/\/www.youtube.com\/watch?v=iNmqmlIGwTo\">Pres\u00eddlenec J\u00e1n Lehotsk\u00fd z Galanty spom\u00edna na star\u00e9ho otca Ondreja Be\u0148a<\/a><\/p>\n\n\n\n<p class=\"wp-block-paragraph\"><a href=\"https:\/\/www.youtube.com\/watch?v=EFwbkY1dd-g\">Na koniec vojny a svoje zajatie a pres\u00eddlenie na Slovensko spom\u00edna p\u00e1n Martin \u0160ov\u00e1\u0148 z Mat\u00fa\u0161kova<\/a><\/p>\n\n\n\n<p class=\"wp-block-paragraph\"><\/p>\n","protected":false},"excerpt":{"rendered":"<p>Upozornenie: Pre m\u0148a (zatia\u013e) anonymn\u00fd\/\u00ed z\u00e1stupca\/ovia &#8222;organizovanej totality&#8220; sa rozhodli, \u017ee odstr\u00e1nia moje vide\u00e1 zo svojej platformy. Preto sa na tejto webovej str\u00e1nke nenach\u00e1dzaj\u00fa !!! A pre\u010do pr\u00e1ve o nich? Lebo k t\u00fdmto &#8222;dolnozemcom&#8220; m\u00e1 bl\u00edzko aj editor t\u00fdcho webov\u00fdch str\u00e1nok. (P. B.) Po\u010dat\u00fd v s najv\u00e4\u010d\u0161ou pravdepodobnos\u0165ou v polovici roku 1947 v Juhov\u00fdchodnom Ma\u010farsku &hellip; <\/p>\n","protected":false},"author":1,"featured_media":30,"comment_status":"open","ping_status":"open","sticky":false,"template":"","format":"standard","meta":{"footnotes":""},"categories":[1],"tags":[],"class_list":["post-22","post","type-post","status-publish","format-standard","has-post-thumbnail","hentry","category-uncategorized","latest_post"],"_links":{"self":[{"href":"https:\/\/www.slovaci.eu\/index.php?rest_route=\/wp\/v2\/posts\/22","targetHints":{"allow":["GET"]}}],"collection":[{"href":"https:\/\/www.slovaci.eu\/index.php?rest_route=\/wp\/v2\/posts"}],"about":[{"href":"https:\/\/www.slovaci.eu\/index.php?rest_route=\/wp\/v2\/types\/post"}],"author":[{"embeddable":true,"href":"https:\/\/www.slovaci.eu\/index.php?rest_route=\/wp\/v2\/users\/1"}],"replies":[{"embeddable":true,"href":"https:\/\/www.slovaci.eu\/index.php?rest_route=%2Fwp%2Fv2%2Fcomments&post=22"}],"version-history":[{"count":13,"href":"https:\/\/www.slovaci.eu\/index.php?rest_route=\/wp\/v2\/posts\/22\/revisions"}],"predecessor-version":[{"id":937,"href":"https:\/\/www.slovaci.eu\/index.php?rest_route=\/wp\/v2\/posts\/22\/revisions\/937"}],"wp:featuredmedia":[{"embeddable":true,"href":"https:\/\/www.slovaci.eu\/index.php?rest_route=\/wp\/v2\/media\/30"}],"wp:attachment":[{"href":"https:\/\/www.slovaci.eu\/index.php?rest_route=%2Fwp%2Fv2%2Fmedia&parent=22"}],"wp:term":[{"taxonomy":"category","embeddable":true,"href":"https:\/\/www.slovaci.eu\/index.php?rest_route=%2Fwp%2Fv2%2Fcategories&post=22"},{"taxonomy":"post_tag","embeddable":true,"href":"https:\/\/www.slovaci.eu\/index.php?rest_route=%2Fwp%2Fv2%2Ftags&post=22"}],"curies":[{"name":"wp","href":"https:\/\/api.w.org\/{rel}","templated":true}]}}