{"id":20,"date":"2024-07-10T17:03:22","date_gmt":"2024-07-10T17:03:22","guid":{"rendered":"http:\/\/www.slovaci.eu\/?p=20"},"modified":"2025-04-04T09:25:35","modified_gmt":"2025-04-04T09:25:35","slug":"slovensko-bez-toxickych-lidrov-a-bez-mobbingu","status":"publish","type":"post","link":"https:\/\/www.slovaci.eu\/?p=20","title":{"rendered":"Slovensko bez toxick\u00fdch l\u00eddrov a bez mobbingu!"},"content":{"rendered":"\n<p class=\"wp-block-paragraph\"><strong><em>Upozornenie: Pre m\u0148a (zatia\u013e)  anonymn\u00fd\/\u00ed z\u00e1stupca\/ovia &#8222;organizovanej totality&#8220; sa rozhodli, \u017ee odstr\u00e1nia moje vide\u00e1 zo svojej platformy. Preto sa na tejto webovej str\u00e1nke nenach\u00e1dzaj\u00fa<\/em><\/strong> !!!<\/p>\n\n\n\n<p class=\"wp-block-paragraph\">T\u00e9matu &#8222;mobbing a bossing sa venujem od roku 1999 a v \u010cR, kde som \u017eil a pracoval som na t\u00fato t\u00e9mu vydal 2 samostatn\u00e9 publik\u00e1cie (M\u016fj \u0161\u00e9f, m\u016fj nep\u0159\u00edtel v roku 2003 a \u0160armantn\u00ed n\u00e1siln\u00edci v roku 2015).<\/p>\n\n\n<div class=\"wp-block-image\">\n<figure class=\"alignleft size-full is-resized\"><img loading=\"lazy\" decoding=\"async\" width=\"250\" height=\"354\" src=\"https:\/\/www.slovaci.eu\/wp-content\/uploads\/2024\/07\/big_muj-sef-muj-nepritel-206133.jpg\" alt=\"\" class=\"wp-image-111\" style=\"width:180px;height:auto\" srcset=\"https:\/\/www.slovaci.eu\/wp-content\/uploads\/2024\/07\/big_muj-sef-muj-nepritel-206133.jpg 250w, https:\/\/www.slovaci.eu\/wp-content\/uploads\/2024\/07\/big_muj-sef-muj-nepritel-206133-212x300.jpg 212w, https:\/\/www.slovaci.eu\/wp-content\/uploads\/2024\/07\/big_muj-sef-muj-nepritel-206133-42x60.jpg 42w\" sizes=\"auto, (max-width: 250px) 100vw, 250px\" \/><\/figure>\n<\/div>\n\n<div class=\"wp-block-image\">\n<figure class=\"alignleft size-full is-resized\"><img loading=\"lazy\" decoding=\"async\" width=\"212\" height=\"300\" src=\"https:\/\/www.slovaci.eu\/wp-content\/uploads\/2024\/07\/big_sarmantni-nasilnici-261454.jpg\" alt=\"\" class=\"wp-image-112\" style=\"width:178px;height:auto\" srcset=\"https:\/\/www.slovaci.eu\/wp-content\/uploads\/2024\/07\/big_sarmantni-nasilnici-261454.jpg 212w, https:\/\/www.slovaci.eu\/wp-content\/uploads\/2024\/07\/big_sarmantni-nasilnici-261454-42x60.jpg 42w\" sizes=\"auto, (max-width: 212px) 100vw, 212px\" \/><\/figure>\n<\/div>\n\n\n<p class=\"wp-block-paragraph\"><\/p>\n\n\n\n<p class=\"wp-block-paragraph\"><\/p>\n\n\n\n<p class=\"wp-block-paragraph\"><\/p>\n\n\n\n<p class=\"wp-block-paragraph\">So zujat\u00edm som sledoval &#8211; a st\u00e1le sledujem &#8211; narastaj\u00facu &#8222;popularitu&#8220; pojmov &#8222;toxick\u00e9 vz\u0165ahy, toxick\u00fd l\u00edder&#8220;, atp.<\/p>\n\n\n\n<p class=\"wp-block-paragraph\">Viac na t\u00fato t\u00e9mu sa m\u00f4\u017eete v s\u00fa\u010dasnej dobe dozvedie\u0165 aj na webovej str\u00e1nke <a href=\"https:\/\/www.desolatio.art\/\">www.desolatio.art<\/a> .<\/p>\n\n\n\n<p class=\"wp-block-paragraph\">T\u00e9ma &#8222;posudzovanie a testovanie&#8220; verejn\u00fdch \u010dinite\u013eov, ktor\u00ed sa uch\u00e1dzaj\u00fa o d\u00f4le\u017eit\u00e9 posty pri riaden\u00ed \u0161t\u00e1tu &#8211; a to e\u0161te pred ich n\u00e1stupom do takejto funkcie &#8211; sa ob\u010das &#8222;otvor\u00ed a diskutuje&#8220;, ale oby\u010dajne &#8222;vy\u0161um\u00ed&#8220; \u010di &#8222;vyhnije&#8220; do pr\u00e1zdna. Na Slovensku sa o tejto t\u00e9me dos\u0165 intenz\u00edvne za\u010dalo diskutova\u0165 po n\u00e1stupe novej vl\u00e1dy v rokoch  2020 &#8211; 2021, ale ob\u010das sa t\u00e9ma vynoruje i nesk\u00f4r:<\/p>\n\n\n\n<p class=\"wp-block-paragraph\"><a href=\"https:\/\/ryza1cista1ryza.blog.pravda.sk\/2020\/05\/28\/bezpodmienecne-psychotesty-pre-politikov\/\">Bezpodmiene\u010dne Psychotesty pre politikov<\/a><\/p>\n\n\n\n<p class=\"wp-block-paragraph\"><a href=\"https:\/\/dennikn.sk\/minuta\/2284159\/\">Psychiater P\u00e9ter Hun\u010d\u00edk rozv\u00edja my\u0161lienku o sk\u00faman\u00ed sp\u00f4sobilosti politikov<\/a><\/p>\n\n\n\n<p class=\"wp-block-paragraph\"><a href=\"https:\/\/podmaz.sk\/podcast\/vecera-s-havranom\/9871575293-psychologicka-sposobilost-politikov-2352023-2200\">Vypo\u010duj si podcast Psychologick\u00e1 sp\u00f4sobilos\u0165 politikov <\/a><\/p>\n\n\n\n<p class=\"wp-block-paragraph\">A t\u00e9matu sa &#8211; svojho \u010dasu &#8211; chopili i niektor\u00e9 politick\u00e9 strany:<\/p>\n\n\n\n<p class=\"wp-block-paragraph\"><a href=\"https:\/\/www.facebook.com\/watch\/?v=1123566228294343\"><a href=\"https:\/\/www.hlavnespravy.sk\/uhrik-a-jeho-hnutie-navrhuju-zavedenie-povinnych-psychotestov-pre-clenov-vlady\/2503256\">Uhr\u00edk a jeho hnutie navrhuj\u00fa zavedenie povinn\u00fdch psychotestov pre \u010dlenov vl\u00e1dy<\/a><\/a><\/p>\n\n\n\n<p class=\"wp-block-paragraph\"><a href=\"https:\/\/www.facebook.com\/permalink.php\/?story_fbid=285013966443933&amp;id=100685794876752\">V celku relevantn\u00e1 po\u017eiadavka<\/a><\/p>\n\n\n\n<p class=\"wp-block-paragraph\"><a href=\"https:\/\/plus7dni.pluska.sk\/domov\/duris-nicholsonova-chce-clenov-jablka-posielat-psychotesty\">\u010euri\u0161 Nicholsonov\u00e1 chce \u010dlenov Jablka posiela\u0165 na psychotesty<\/a><\/p>\n\n\n\n<p class=\"wp-block-paragraph\">T\u00e9mu &#8222;patologick\u00fdch osobnost\u00ed v politike&#8220; otvorili a zpolularizovali dvaja americk\u00fd psychol\u00f3govia &#8211; Robert Hare a Paul Babiak &#8211; svojou knihou <a href=\"https:\/\/en.wikipedia.org\/wiki\/Snakes_in_Suits\">Snaikes in suits<\/a>, ktor\u00e1 vy\u0161la v roku 2006 a pod n\u00e1zvom <a href=\"https:\/\/www.databazeknih.cz\/knihy\/hadi-v-oblecich-aneb-psychopat-jde-do-prace-157921\">Hadi v oblec\u00edch aneb Psychopat jde do pr\u00e1ce<\/a> vy\u0161le v roku 2014 aj v \u010deskom preklade. Pomerne zn\u00e1mymi \u0161\u00edritelmi osvety v tejto oblasti su v \u010cR lek\u00e1ri <a href=\"https:\/\/www.flowee.cz\/clovek\/7352-psychopat-ve-vlade-funguje-jako-vlk-rozdeli-stado-a-pak-ho-znici-rika-jan-hnizdil\">Jan Hn\u00edzdil<\/a> a <a href=\"https:\/\/www.youtube.com\/watch?v=QrHtsjd8zJo\">Radkin Honz\u00e1k<\/a> a na Slovensku je z\u00e1ujemcom dostupn\u00e9 na toto t\u00e9ma aj video od dr. Bukovsk\u00e9ho:<\/p>\n\n\n\n<figure class=\"wp-block-embed is-type-video is-provider-youtube wp-block-embed-youtube wp-embed-aspect-16-9 wp-has-aspect-ratio\"><div class=\"wp-block-embed__wrapper\">\n<iframe loading=\"lazy\" title=\"PATOLOGICK\u00c9 osobnosti v politike \u2013 KTO TO JE a ako sa im BR\u00c1NI\u0164?\" width=\"790\" height=\"444\" src=\"https:\/\/www.youtube.com\/embed\/PushmfPngKA?feature=oembed\" frameborder=\"0\" allow=\"accelerometer; autoplay; clipboard-write; encrypted-media; gyroscope; picture-in-picture; web-share\" referrerpolicy=\"strict-origin-when-cross-origin\" allowfullscreen><\/iframe>\n<\/div><\/figure>\n\n\n\n<p class=\"wp-block-paragraph\">Ale toto t\u00e9ma v na\u0161ich kon\u010din\u00e1ch otvoril \u010desk\u00fd neurol\u00f3g <a href=\"https:\/\/www.youtube.com\/watch?v=I_JsDrVJN88\">Franti\u0161ek Koukol\u00edk<\/a>. Ten svoju publik\u00e1ciu <a href=\"https:\/\/www.kosmas.cz\/knihy\/131780\/vzpoura-deprivantu\/\">Vzpoura deprivant\u016f:&nbsp;<em>Nestv\u016fry, n\u00e1stroje, obrana<\/em><\/a>, ktorej spoluautorkou je J. Drtilov\u00e1, vydal u\u017e v roku 2006, teda v rovnakom roku ako ameri\u010dania Hare a Babiak.<\/p>\n\n\n\n<p class=\"wp-block-paragraph\">A hoci samotn\u00ed odborn\u00edci &#8211; psychiatri, genetici, psychologovia, atp. &#8211; zrejme e\u0161te nemaj\u00fa celkom jasno v tom, ak\u00fd je podiel genetiky, epigenetiky, prostredia, atp. privzniku tzv. psychopatie (pod\u013ea s\u00fa\u010dasn\u00e9ho n\u00e1zvoslovia ide o \u0161truktur\u00e1lnu poruchu osobnosti) pod\u013ea dr. Koukol\u00edka a jeho spolupracovn\u00edkov by sme sa mali pri tejto diagn\u00f3ze a pr\u00edp. h\u013eadan\u00ed jej pr\u00ed\u010din a zdrojov s\u00fastredi\u0165 predov\u0161etk\u00fdm na tzv. <a href=\"https:\/\/www.citlivetemy.sk\/deprivacia\/\">depriv\u00e1ciu<\/a> a z tej potom hlavne na <a href=\"https:\/\/psychoblog.sk\/citova-deprivacia-k-comu-vedie-zakaz-citov\/\">depriv\u00e1ciu emoci\u00e1lnu (citov\u00fa)<\/a>.<\/p>\n\n\n\n<figure class=\"wp-block-embed is-type-video is-provider-youtube wp-block-embed-youtube wp-embed-aspect-16-9 wp-has-aspect-ratio\"><div class=\"wp-block-embed__wrapper\">\n<iframe loading=\"lazy\" title=\"Eduwin - Uk\u00e1zka z video kurzu - Franti\u0161ek Koukol\u00edk: Psychopati, machiavelisti a narcist\u00e9\" width=\"790\" height=\"444\" src=\"https:\/\/www.youtube.com\/embed\/OPW4TJmQHjk?feature=oembed\" frameborder=\"0\" allow=\"accelerometer; autoplay; clipboard-write; encrypted-media; gyroscope; picture-in-picture; web-share\" referrerpolicy=\"strict-origin-when-cross-origin\" allowfullscreen><\/iframe>\n<\/div><\/figure>\n\n\n\n<p class=\"wp-block-paragraph\">Tak\u017ee ak se chceme zorientova\u0165 v tom, \u010di sa vo svojom chovan\u00ed niektor\u00ed \u013eudia chovaj\u00fa ako psychopati, resp. \u017ee hroz\u00ed nebezpe\u010die, \u017ee sa takto bud\u00fa chova\u0165, mali by sme sa zamera\u0165 na to, \u010di vo svojom \u017eivote a predov\u0161etk\u00fdm vo svojom detstve neboli vystaven\u00ed (dlh\u0161iu dobu?) psychickej a pr\u00edp. aj fyzickej depriv\u00e1cii . <\/p>\n\n\n\n<p class=\"wp-block-paragraph\">(Pri tejto t\u00e9me nejde nezmieni\u0165 publik\u00e1ciu <a href=\"https:\/\/www.knihydobrovsky.cz\/kniha\/psychicka-deprivace-v-detstvi-37725\">Psychick\u00e1 deprivace v d\u011btstv\u00ed<\/a>, ktor\u00e1 vy\u0161la vo vtedaj\u0161ej \u010cSR u\u017e   v roku 1963.)<\/p>\n","protected":false},"excerpt":{"rendered":"<p>Upozornenie: Pre m\u0148a (zatia\u013e) anonymn\u00fd\/\u00ed z\u00e1stupca\/ovia &#8222;organizovanej totality&#8220; sa rozhodli, \u017ee odstr\u00e1nia moje vide\u00e1 zo svojej platformy. Preto sa na tejto webovej str\u00e1nke nenach\u00e1dzaj\u00fa !!! T\u00e9matu &#8222;mobbing a bossing sa venujem od roku 1999 a v \u010cR, kde som \u017eil a pracoval som na t\u00fato t\u00e9mu vydal 2 samostatn\u00e9 publik\u00e1cie (M\u016fj \u0161\u00e9f, m\u016fj nep\u0159\u00edtel v &hellip; <\/p>\n","protected":false},"author":1,"featured_media":29,"comment_status":"open","ping_status":"open","sticky":false,"template":"","format":"standard","meta":{"footnotes":""},"categories":[1],"tags":[],"class_list":["post-20","post","type-post","status-publish","format-standard","has-post-thumbnail","hentry","category-uncategorized","latest_post"],"_links":{"self":[{"href":"https:\/\/www.slovaci.eu\/index.php?rest_route=\/wp\/v2\/posts\/20","targetHints":{"allow":["GET"]}}],"collection":[{"href":"https:\/\/www.slovaci.eu\/index.php?rest_route=\/wp\/v2\/posts"}],"about":[{"href":"https:\/\/www.slovaci.eu\/index.php?rest_route=\/wp\/v2\/types\/post"}],"author":[{"embeddable":true,"href":"https:\/\/www.slovaci.eu\/index.php?rest_route=\/wp\/v2\/users\/1"}],"replies":[{"embeddable":true,"href":"https:\/\/www.slovaci.eu\/index.php?rest_route=%2Fwp%2Fv2%2Fcomments&post=20"}],"version-history":[{"count":17,"href":"https:\/\/www.slovaci.eu\/index.php?rest_route=\/wp\/v2\/posts\/20\/revisions"}],"predecessor-version":[{"id":936,"href":"https:\/\/www.slovaci.eu\/index.php?rest_route=\/wp\/v2\/posts\/20\/revisions\/936"}],"wp:featuredmedia":[{"embeddable":true,"href":"https:\/\/www.slovaci.eu\/index.php?rest_route=\/wp\/v2\/media\/29"}],"wp:attachment":[{"href":"https:\/\/www.slovaci.eu\/index.php?rest_route=%2Fwp%2Fv2%2Fmedia&parent=20"}],"wp:term":[{"taxonomy":"category","embeddable":true,"href":"https:\/\/www.slovaci.eu\/index.php?rest_route=%2Fwp%2Fv2%2Fcategories&post=20"},{"taxonomy":"post_tag","embeddable":true,"href":"https:\/\/www.slovaci.eu\/index.php?rest_route=%2Fwp%2Fv2%2Ftags&post=20"}],"curies":[{"name":"wp","href":"https:\/\/api.w.org\/{rel}","templated":true}]}}