{"id":1999,"date":"2026-08-20T22:38:13","date_gmt":"2026-08-20T22:38:13","guid":{"rendered":"https:\/\/www.slovaci.eu\/?p=1999"},"modified":"2026-08-31T12:38:36","modified_gmt":"2026-08-31T12:38:36","slug":"suboj-pod-pamatnikmi","status":"publish","type":"post","link":"https:\/\/www.slovaci.eu\/?p=1999","title":{"rendered":"Z\u00e1pas pod pam\u00e4tn\u00edkmi (Predvolebny?)"},"content":{"rendered":"\n<h4 class=\"wp-block-heading\"><a href=\"https:\/\/www.teraz.sk\/krimi\/husarsky-pamatnik-v-r-sobote-posprej\/985863-clanok.html\">Hus\u00e1rsky pam\u00e4tn\u00edk v R. Sobote posprejovali,pr\u00edpadom sa zaober\u00e1 pol\u00edcia<\/a><\/h4>\n\n\n\n<p class=\"wp-block-paragraph\"><\/p>\n\n\n<div class=\"wp-block-image\">\n<figure class=\"aligncenter size-large is-resized\"><img loading=\"lazy\" decoding=\"async\" width=\"1024\" height=\"576\" src=\"https:\/\/www.slovaci.eu\/wp-content\/uploads\/2026\/08\/poskodeny-pamatnik-1024x576.jpg\" alt=\"\" class=\"wp-image-2011\" style=\"width:530px;height:auto\" srcset=\"https:\/\/www.slovaci.eu\/wp-content\/uploads\/2026\/08\/poskodeny-pamatnik-1024x576.jpg 1024w, https:\/\/www.slovaci.eu\/wp-content\/uploads\/2026\/08\/poskodeny-pamatnik-768x432.jpg 768w, https:\/\/www.slovaci.eu\/wp-content\/uploads\/2026\/08\/poskodeny-pamatnik-300x169.jpg 300w, https:\/\/www.slovaci.eu\/wp-content\/uploads\/2026\/08\/poskodeny-pamatnik-107x60.jpg 107w, https:\/\/www.slovaci.eu\/wp-content\/uploads\/2026\/08\/poskodeny-pamatnik.jpg 1280w\" sizes=\"auto, (max-width: 1024px) 100vw, 1024px\" \/><figcaption class=\"wp-element-caption\">Foto: Facebook\/Hal\u00e1sz Attila<\/figcaption><\/figure>\n<\/div>\n\n\n<h5 class=\"wp-block-heading\">O tejto udalosti informovala na svojom Facebooku aj verejne zn\u00e1ma osoba (?) a proma\u010farsk\u00e1 aktivistka <a href=\"https:\/\/www.facebook.com\/falathzsuzsanna\">Zuzana Falathov\u00e1<\/a><\/h5>\n\n\n<div class=\"wp-block-image\">\n<figure class=\"aligncenter size-large is-resized\"><img loading=\"lazy\" decoding=\"async\" width=\"1024\" height=\"768\" src=\"https:\/\/www.slovaci.eu\/wp-content\/uploads\/2026\/08\/falatovashortym-1-1024x768.jpg\" alt=\"\" class=\"wp-image-2017\" style=\"width:457px;height:auto\" srcset=\"https:\/\/www.slovaci.eu\/wp-content\/uploads\/2026\/08\/falatovashortym-1-1024x768.jpg 1024w, https:\/\/www.slovaci.eu\/wp-content\/uploads\/2026\/08\/falatovashortym-1-300x225.jpg 300w, https:\/\/www.slovaci.eu\/wp-content\/uploads\/2026\/08\/falatovashortym-1-768x576.jpg 768w, https:\/\/www.slovaci.eu\/wp-content\/uploads\/2026\/08\/falatovashortym-1-1536x1152.jpg 1536w, https:\/\/www.slovaci.eu\/wp-content\/uploads\/2026\/08\/falatovashortym-1-80x60.jpg 80w, https:\/\/www.slovaci.eu\/wp-content\/uploads\/2026\/08\/falatovashortym-1.jpg 2048w\" sizes=\"auto, (max-width: 1024px) 100vw, 1024px\" \/><figcaption class=\"wp-element-caption\">Zuzana Falathov\u00e1, zamestnanky\u0148a <a href=\"https:\/\/www.facebook.com\/trianonmuzeum\">M\u00fazea Trianonu vo V\u00e1rpalote\/HU<\/a><\/figcaption><\/figure>\n<\/div>\n\n\n<p class=\"wp-block-paragraph\">Status Zuzany Falathovej zo d\u0148a 18.8.2026: <\/p>\n\n\n\n<p class=\"wp-block-paragraph\">&#8222;Slovensk\u00ed \u0161ovinisti dnes v Rimaszombate poni\u010dili ma\u010farsk\u00fd hus\u00e1rsky pam\u00e4tn\u00edk s protima\u010farsk\u00fdmi heslami. &#8222;Ma\u010fari za Dunaj!&#8220; <br>Zdroj: \u00d6rs Orosz&#8220;<\/p>\n\n\n\n<p class=\"wp-block-paragraph\"><strong>Netu\u0161\u00edm s\u00edce, odkia\u013e \u010derp\u00e1 p\u00e1n krajsk\u00fd zastupite\u013e \u00d6rs Orosz (Ma\u010farsk\u00e1 Aliancia) \u010di Zuzana Falathov\u00e1 (M\u00fazeum Trianonu) svoje inform\u00e1cie (slovensk\u00ed \u0161ovinisti?), ale pr\u00e1ve na jej str\u00e1nke sa objavili aj nasleduj\u00face koment\u00e1re:<\/strong><\/p>\n\n\n\n<p class=\"wp-block-paragraph\"><a href=\"https:\/\/www.facebook.com\/gabriella.czanik?comment_id=Y29tbWVudDoxNDA1Nzk2NTY0NzU1ODcxXzE2MTM5ODYyNzY5MTk1NjU%3D&amp;__cft__[0]=AZYL8GEUFUxmX6A1hmxSvuxxImQKlNAkJfMotxb0d6gJ88-imBSeJOASmFKTPBybM1JGRLpVBqK-Y_WByGQdTsBCOk96IzcEuuID7dUKI33rgow6nrWK4FclLtqOOnfvvrzZ-W8VSpW26MExJK2ASJRh1iIeJHd4LFgAKVRO53MhQg&amp;__tn__=R]-R\">Ella Gabry<\/a>:&#8220;Vyjde toto niekedy z m\u00f3dy? &#8230;Ani n\u00e1hodou! &#8230;V\u017edy sme tu boli, sme tu teraz a budeme tu aj na\u010falej!&#8220;<\/p>\n\n\n\n<p class=\"wp-block-paragraph\"><a href=\"https:\/\/www.facebook.com\/gizella.pothaczky?comment_id=Y29tbWVudDoxNDA1Nzk2NTY0NzU1ODcxXzE2MzY2ODkwOTQ3MjE5Njc%3D&amp;__cft__[0]=AZYL8GEUFUxmX6A1hmxSvuxxImQKlNAkJfMotxb0d6gJ88-imBSeJOASmFKTPBybM1JGRLpVBqK-Y_WByGQdTsBCOk96IzcEuuID7dUKI33rgow6nrWK4FclLtqOOnfvvrzZ-W8VSpW26MExJK2ASJRh1iIeJHd4LFgAKVRO53MhQg&amp;__tn__=R]-R\">Gizella Poth\u00e1czky<\/a>: &#8222;Presne tak!&#8220;<\/p>\n\n\n\n<p class=\"wp-block-paragraph\"><a href=\"https:\/\/www.facebook.com\/jurajmehes?comment_id=Y29tbWVudDoxNDA1Nzk2NTY0NzU1ODcxXzEzMjEzMzAzNDMxNzczNTY%3D&amp;__cft__[0]=AZYL8GEUFUxmX6A1hmxSvuxxImQKlNAkJfMotxb0d6gJ88-imBSeJOASmFKTPBybM1JGRLpVBqK-Y_WByGQdTsBCOk96IzcEuuID7dUKI33rgow6nrWK4FclLtqOOnfvvrzZ-W8VSpW26MExJK2ASJRh1iIeJHd4LFgAKVRO53MhQg&amp;__tn__=R]-R\">Gy\u00f6rgy M\u00e9hes<\/a>: &#8222;Palec hore&#8220;.<\/p>\n\n\n\n<p class=\"wp-block-paragraph\"><a href=\"https:\/\/www.facebook.com\/sandor.laszlo.9699?comment_id=Y29tbWVudDoxNDA1Nzk2NTY0NzU1ODcxXzEwMzk0OTU2NzIwMTc2NDM%3D&amp;__cft__[0]=AZbUPmDUJeanFinExtiPZPbB4eKB91xRd596LqwCfKq694WPWHPuHUsYhxAed2984Hu9hsQQA3bjN5Y6AZ5JuLA9dWfVcxukW34hAVS7CGMmgMEX4pQmScC6QhitZkPuUjSR98AT-9f8YYJjOEGsqLhlYEyMfB2L7C3Hcu8bzWzvTA&amp;__tn__=R]-R\">S\u00e1ndor L\u00e1szl\u00f3<\/a>: &#8222;Slovensk\u00fd historik uviedol, \u017ee bez Uhorsk\u00e9ho kr\u00e1\u013eovstva by Slov\u00e1ci neexistovali, preto\u017ee ak by boli s\u00fa\u010das\u0165ou \u010cesk\u00e9ho kr\u00e1\u013eovstva, jednoducho by ich klasifikovali ako \u010cechov.&#8220;<\/p>\n\n\n\n<p class=\"wp-block-paragraph\"><a href=\"https:\/\/www.facebook.com\/profile.php?id=61557958059193&amp;comment_id=Y29tbWVudDoxNDA1Nzk2NTY0NzU1ODcxXzE1NjAxMTQyMzkxOTM5Nzg%3D&amp;__cft__[0]=AZaQFSL37MJpcNiNUs-lnkWtuBDgn_6RXhXiTPH7gVPBBTZEFgLJ2yk1kNbUesGXigOvU_czZ-iiIiUVfj2QwtZFoqP27AAKRzKgmPFtDMh3JO_L5MHKbcTkNOmuGC4sfwB9SHMvRrjyzMqrah95bNyJ&amp;__tn__=R]-R\">P\u00e1l Kiss<\/a>: S\u00e1ndor L\u00e1szl\u00f3 &#8211;  Ke\u010f\u017ee aj t\u00ed s\u00fa tak\u00ed!!&#8220;<\/p>\n\n\n\n<p class=\"wp-block-paragraph\"><a href=\"https:\/\/www.facebook.com\/ladislau.ladislau.754?comment_id=Y29tbWVudDoxNDA1Nzk2NTY0NzU1ODcxXzEwNDA0Mzk0MTE5MjE4NTA%3D&amp;__cft__[0]=AZaQFSL37MJpcNiNUs-lnkWtuBDgn_6RXhXiTPH7gVPBBTZEFgLJ2yk1kNbUesGXigOvU_czZ-iiIiUVfj2QwtZFoqP27AAKRzKgmPFtDMh3JO_L5MHKbcTkNOmuGC4sfwB9SHMvRrjyzMqrah95bNyJ&amp;__tn__=R]-R\">Ladislau Ladislau<\/a>: L\u00e1szl\u00f3 S\u00e1ndor &#8211; S Ma\u010farmi robia presne to ist\u00e9. \u010co je to Slov\u00e1k? \u010cech, ktor\u00fd hovor\u00ed po ma\u010farsky. To je star\u00fd v\u00fdraz. Rie\u0161enie vidia vo zv\u00fd\u0161enom tlaku na asimil\u00e1ciu obyvate\u013estva, najm\u00e4 ak s nimi v tomto smere spolupracuje vl\u00e1da materskej krajiny. Najsilnej\u0161\u00ed tlak vyv\u00edjalo Rak\u00fasko. Nep\u00e1\u010di sa v\u00e1m rak\u00faska \u017eivotn\u00e1 \u00farove\u0148? M\u00f4\u017eete od\u00eds\u0165. \u013dudia odtia\u013e sem neprich\u00e1dzali; naopak, odch\u00e1dzali \u2013 a st\u00e1le odch\u00e1dzaj\u00fa \u2013 odtia\u013e tam. Ostatn\u00fdm n\u00e1stupn\u00edckym \u0161t\u00e1tom tieto v\u00fdhody ch\u00fdbaj\u00fa. V\u0161etky v\u00fdchodoeur\u00f3pske n\u00e1rody pre\u0161\u013eapuj\u00fa na mieste zhruba na rovnakej \u00farovni. Maj\u00fa snahu asimilova\u0165 ostatn\u00fdch, no nar\u00e1\u017eaj\u00fa na odpor.<\/p>\n\n\n\n<p class=\"wp-block-paragraph\"><a href=\"https:\/\/www.facebook.com\/jan.cikel.5?comment_id=Y29tbWVudDoxNDA1Nzk2NTY0NzU1ODcxXzEwNjU4OTQ2NDYwMjA2ODc%3D&amp;__cft__[0]=AZZdnWIumge-Q9v72pTZ-Nq7FMXLXHN8UZBwACk-_pEvtkU1a6DdnDlMMyFcGE3Hz-qXZRgJXOteLcr9aMdgjbtZlBG7rGBxBxpCWXXlIxcXP1v6gDJavMpGUe-Erf7inTMINg3a0uAC2Umm9oMom4_Op0qVFhOS4PrgP8ytqvHsLw&amp;__tn__=R]-R\">J\u00e1n \u010cikel<\/a>: L\u00e1szl\u00f3 S\u00e1ndor &#8211; \u010ceskoslovensko existovalo osemdesiat rokov, no napokon to dopadlo inak. A nep\u00fa\u0161\u0165ajme sa do ot\u00e1zky, kto tu ako dlho \u017eije.<\/p>\n\n\n\n<p class=\"wp-block-paragraph\"><a href=\"https:\/\/www.facebook.com\/sandor.laszlo.9699?__cft__[0]=AZaQFSL37MJpcNiNUs-lnkWtuBDgn_6RXhXiTPH7gVPBBTZEFgLJ2yk1kNbUesGXigOvU_czZ-iiIiUVfj2QwtZFoqP27AAKRzKgmPFtDMh3JO_L5MHKbcTkNOmuGC4sfwB9SHMvRrjyzMqrah95bNyJ&amp;__tn__=R]-R\">S\u00e1ndor L\u00e1szl\u00f3<\/a>: J\u00e1n \u010cikel &#8211; Nie som to ja, kto to hovor\u00ed, ale historik. Hoci existovali aj d\u00f4vody na rozpad \u010ceskoslovenska.<\/p>\n\n\n\n<p class=\"wp-block-paragraph\"><a href=\"https:\/\/www.facebook.com\/jan.cikel.5?comment_id=Y29tbWVudDoxNDA1Nzk2NTY0NzU1ODcxXzEwNjU4OTQ2NDYwMjA2ODc%3D&amp;__cft__[0]=AZZdnWIumge-Q9v72pTZ-Nq7FMXLXHN8UZBwACk-_pEvtkU1a6DdnDlMMyFcGE3Hz-qXZRgJXOteLcr9aMdgjbtZlBG7rGBxBxpCWXXlIxcXP1v6gDJavMpGUe-Erf7inTMINg3a0uAC2Umm9oMom4_Op0qVFhOS4PrgP8ytqvHsLw&amp;__tn__=R]-R\">J\u00e1n \u010cikel<\/a>: L\u00e1szl\u00f3 S\u00e1ndor &#8211; Ak niekoho citujem, s\u00fahlas\u00edm s n\u00edm.<\/p>\n\n\n\n<p class=\"wp-block-paragraph\"><a href=\"https:\/\/www.facebook.com\/profile.php?id=61583854087388&amp;comment_id=Y29tbWVudDoxNDA1Nzk2NTY0NzU1ODcxXzEwNDIzMzcwNDUzNTY0NzM%3D&amp;__cft__[0]=AZaeNUi0lFC67-19QD_9NnN0mJLJ7iQGQfBjGidw4dXKSQRXD28V8QXVW-Wc18MBqokzC9tSofKkvtmTyO73eeZnxMuqxu7vTgPOqsDGVN1XHi1YDODlcK3Nv8BP5EVtPaLjN54MQt26fQQRk_ZGwV88Ef4iGUKQTlKrua0k_qRJRw&amp;__tn__=R]-R\">Zsolti Unger<\/a>: Keby nebolo Trianonu \u2013 a keby sa bolo uskuto\u010dnilo s\u010d\u00edtanie \u013eudu \u2013 Slov\u00e1ci by mo\u017eno boli hlasovali za zotrvanie v Uhorsku a \u010ceskoslovensko by nikdy nevzniklo; Uhorsk\u00e9 kr\u00e1\u013eovstvo by od nich vy\u017eadovalo, aby hovorili po ma\u010farsky, a oni by to museli chtiac-nechtiac zn\u00e1\u0161a\u0165. Tento n\u00e1rod ka\u017ed\u00e9ho v\u00edtal a \u017eil so v\u0161etk\u00fdmi v mieri, no v\u00fdsledkom bola nen\u00e1vis\u0165 vo\u010di Ma\u010farom \u2013 nak\u0155mite hladn\u00e9ho a on v\u00e1s vyhod\u00ed z vlastn\u00e9ho domu; tak\u00e1 je odmena. Existuj\u00fa dediny, kde pred kostolom veje slovensk\u00e1 vlajka alebo kde stoja sochy Turula; sk\u00faste si predstavi\u0165 opa\u010dn\u00fd scen\u00e1r. V \u010dasoch Osmanskej r\u00ed\u0161e bolo Horn\u00e9 Uhorsko \u2013 dne\u0161n\u00e9 Slovensko \u2013 s\u00fa\u010das\u0165ou Uhorsk\u00e9ho kr\u00e1\u013eovstva; to je ich probl\u00e9m. Kvalita \u2013 skuto\u010dn\u00e1 hodnota \u2013 zav\u00e1\u017ei viac ne\u017e len \u010d\u00edsla. Neuvedomili si, \u017ee n\u00e1rod pre\u017eije aj po Trianone. Netreba \u013eutova\u0165 t\u00fdch, ktor\u00ed sa odtrhli a stali sa Slov\u00e1kmi; \u013eudia, ktor\u00ed zostali v Uhorsku, tak\u00fd osud neza\u017eili. T\u00ed, ktor\u00ed skon\u010dili za hranicami, no zostali Ma\u010farmi, s\u00fa v\u00e4\u010d\u0161\u00edmi Ma\u010farmi, preto\u017ee zachovali n\u00e1rod \u2013 n\u00e1rod \u017eije \u010falej. Bu\u010fme na to hrd\u00ed; nikto n\u00e1s nebude \u013eutova\u0165, ak zanikneme.<\/p>\n\n\n\n<p class=\"wp-block-paragraph\"><a href=\"https:\/\/www.facebook.com\/sandor.laszlo.9699?comment_id=Y29tbWVudDoxNDA1Nzk2NTY0NzU1ODcxXzI1ODk3NzQ5MDQ3OTMwODk%3D&amp;__cft__[0]=AZYb0sCqt5ePOND2-9CT63IwsgWkow7h2ogiCiUTsEueZkHO9K9mC5Kjn6gjfh21OhfucZKh4ScpsU9jt_0DjObmlg-mIdmZzG-GMBpvtXmyiVBLQky6yF--RulxNjmgMp_-5aQkFKPYqMc7ezuONJlVJpzQDXrDIVo7-EjbwPkPkw&amp;__tn__=R]-R\">S\u00e1ndor L\u00e1szl\u00f3<\/a>: Zsolt Unger -Veru tak, bu\u010fme hrd\u00ed na na\u0161u ma\u010farsk\u00fa identitu.<\/p>\n\n\n\n<p class=\"wp-block-paragraph\"><a href=\"https:\/\/www.facebook.com\/tihamer.pakozdi.1?comment_id=Y29tbWVudDoxNDA1Nzk2NTY0NzU1ODcxXzEwNTgyMDM5MTM0MjMyNDM%3D&amp;__cft__[0]=AZb3ATuul9kXTsgpB8mRCo7uOsK7TyUzeCVueV4QjkzSC3V-pjG-hy5igYg_fNC7KZ4isETOh9P7qH55E4DjBsTpQ_SNB0Iy1Cs8kzYrsgDF2q_bn1cLXA_gf58XvZxPdLZRizn3p231SwUbFmNcRtrJWYQABUqN4yfObj9VYXnK4Q&amp;__tn__=R]-R\">Tiham\u00e9r P\u00e1kozdi<\/a>: Zsolti Unger &#8230; vo\u013eby v Tren\u010d\u00edne (podobne ako tie v \u0160oprone) a n\u00e1stup Kuna a jeho spojencov k moci zohrali \u00falohu pri \u201evyt\u00fd\u010den\u00ed\u201c hran\u00edc v Felvid\u00e9ku, no ako sa hovor\u00ed, s jedlom rastie chu\u0165 &#8230; a \u010cesi od bitky na Bielej hore \u201eexcelovali\u201c nanajv\u00fd\u0161 tak v prehr\u00e1van\u00ed &#8230; obsadenie nebr\u00e1nen\u00e9ho \u00fazemia im teda pri\u0161lo vhod &#8230; pravdou je, \u017ee po\u010das Ve\u013ekej vojny r\u00ed\u0161a \u010cechom ned\u00f4verovala, a tak sa na bojov\u00fdch oper\u00e1ci\u00e1ch podie\u013eali len v zanedbate\u013enej miere &#8230;.<\/p>\n\n\n\n<p class=\"wp-block-paragraph\"><a href=\"https:\/\/www.facebook.com\/profile.php?id=61583854087388&amp;comment_id=Y29tbWVudDoxNDA1Nzk2NTY0NzU1ODcxXzM2NDI1NDkzNTU4ODMwMTE%3D&amp;__cft__[0]=AZYSJgROwJBarMD3RdaUsHFgFeYfTA1HcPDHj49KYSYqhLkwuzVDYXfgs7Dk59q3ns8daFVFe1V3UqiU-BSfnPdeRlMC0p-zcF-a6vl2fSxa6WNFPQi0ESNUi7r9sAAz-RF32XrLcvRUuIMNpbuUDRkq&amp;__tn__=R]-R\">Zsolti Unger<\/a>:Tiham\u00e9ra P\u00e1kozdiho &#8211; \u010do sa t\u00fdka boja, \u017eiadny n\u00e1rod sa nem\u00f4\u017ee rovna\u0165 Ma\u010farom; no pokia\u013e ide o dne\u0161n\u00fa gener\u00e1ciu, nevsadil by som na to, \u017ee s\u00fa schopn\u00ed br\u00e1ni\u0165 sa.<\/p>\n\n\n\n<p class=\"wp-block-paragraph\"><a href=\"https:\/\/www.facebook.com\/jan.cervenak?comment_id=Y29tbWVudDoxNDA1Nzk2NTY0NzU1ODcxXzkwMTQzMzE1NjAyMjczMw%3D%3D&amp;__cft__[0]=AZYSJgROwJBarMD3RdaUsHFgFeYfTA1HcPDHj49KYSYqhLkwuzVDYXfgs7Dk59q3ns8daFVFe1V3UqiU-BSfnPdeRlMC0p-zcF-a6vl2fSxa6WNFPQi0ESNUi7r9sAAz-RF32XrLcvRUuIMNpbuUDRkq&amp;__tn__=R]-R\">J\u00e1n \u010cerven\u00e1k<\/a>: Nech \u017eije Trianonsk\u00e1 zmluva!<\/p>\n\n\n\n<p class=\"wp-block-paragraph\"><a href=\"https:\/\/www.facebook.com\/zoltan.hencz.1?comment_id=Y29tbWVudDoxNDA1Nzk2NTY0NzU1ODcxXzEzNjAzOTc5ODI4NzYwNzA%3D&amp;__cft__[0]=AZZhD8KH6o-Ibe920fP0YWOsn_UiNYClBlS8F7mRk3d6wkT_RKFKN8CM-boagUhkfQFtCeNVxgAPL9DitBU-wwfJwzBIeWnVdu7_PcYgqVNhNkI3oAjkAAqepM8dIdr6rAKyYfozI2kIfJapOg7rndYjbHX7Tb8QliOV1OQTWlkHQw&amp;__tn__=R]-R\">Zolt\u00e1n Hencz<\/a>: L\u00e1szl\u00f3 S\u00e1ndor &#8211; Na to ani nepotrebujete slovensk\u00e9ho historika; u\u017e \u010cesi to tak vtedy vn\u00edmali. Nepova\u017eovali ich za samostatn\u00fd n\u00e1rod \u2013 sk\u00f4r to vn\u00edmali ako n\u00e1re\u010die. Ten \u010desk\u00fd text z hlavy necitujem. Ak sa dobre pam\u00e4t\u00e1m, poch\u00e1dza z knihy od Masaryka.<\/p>\n\n\n\n<p class=\"wp-block-paragraph\"><a href=\"https:\/\/www.facebook.com\/sandor.laszlo.9699?comment_id=Y29tbWVudDoxNDA1Nzk2NTY0NzU1ODcxXzE3NDYyNTc2OTk5NTE1NDk%3D&amp;__cft__[0]=AZZhD8KH6o-Ibe920fP0YWOsn_UiNYClBlS8F7mRk3d6wkT_RKFKN8CM-boagUhkfQFtCeNVxgAPL9DitBU-wwfJwzBIeWnVdu7_PcYgqVNhNkI3oAjkAAqepM8dIdr6rAKyYfozI2kIfJapOg7rndYjbHX7Tb8QliOV1OQTWlkHQw&amp;__tn__=R]-R\">S\u00e1ndor L\u00e1szl\u00f3<\/a>: Zolt\u00e1n Hencz &#8211; Nie\u010do na tom je.<\/p>\n\n\n\n<p class=\"wp-block-paragraph\"><a href=\"https:\/\/www.facebook.com\/profile.php?id=100009230949659&amp;comment_id=Y29tbWVudDoxNDA1Nzk2NTY0NzU1ODcxXzE2NDQ3NDE5NDM4ODIwMTc%3D&amp;__cft__[0]=AZaQFSL37MJpcNiNUs-lnkWtuBDgn_6RXhXiTPH7gVPBBTZEFgLJ2yk1kNbUesGXigOvU_czZ-iiIiUVfj2QwtZFoqP27AAKRzKgmPFtDMh3JO_L5MHKbcTkNOmuGC4sfwB9SHMvRrjyzMqrah95bNyJ&amp;__tn__=R]-R\">\u013duboslav Lucovi\u010d<\/a>: Hanb\u00edm sa za toho Slov\u00e1ka, \u010do takto sprznil pam\u00e4tn\u00edk.<\/p>\n\n\n\n<p class=\"wp-block-paragraph\"><a href=\"https:\/\/www.facebook.com\/profile.php?id=100018818201812&amp;comment_id=Y29tbWVudDoxNDA1Nzk2NTY0NzU1ODcxXzE4OTU1MTMwNzE0MjUyMTA%3D&amp;__cft__[0]=AZahTpx9Mr0U_7y3Of5_S2rEMuRrfmcB2wtAE37x07WRQvMC8yNsJgZnMhR9Z7aIKlA_ihX5gfxid8JRcBRwFXBlnMwJmP93QCIY1q2KEAIS2OAFHeW1W0l17hqIgUcpE_13OeK21GN-6kxC7sMU8Bov721qmAe-3rLaPPcYiF2Nzg&amp;__tn__=R]-R\">Killner Judit Killnerov\u00e1<\/a>: \u013duboslav Lucovi\u010d &#8211; Ste pr\u00edkladom pre lud\u00ed,takto m\u00e1 rozmyslat clovek, bez ohladu na n\u00e1rodnost. \ud83d\ude42<\/p>\n\n\n\n<p class=\"wp-block-paragraph\"><a href=\"https:\/\/www.facebook.com\/profile.php?id=100081161365655&amp;comment_id=Y29tbWVudDoxNDA1Nzk2NTY0NzU1ODcxXzEzNTU1Mjc0NzMzOTk4NTA%3D&amp;__cft__[0]=AZZlu5C72iVeZGl6wHxGAZRNJchXKYExK37ykayrh7Rn6I7MKj29KPxfUdpQt_7TlQ4Bi06PlC9KYhDi9YA7_nlYqPryc1VF11P8VMyI0i9GvZSLnKncKk-1nX24wSJ03oSUG9zIvKB6vrCuUR-PJ2y8B-_POjKrpw8s4itK_9zpvw&amp;__tn__=R]-R\">Icson\u00e9 Fodor Val\u00e9ria<\/a>: \u013duboslav Lucovi\u010d &#8211; \u010eakujeme.<\/p>\n\n\n\n<p class=\"wp-block-paragraph\"><a href=\"https:\/\/www.facebook.com\/jan.cervenak?comment_id=Y29tbWVudDoxNDA1Nzk2NTY0NzU1ODcxXzEzNzk0MDI1NTEwMzI3NzU%3D&amp;__cft__[0]=AZZlu5C72iVeZGl6wHxGAZRNJchXKYExK37ykayrh7Rn6I7MKj29KPxfUdpQt_7TlQ4Bi06PlC9KYhDi9YA7_nlYqPryc1VF11P8VMyI0i9GvZSLnKncKk-1nX24wSJ03oSUG9zIvKB6vrCuUR-PJ2y8B-_POjKrpw8s4itK_9zpvw&amp;__tn__=R]-R\">J\u00e1n \u010cerven\u00e1k<\/a>: \u013duboslav Lucovi\u010d &#8211; Ako vie\u0161 \u017ee to nebol Ma\u010far? Nep\u00ed\u0161 voloviny.<\/p>\n\n\n\n<p class=\"wp-block-paragraph\"><a href=\"https:\/\/www.facebook.com\/angie.karikatura?comment_id=Y29tbWVudDoxNDA1Nzk2NTY0NzU1ODcxXzI1MzMxMzg1OTA1MzkyMTY%3D&amp;__cft__[0]=AZZlu5C72iVeZGl6wHxGAZRNJchXKYExK37ykayrh7Rn6I7MKj29KPxfUdpQt_7TlQ4Bi06PlC9KYhDi9YA7_nlYqPryc1VF11P8VMyI0i9GvZSLnKncKk-1nX24wSJ03oSUG9zIvKB6vrCuUR-PJ2y8B-_POjKrpw8s4itK_9zpvw&amp;__tn__=R]-R\">Ang\u00e9la Poth\u00e1czky<\/a>: \u013duboslav Lucovi\u010d k\u00f6sz\u00f6nj\u00fck, dakujeme.<\/p>\n\n\n\n<p class=\"wp-block-paragraph\"><a href=\"https:\/\/www.facebook.com\/stefan.farkas.16?comment_id=Y29tbWVudDoxNDA1Nzk2NTY0NzU1ODcxXzEyNjYzNTM2OTk4OTg4NTA%3D&amp;__cft__[0]=AZZlu5C72iVeZGl6wHxGAZRNJchXKYExK37ykayrh7Rn6I7MKj29KPxfUdpQt_7TlQ4Bi06PlC9KYhDi9YA7_nlYqPryc1VF11P8VMyI0i9GvZSLnKncKk-1nX24wSJ03oSUG9zIvKB6vrCuUR-PJ2y8B-_POjKrpw8s4itK_9zpvw&amp;__tn__=R]-R\">Stefan Farkas<\/a>:\u013duboslav Lucovi\u010d &#8211; A jak vie\u0161 \u017ee bol slov\u00e1k rospr\u00e1val si sn\u00edm \u010d\u00ed<\/p>\n\n\n\n<p class=\"wp-block-paragraph\"><a href=\"https:\/\/www.facebook.com\/profile.php?id=100009230949659&amp;__cft__[0]=AZahTpx9Mr0U_7y3Of5_S2rEMuRrfmcB2wtAE37x07WRQvMC8yNsJgZnMhR9Z7aIKlA_ihX5gfxid8JRcBRwFXBlnMwJmP93QCIY1q2KEAIS2OAFHeW1W0l17hqIgUcpE_13OeK21GN-6kxC7sMU8Bov721qmAe-3rLaPPcYiF2Nzg&amp;__tn__=R]-R\">\u013duboslav Lucovi\u010d<\/a>:Stefan Farkas &#8211; Isto neviem, ale kto in\u00fd by to mohol by\u0165?<\/p>\n\n\n\n<p class=\"wp-block-paragraph\"><a href=\"https:\/\/www.facebook.com\/stefan.farkas.16?comment_id=Y29tbWVudDoxNDA1Nzk2NTY0NzU1ODcxXzIwNDU3NjI0Mzk0MDExMjU%3D&amp;__cft__[0]=AZbUf7j6MG-PHrbSRB8eqremUJ-8ND4HrvnIZRrjfp48_0JbKyvhCUFVNn7wodp_mNe26Qp6NfYX2TwfUOCJb1CAK0VSt_uP_qoWcJn5KRC66kTCO2EMrLKzPDz8Yj3NAQrE4-ZvWiujFgEgiKs3qE5Z&amp;__tn__=R]-R\">Stefan Farkas<\/a>: \u013duboslav Lucovi\u010d &#8211; Ur\u010dite provokat\u00e9r len ktor\u00e9 stranu !!!<\/p>\n\n\n\n<p class=\"wp-block-paragraph\"><a href=\"https:\/\/www.facebook.com\/profile.php?id=100006098595316&amp;comment_id=Y29tbWVudDoxNDA1Nzk2NTY0NzU1ODcxXzIwMTIxMDM3ODk0NDIyMDI%3D&amp;__cft__[0]=AZYUYta64DUgJ4VAxCaszBMdpYaqkDo2pRtPNzN0Hx58eLXyqIfGedSDLez2Ysskqm4GX0W3UoyrEi_ERW-6A1nFoRdXcToZkXqwZXweLwcQvGsMe6lUUTXCDqVXqDOFFHs4gI69LzEEBeeKxFDJtB8MzjAOL3bRB5QkeoYSkXcxKA&amp;__tn__=R]-R\">Medi Lilith<\/a>: \u013duboslav Lucovi\u010d SVK n\u00e1rodnostne zmie\u0161an\u00e9 \u00fazemie, kde aktu\u00e1lne \u017eije pribli\u017ene 337-tis\u00edc cudzincov s platn\u00fdm pobytom, \u010do tvor\u00ed zhruba 6,96 % z celkovej popul\u00e1cie, trochu ste zaspali dobu.<\/p>\n\n\n\n<p class=\"wp-block-paragraph\"><a href=\"https:\/\/www.facebook.com\/ferenc.pusztai.9?comment_id=Y29tbWVudDoxNDA1Nzk2NTY0NzU1ODcxXzE1MjcxNDU2OTI3NjE3MDg%3D&amp;__cft__[0]=AZYUYta64DUgJ4VAxCaszBMdpYaqkDo2pRtPNzN0Hx58eLXyqIfGedSDLez2Ysskqm4GX0W3UoyrEi_ERW-6A1nFoRdXcToZkXqwZXweLwcQvGsMe6lUUTXCDqVXqDOFFHs4gI69LzEEBeeKxFDJtB8MzjAOL3bRB5QkeoYSkXcxKA&amp;__tn__=R]-R\">Ferenc Pusztai<\/a>: Ak chcete nie\u010do dosiahnu\u0165, Ma\u010fari z Felvid\u00e9ku, rozmno\u017eujte sa.<\/p>\n\n\n\n<p class=\"wp-block-paragraph\"><a href=\"https:\/\/www.facebook.com\/jules.varga.54?comment_id=Y29tbWVudDoxNDA1Nzk2NTY0NzU1ODcxXzQyMjkyMzkxMDM4NzU4MjM%3D&amp;__cft__[0]=AZZEuGjcX2EKYFma4F3LS3yPT_WcumfWFahxWJALkStC1DqUu3rp_57fsnidOreTCIxfjCKz5dj69q4ZGFcAz0CUYaONOKcteYKmOiGm-TfC39WtQsxBuKalsybjARyoFmFCzV2j4TqcwCGlxcQANjZ3cYVkZthjfD1bY1gC04ZE8Q&amp;__tn__=R]-R\">Jules Varga<\/a>: Ferenc Pusztai &#8211; A neberte si t\u00f3tky (Slovenky)&#8230;<\/p>\n\n\n\n<p class=\"wp-block-paragraph\"><a href=\"https:\/\/www.facebook.com\/martin.hajnal.9003?comment_id=Y29tbWVudDoxNDA1Nzk2NTY0NzU1ODcxXzIyMzgxMjc0NzY5ODM0NDM%3D&amp;__cft__[0]=AZbTVMsUZu4wceqsrQQogfsEWGsrnoZPbI4WJjPoSLMVp1AOmTpy-lPMx1agp_BKjOIfWT08_MPYZ9k3yhNdPalP5u7msBStxBmREIEOdZ-PPdYhSkAY-mzCDGnFS1cQoDx9Wfhpa7Dmi2dC9mTTLlZ2d1eFjk7SavFs5d8WmQD61A&amp;__tn__=R]-R\">Martin Hajnal<\/a>:Jules Varga &#8211; M\u00e1te pekn\u00e9 \u201ema\u010farsk\u00e9\u201c meno.<\/p>\n\n\n\n<p class=\"wp-block-paragraph\"><a href=\"https:\/\/www.facebook.com\/lydia.cseh?comment_id=Y29tbWVudDoxNDA1Nzk2NTY0NzU1ODcxXzEzNzI5MTI3MzEwNjgyMjQ%3D&amp;__cft__[0]=AZZ8Elp2wbhfdXf2aCVGFzeB0Ke2w9782F8LdFUAFYb7fC_0CqbBcJMZzx599RzHr8nuVjZCs53tPWZ263A-FcQFwjTsip_wnedwa3gQqskBd6S2LgdWC7fF3kNnDwsQeNdRzF0UuWZHDp8zze_-AJE4&amp;__tn__=R]-R\">Lydia Cseh<\/a>: Jules Varga, prehliadli ste skuto\u010dnos\u0165, \u017ee die\u0165a v\u017edy ded\u00ed svoj p\u00f4vod po materskej l\u00ednii \u2013 tak\u017ee ma\u010farsk\u00e1 matka bude ma\u0165 ma\u010farsk\u00e9 die\u0165a. Hoci by bol otec Slov\u00e1k a die\u0165a sa narodilo tu na Slovensku, slovensk\u00e9 bude len jeho ob\u010dianstvo, ke\u010f\u017ee dvojit\u00e9 ob\u010dianstvo sa tu nepovo\u013euje; to teda nie je d\u00f4vod, pre\u010do je po\u010det Ma\u010farov n\u00edzky.<\/p>\n\n\n\n<p class=\"wp-block-paragraph\"><a href=\"https:\/\/www.facebook.com\/profile.php?id=100018818201812&amp;comment_id=Y29tbWVudDoxNDA1Nzk2NTY0NzU1ODcxXzEwNTg3NTcwOTY1NjA3NTc%3D&amp;__cft__[0]=AZZ8Elp2wbhfdXf2aCVGFzeB0Ke2w9782F8LdFUAFYb7fC_0CqbBcJMZzx599RzHr8nuVjZCs53tPWZ263A-FcQFwjTsip_wnedwa3gQqskBd6S2LgdWC7fF3kNnDwsQeNdRzF0UuWZHDp8zze_-AJE4&amp;__tn__=R]-R\">Killner Judit Killnerov\u00e1<\/a>: Ferenc Pusztai &#8211; \u00c1no, to by bolo to najd\u00f4le\u017eitej\u0161ie.<\/p>\n\n\n\n<p class=\"wp-block-paragraph\"><a href=\"https:\/\/www.facebook.com\/ferenc.pusztai.9?comment_id=Y29tbWVudDoxNDA1Nzk2NTY0NzU1ODcxXzE2OTYyMzUwNDE0MzI5ODU%3D&amp;__cft__[0]=AZZ8Elp2wbhfdXf2aCVGFzeB0Ke2w9782F8LdFUAFYb7fC_0CqbBcJMZzx599RzHr8nuVjZCs53tPWZ263A-FcQFwjTsip_wnedwa3gQqskBd6S2LgdWC7fF3kNnDwsQeNdRzF0UuWZHDp8zze_-AJE4&amp;__tn__=R]-R\">Ferenc Pusztai<\/a>:Judit Killnerov\u00e1 \u2013 Je to na v\u00e1s.<\/p>\n\n\n\n<p class=\"wp-block-paragraph\"><a href=\"https:\/\/www.facebook.com\/profile.php?id=100018818201812&amp;comment_id=Y29tbWVudDoxNDA1Nzk2NTY0NzU1ODcxXzE0MDgzNTcyNTc4ODQyNzQ%3D&amp;__cft__[0]=AZadiKP-OQqS6JgfECErqnesDmsfiHt4bKgH1SAA-O7XVEOca5NXh0Zab2pDRT0wvsWDgJR2r9SYVV4MpqDHf8i8rD7f7-YE6kHqabypngPNVr8VQBRK2a-N8nsy_ipmhKTKDq2lUeoN1NtjytbZVPfZql2Fv2bdKWFmHA35lp932g&amp;__tn__=R]-R\">Killner Judit Killnerov\u00e1<\/a>: Ferenc Pusztai &#8211; Nu\u017e, \u00e1no. Mlad\u00fdch \u013eud\u00ed v\u0161ak treba aj presved\u010di\u0165, \u017ee asimil\u00e1cia nie je jedin\u00fd sp\u00f4sob, ako v \u017eivote uspie\u0165. Je d\u00f4le\u017eit\u00e9 trva\u0165 na vzdel\u00e1van\u00ed v materinskom jazyku. Mnoh\u00e9 mlad\u00e9 p\u00e1ry zapisuj\u00fa svoje deti do slovensk\u00fdch \u0161k\u00f4l a nesk\u00f4r si vyberaj\u00fa slovensk\u00fdch partnerov. V d\u00f4sledku toho potom vn\u00fa\u010dat\u00e1 hovoria u\u017e len po slovensky. A ch\u00fdbaj\u00faca ma\u010farsk\u00e1 \u0161k\u00f4lka \u010di \u0161kola nie je \u017eiadnou v\u00fdhovorkou. Tak\u00fdto postoj je sk\u013eu\u010duj\u00faci. Pr\u00e1ve takto sa str\u00e1came \u2013 pomaly, ale isto.<\/p>\n\n\n\n<p class=\"wp-block-paragraph\"><a href=\"https:\/\/www.facebook.com\/ferenc.pusztai.9?comment_id=Y29tbWVudDoxNDA1Nzk2NTY0NzU1ODcxXzEzMTgyNjk5MjM1MDQ5NDc%3D&amp;__cft__[0]=AZaWG0dX-fgniN8smIVxNsU4Arqycdf5HQmw1Wzxkx2f5GKUoOdNvKz-gWtM5aYwphveGTRCsf0JsowNNNKWl9qTnBmc4uQfe26Yp1yRK9ZtzbBn-PGgxuJRcdBGuL3-qfW3jpqXPFhohW01BNvHwiz9Y9CCxDPLLhw5tocpWAC4Cg&amp;__tn__=R]-R\">Ferenc Pusztai<\/a>: Judit Killnerov\u00e1 &#8211; Nemohol by som chodi\u0165 za \u017eiadnou z t\u00fdch peknych diev\u010dat z Felvid\u00e9ku. Slovensko poskytuje peniaze za viac det\u00ed \u2013 teraz by sa to oplatilo. Je to na v\u00e1s.<\/p>\n\n\n\n<p class=\"wp-block-paragraph\"><a href=\"https:\/\/www.facebook.com\/profile.php?id=100018818201812&amp;comment_id=Y29tbWVudDoxNDA1Nzk2NTY0NzU1ODcxXzEwNDc3OTExNTQ4MzcwMTg%3D&amp;__cft__[0]=AZYCTXNJ_p-LGMFh3WwchkQcHF_jW_OASEqu2IV0V8KadwRzpWa4hpYVtHaPJZj_DG-Foi1x9wQH2MOlyhOPJJ7Gkk-0r-G5mGHQRvkSmy2kl1HM-vHnIsNK-xO5aQcBXx1nyFqtEDKdPfPVZX-7J5roKwgCNhN0ooDhkkSidQlCMw&amp;__tn__=R]-R\">Killner Judit Killnerov\u00e1<\/a>: Ferenc Pusztai &#8211; Pekne povedan\u00e9. \ud83d\ude42 Ale necho\u010f sem kv\u00f4li peniazom \u2013 len kv\u00f4li kr\u00e1snym diev\u010dat\u00e1m.<\/p>\n\n\n\n<p class=\"wp-block-paragraph\"><a href=\"https:\/\/www.facebook.com\/angie.karikatura?comment_id=Y29tbWVudDoxNDA1Nzk2NTY0NzU1ODcxXzE5MzkxMDI3MjAxMTkwNTA%3D&amp;__cft__[0]=AZYCTXNJ_p-LGMFh3WwchkQcHF_jW_OASEqu2IV0V8KadwRzpWa4hpYVtHaPJZj_DG-Foi1x9wQH2MOlyhOPJJ7Gkk-0r-G5mGHQRvkSmy2kl1HM-vHnIsNK-xO5aQcBXx1nyFqtEDKdPfPVZX-7J5roKwgCNhN0ooDhkkSidQlCMw&amp;__tn__=R]-R\">Ang\u00e9la Poth\u00e1czky<\/a>: Judit Killnerov\u00e1 \u2013 Ktor\u00e1 to rob\u00ed a ktorej vn\u00fa\u010da u\u017e nie je Ma\u010farom \u2013 v skuto\u010dnosti nikdy Ma\u010farkou ani nebola; je slaboch, je to zradky\u0148a.<\/p>\n\n\n\n<p class=\"wp-block-paragraph\"><a href=\"https:\/\/www.facebook.com\/ilontak?comment_id=Y29tbWVudDoxNDA1Nzk2NTY0NzU1ODcxXzEwMjc4ODI3NTY5MDM0NDc%3D&amp;__cft__[0]=AZYCTXNJ_p-LGMFh3WwchkQcHF_jW_OASEqu2IV0V8KadwRzpWa4hpYVtHaPJZj_DG-Foi1x9wQH2MOlyhOPJJ7Gkk-0r-G5mGHQRvkSmy2kl1HM-vHnIsNK-xO5aQcBXx1nyFqtEDKdPfPVZX-7J5roKwgCNhN0ooDhkkSidQlCMw&amp;__tn__=R]-R\">Taksonyi Halasi Ilonka<\/a>: Ferenc Pusztai &#8211; Bohu\u017eia\u013e, tak\u00e9 jednoduch\u00e9 to nie je. Mnoh\u00ed ma\u010farsk\u00ed rodi\u010dia posielaj\u00fa svoje deti do slovensk\u00fdch \u0161k\u00f4l, aby to v \u017eivote nesk\u00f4r \u013eah\u0161ie dotiahli \u010faleko&#8230; Ani nehovoriac o tom, \u017ee sa tieto deti nenau\u010dia v\u0161etky tie kr\u00e1sne b\u00e1sni\u010dky, pesni\u010dky a podobne, ktor\u00e9 by inak mohli \u010falej odovzd\u00e1va\u0165&#8230;<\/p>\n\n\n\n<p class=\"wp-block-paragraph\"><a href=\"https:\/\/www.facebook.com\/peter.farkas3202?comment_id=Y29tbWVudDoxNDA1Nzk2NTY0NzU1ODcxXzI4Mjg5ODIxODc3MzIxMDIz&amp;__cft__[0]=AZYCTXNJ_p-LGMFh3WwchkQcHF_jW_OASEqu2IV0V8KadwRzpWa4hpYVtHaPJZj_DG-Foi1x9wQH2MOlyhOPJJ7Gkk-0r-G5mGHQRvkSmy2kl1HM-vHnIsNK-xO5aQcBXx1nyFqtEDKdPfPVZX-7J5roKwgCNhN0ooDhkkSidQlCMw&amp;__tn__=R]-R\">P\u00e9ter Farkas<\/a>: Ferenc Pusztai &#8211; Nie je ako my<\/p>\n\n\n\n<p class=\"wp-block-paragraph\"><a href=\"https:\/\/www.facebook.com\/profile.php?id=100008409872479&amp;comment_id=Y29tbWVudDoxNDA1Nzk2NTY0NzU1ODcxXzk4NzgzMzg4MDk0NjQ0Mw%3D%3D&amp;__cft__[0]=AZYCTXNJ_p-LGMFh3WwchkQcHF_jW_OASEqu2IV0V8KadwRzpWa4hpYVtHaPJZj_DG-Foi1x9wQH2MOlyhOPJJ7Gkk-0r-G5mGHQRvkSmy2kl1HM-vHnIsNK-xO5aQcBXx1nyFqtEDKdPfPVZX-7J5roKwgCNhN0ooDhkkSidQlCMw&amp;__tn__=R]-R\">Janos Kelemen<\/a>: Ferenc Pusztai &#8211; To je v\u0161ade, nielen na Felvid\u00e9ku<\/p>\n\n\n\n<p class=\"wp-block-paragraph\"><a href=\"https:\/\/www.facebook.com\/profile.php?id=100018818201812&amp;comment_id=Y29tbWVudDoxNDA1Nzk2NTY0NzU1ODcxXzI1OTA1NjE1NTQ3NDg1NDM%3D&amp;__cft__[0]=AZZUDVLJ8hmA5lxPtfaO4rXHyOemGbu-JhS3eRJfV_Fd-1nClmbJU8oEATpNwNE3o-MQnx7--jtce3jkppsWVHvtAhBIg9DhWihWCrVA8Eoa1mFoKj6t1_hZD_yN3dn4p5Z_klPM9Xd7QC1SYsR5d4JjCpd7aTfuL8cwFp57nijB9A&amp;__tn__=R]-R\">Killner Judit Killnerov\u00e1<\/a>: Hm. Doteraz bol pokoj. V\u010faka politikom, ktor\u00ed rozburuj\u00fa hladinu, a t\u00fdm, ktor\u00ed naletia na lacn\u00e9 politick\u00e9 hry podnecuj\u00face etnick\u00e9 nap\u00e4tie. Toto je to posledn\u00e9, \u010do potrebujeme. Starost\u00ed m\u00e1me u\u017e aj tak dos\u0165.<\/p>\n\n\n\n<p class=\"wp-block-paragraph\"><a href=\"https:\/\/www.facebook.com\/laszlo.paskuly?comment_id=Y29tbWVudDoxNDA1Nzk2NTY0NzU1ODcxXzE3Njg5MDA5MDEwODg0MjQ%3D&amp;__cft__[0]=AZZUDVLJ8hmA5lxPtfaO4rXHyOemGbu-JhS3eRJfV_Fd-1nClmbJU8oEATpNwNE3o-MQnx7--jtce3jkppsWVHvtAhBIg9DhWihWCrVA8Eoa1mFoKj6t1_hZD_yN3dn4p5Z_klPM9Xd7QC1SYsR5d4JjCpd7aTfuL8cwFp57nijB9A&amp;__tn__=R]-R\">L\u00e1szl\u00f3 P\u00e1skuly<\/a>: Keby boli \u00falohy vymenen\u00e9, Slov\u00e1ci by okam\u017eite v\u0161ade pobehovali, do\u017eadovali sa potrestania Ma\u010farov a robili by obrovsk\u00fd rozruch. Mali by sa hanbi\u0165!<\/p>\n\n\n\n<p class=\"wp-block-paragraph\"> <a href=\"https:\/\/www.facebook.com\/profile.php?id=100001407157281&amp;comment_id=Y29tbWVudDoxNDA1Nzk2NTY0NzU1ODcxXzEzNTQ0Nzc0OTk3MjQ4NTE%3D&amp;__cft__[0]=AZZJVfkRap8nz2dr0Nhvfqem6_Recy6uW2kjysZvswqcgzxHdsgQlhkYyXOQdOFHo10JSYLjn0olL2pzKIG1-uwK2p_WQOXZINWRi_fC3xGBRAPqUvj2z9MJJzzXrYolJtqlJvjS1lECHlUgPB0u0w68ZbznwUHIhPVdjVNAPi8NYA&amp;__tn__=R]-R\">Gy\u00f6rgyi Gn\u00e9 Geber\u00e1n<\/a>: S\u00fa tak\u00ed, ktor\u00ed sa v tejto pozemskej existencii nedok\u00e1\u017eu zmeni\u0165 \u2013 nieto e\u0161te zmenu sami vyvola\u0165. Napokon sa v\u0161ak pou\u010dia, ke\u010f zak\u00fasia vlastn\u00fa boles\u0165, z\u00fafalstvo a muky \u2013 veci, s ktor\u00fdmi sa tak \u010di onak nevyhnutne stretn\u00fa. \u201e\u010co zasej\u00fa, to musia aj zo\u017ea\u0165!\u201c Mo\u017eno sa na tom bud\u00fa smia\u0165, zab\u00e1va\u0165 \u010di dokonca tancova\u0165! Osud, karma a spravodliv\u00fd s\u00fad napokon ka\u017ed\u00e9ho vylie\u010dia z jeho zatrpknut\u00e9ho a nen\u00e1vistn\u00e9ho sp\u00f4sobu bytia. Dovtedy nech si u\u017e\u00edvaj\u00fa svoju z\u00e1bavu. Nech \u010do najlep\u0161ie vyu\u017eij\u00fa t\u00fato prchav\u00fa pr\u00edle\u017eitos\u0165, ktor\u00e1 sa u\u017e nikdy nevr\u00e1ti.<\/p>\n\n\n\n<p class=\"wp-block-paragraph\"><a href=\"https:\/\/www.facebook.com\/profile.php?id=100080128843428&amp;comment_id=Y29tbWVudDoxNDA1Nzk2NTY0NzU1ODcxXzQ2NjQyNzEwNTcxMjc4NzQ%3D&amp;__cft__[0]=AZZJVfkRap8nz2dr0Nhvfqem6_Recy6uW2kjysZvswqcgzxHdsgQlhkYyXOQdOFHo10JSYLjn0olL2pzKIG1-uwK2p_WQOXZINWRi_fC3xGBRAPqUvj2z9MJJzzXrYolJtqlJvjS1lECHlUgPB0u0w68ZbznwUHIhPVdjVNAPi8NYA&amp;__tn__=R]-R\">Atilla Cs\u00f3tai<\/a>: Ukradli jazyk \u010cechom a erb, hymnu i \u00fazemie Ma\u010farom! Zberba!<\/p>\n\n\n\n<p class=\"wp-block-paragraph\"><a href=\"https:\/\/www.facebook.com\/maria.varga.56481379?comment_id=Y29tbWVudDoxNDA1Nzk2NTY0NzU1ODcxXzEwODAzMTUyMDEyMTkxNTA%3D&amp;__cft__[0]=AZZW4EaMn2CKT0FV_CwoNbSbBxb5Sr69ZSbzxM9GeYoQv1v-B5E8KtNk0hnIxarQ1Qp1l-MKw-gJyMjGKE4TyEJaKsiqZcoTX1SO4ozFac5W8niR7FSfWYG5o6Dop-6JgRiocoQOKgfmQDOE17WwOTRixeEc7lI2CqVBO2vbcS2XqA&amp;__tn__=R]-R\">Maria Varga<\/a>: Felvid\u00e9k, K\u00e1rp\u00e1talja, Erd\u00e9ly, D\u00e9lvid\u00e9k, \u0150rvid\u00e9k <img loading=\"lazy\" decoding=\"async\" height=\"16\" width=\"16\" src=\"https:\/\/static.xx.fbcdn.net\/images\/emoji.php\/v9\/t1e\/1\/16\/1f33f.png\" alt=\"\ud83c\udf3f\"><img loading=\"lazy\" decoding=\"async\" height=\"16\" width=\"16\" src=\"https:\/\/static.xx.fbcdn.net\/images\/emoji.php\/v9\/t20\/1\/16\/1f1ed_1f1fa.png\" alt=\"\ud83c\udded\ud83c\uddfa\"><img loading=\"lazy\" decoding=\"async\" height=\"16\" width=\"16\" src=\"https:\/\/static.xx.fbcdn.net\/images\/emoji.php\/v9\/t1e\/1\/16\/1f33f.png\" alt=\"\ud83c\udf3f\"><img loading=\"lazy\" decoding=\"async\" height=\"16\" width=\"16\" src=\"https:\/\/static.xx.fbcdn.net\/images\/emoji.php\/v9\/t20\/1\/16\/1f1ed_1f1fa.png\" alt=\"\ud83c\udded\ud83c\uddfa\"><img loading=\"lazy\" decoding=\"async\" height=\"16\" width=\"16\" src=\"https:\/\/static.xx.fbcdn.net\/images\/emoji.php\/v9\/t1e\/1\/16\/1f33f.png\" alt=\"\ud83c\udf3f\"><img loading=\"lazy\" decoding=\"async\" height=\"16\" width=\"16\" src=\"https:\/\/static.xx.fbcdn.net\/images\/emoji.php\/v9\/t20\/1\/16\/1f1ed_1f1fa.png\" alt=\"\ud83c\udded\ud83c\uddfa\"><img loading=\"lazy\" decoding=\"async\" height=\"16\" width=\"16\" src=\"https:\/\/static.xx.fbcdn.net\/images\/emoji.php\/v9\/t1e\/1\/16\/1f33f.png\" alt=\"\ud83c\udf3f\"><img loading=\"lazy\" decoding=\"async\" height=\"16\" width=\"16\" src=\"https:\/\/static.xx.fbcdn.net\/images\/emoji.php\/v9\/t20\/1\/16\/1f1ed_1f1fa.png\" alt=\"\ud83c\udded\ud83c\uddfa\"><img loading=\"lazy\" decoding=\"async\" height=\"16\" width=\"16\" src=\"https:\/\/static.xx.fbcdn.net\/images\/emoji.php\/v9\/t1e\/1\/16\/1f33f.png\" alt=\"\ud83c\udf3f\"><img loading=\"lazy\" decoding=\"async\" height=\"16\" width=\"16\" src=\"https:\/\/static.xx.fbcdn.net\/images\/emoji.php\/v9\/t20\/1\/16\/1f1ed_1f1fa.png\" alt=\"\ud83c\udded\ud83c\uddfa\"><img loading=\"lazy\" decoding=\"async\" height=\"16\" width=\"16\" src=\"https:\/\/static.xx.fbcdn.net\/images\/emoji.php\/v9\/t1e\/1\/16\/1f33f.png\" alt=\"\ud83c\udf3f\"><img loading=\"lazy\" decoding=\"async\" height=\"16\" width=\"16\" src=\"https:\/\/static.xx.fbcdn.net\/images\/emoji.php\/v9\/t20\/1\/16\/1f1ed_1f1fa.png\" alt=\"\ud83c\udded\ud83c\uddfa\"><\/p>\n\n\n\n<p class=\"wp-block-paragraph\"><a href=\"https:\/\/www.facebook.com\/keszegh.peter.7?comment_id=Y29tbWVudDoxNDA1Nzk2NTY0NzU1ODcxXzIxMTQ1NTgyODYwNzI5ODI%3D&amp;__cft__[0]=AZZW4EaMn2CKT0FV_CwoNbSbBxb5Sr69ZSbzxM9GeYoQv1v-B5E8KtNk0hnIxarQ1Qp1l-MKw-gJyMjGKE4TyEJaKsiqZcoTX1SO4ozFac5W8niR7FSfWYG5o6Dop-6JgRiocoQOKgfmQDOE17WwOTRixeEc7lI2CqVBO2vbcS2XqA&amp;__tn__=R]-R\">Keszegh P\u00e9ter<\/a>: Vr\u00e1\u0165 sa do h\u00f4r \u0161uka\u0165 kozy.<\/p>\n\n\n\n<p class=\"wp-block-paragraph\"><a href=\"https:\/\/www.facebook.com\/ferenczm?comment_id=Y29tbWVudDoxNDA1Nzk2NTY0NzU1ODcxXzEwMzg1NTE1MDkwMDA1MDY%3D&amp;__cft__[0]=AZZWxYerMGBTV4DTHw15WPCLcS5DafeyTPF10TqlQXokw5PZwk4M5mUb143jEhDzz7U6mSMk4GvI5Z1mDulvr0t_cFuNrdJHEQQxgcFTAGFpvfsCFNaIogcPSmHIbAzRiEBFK2etrtVwTm6Ube6aiBKI&amp;__tn__=R]-R\">Ferencz M\u00e1rton<\/a>: P\u00e9ter Keszegh &#8211; \u0160uka\u0165 kozu je v\u00fdsadou vyspelej\u0161\u00edch n\u00e1rodov, t\u00f3ti nah\u00e1\u0148aj\u00fa kamz\u00edky&#8230;<\/p>\n\n\n\n<p class=\"wp-block-paragraph\"><a href=\"https:\/\/www.facebook.com\/martin.hajnal.9003?comment_id=Y29tbWVudDoxNDA1Nzk2NTY0NzU1ODcxXzkxNTAzOTg4MTY0NTg4NA%3D%3D&amp;__cft__[0]=AZZWxYerMGBTV4DTHw15WPCLcS5DafeyTPF10TqlQXokw5PZwk4M5mUb143jEhDzz7U6mSMk4GvI5Z1mDulvr0t_cFuNrdJHEQQxgcFTAGFpvfsCFNaIogcPSmHIbAzRiEBFK2etrtVwTm6Ube6aiBKI&amp;__tn__=R]-R\">Martin Hajnal<\/a>: Keszegh P\u00e9ter &#8211; Pod\u013ea tej istej logiky by sa t\u00ed ve\u013ek\u00ed Ma\u010fari mohli pokojne vr\u00e1ti\u0165 za Ural a \u0161uka\u0165 kone.<\/p>\n\n\n\n<p class=\"wp-block-paragraph\"><a href=\"https:\/\/www.facebook.com\/bela.fazekas.790?comment_id=Y29tbWVudDoxNDA1Nzk2NTY0NzU1ODcxXzE2MjUyMDUzNTkxNjk2OTA%3D&amp;__cft__[0]=AZZWxYerMGBTV4DTHw15WPCLcS5DafeyTPF10TqlQXokw5PZwk4M5mUb143jEhDzz7U6mSMk4GvI5Z1mDulvr0t_cFuNrdJHEQQxgcFTAGFpvfsCFNaIogcPSmHIbAzRiEBFK2etrtVwTm6Ube6aiBKI&amp;__tn__=R]-R\">Fazekas B\u00e9la<\/a>: Martin Hajnal &#8211; Ki tart vissza? (Google preklada\u010d:\u010co v\u00e1s brzd\u00ed?)<\/p>\n\n\n\n<p class=\"wp-block-paragraph\"><a href=\"https:\/\/www.facebook.com\/ferenc.toth.9862273?comment_id=Y29tbWVudDoxNDA1Nzk2NTY0NzU1ODcxXzIwMDI5NDUzMDcwNTYwMDM%3D&amp;__cft__[0]=AZY6y5_kOEAEmg-liRvPQc8EaX2CID__gmccPewTUhFzNRIoMajaOjEYi3MkFZjXorb3VU_apb1nVr9PxIxta-kAHjSEcSOOgCR06S_v-Tq6odjXopx6kNPlzD4mLzvXbuumSzXRaPZX-qr50hpHF-L_pAQhTg4QZHUFypFeXTi8Vg&amp;__tn__=R]-R\">Ferenc T\u00f3th<\/a>: Toto je prejav strachu!<\/p>\n\n\n\n<p class=\"wp-block-paragraph\"><a href=\"https:\/\/www.facebook.com\/andras.csegzi?comment_id=Y29tbWVudDoxNDA1Nzk2NTY0NzU1ODcxXzIwNjc0MjI4MjcxOTY4OTY%3D&amp;__cft__[0]=AZY6y5_kOEAEmg-liRvPQc8EaX2CID__gmccPewTUhFzNRIoMajaOjEYi3MkFZjXorb3VU_apb1nVr9PxIxta-kAHjSEcSOOgCR06S_v-Tq6odjXopx6kNPlzD4mLzvXbuumSzXRaPZX-qr50hpHF-L_pAQhTg4QZHUFypFeXTi8Vg&amp;__tn__=R]-R\">Andras Csegzi<\/a>: N\u00e1stupn\u00edcke \u0161t\u00e1ty, ako napr\u00edklad Slovensko, s\u00fa tak\u00e9 citliv\u00e9 preto, \u017ee ich su\u017euje pocit menejcennosti, ktor\u00fd sa men\u00ed na pocit nadradenosti. Toto patologick\u00e9 nacionalistick\u00e9 zm\u00fd\u0161\u013eanie m\u00e1 korene v dejin\u00e1ch, ktor\u00e9 boli kedysi okrajov\u00e9.<br>Je \u0165a\u017ek\u00e9 zmieri\u0165 sa s absenciou sl\u00e1vnej historickej minulosti; drviv\u00e1 v\u00e4\u010d\u0161ina preto st\u00e1le trv\u00e1 na v\u00fdu\u010dbe vymyslen\u00fdch dej\u00edn. T\u00ed, ktor\u00ed ovl\u00e1daj\u00fa kult\u00farnu politiku, t\u00fato ideol\u00f3giu \u00fazkostlivo str\u00e1\u017eia!<\/p>\n\n\n\n<p class=\"wp-block-paragraph\"><a href=\"https:\/\/www.facebook.com\/profile.php?id=100010065919479&amp;comment_id=Y29tbWVudDoxNDA1Nzk2NTY0NzU1ODcxXzEwOTEzNzAyMTAwNzUwNzM%3D&amp;__cft__[0]=AZbUd0ryoRLgNmVdY7ustgNTNhqqAs0Nu8k1WE3Xn1PMEA8uLum_1-NOjACoQDDwj0SUqGss5-fzgkiWr01lq3vcU_on-xZkMEMvqVgW6HaNweWm90WAElKmCPu4dNe5HLtRcxL0uhEKJdkt4mYAB4Ea&amp;__tn__=R]-R\">Laszlo Kaczur<\/a>: Slovensko je krajina na smiech!! Vzniklo a\u017e v roku 1993, a predsa tvrdia, \u017ee maj\u00fa bohat\u00fa hist\u00f3riu \ud83d\ude02\ud83d\ude02\ud83d\ude02 Privlast\u0148uj\u00fa si \u00fazemia, ktor\u00e9 boli 1 100 rokov ma\u010farsk\u00e9 \u2013 s\u00fa ako n\u00e1rod zlodejov a zradcov, vym\u00fd\u0161\u013eaj\u00fa si rozpr\u00e1vky a hl\u00e1sia sa k ma\u010farsk\u00fdm kr\u00e1\u013eom \u010di vojensk\u00fdm velite\u013eom, akoby boli ich vlastn\u00ed! Aj Andersen by sa \u010dervenal pri to\u013ek\u00fdch v\u00fdmysloch! V\u017edy sme boli tak\u00ed hlup\u00e1ci, \u017ee sme ka\u017ed\u00e9ho prijali medzi seba!! Nemali sme im dovoli\u0165 usadi\u0165 sa vo ve\u013ek\u00fdch celkoch; mali by\u0165 rozpt\u00fdlen\u00ed, a to bez svojich n\u00e1bo\u017eensk\u00fdch vodcov! Potom by sa boli asimilovali! Namiesto toho sme ich nechali \u017ei\u0165 vo ve\u013ek\u00fdch skupin\u00e1ch a navy\u0161e sme dovolili napr\u00edklad ich k\u0148azom \u0161\u00edri\u0165 proti-ma\u010farsk\u00fa propagandu!<\/p>\n\n\n\n<p class=\"wp-block-paragraph\"><a href=\"https:\/\/www.facebook.com\/ladislav.voros?comment_id=Y29tbWVudDoxNDA1Nzk2NTY0NzU1ODcxXzIzMzEzNzQyNDQzMzczNTM%3D&amp;__cft__[0]=AZbUd0ryoRLgNmVdY7ustgNTNhqqAs0Nu8k1WE3Xn1PMEA8uLum_1-NOjACoQDDwj0SUqGss5-fzgkiWr01lq3vcU_on-xZkMEMvqVgW6HaNweWm90WAElKmCPu4dNe5HLtRcxL0uhEKJdkt4mYAB4Ea&amp;__tn__=R]-R\">Ladislav V\u00f6r\u00f6s<\/a>: Bohu\u017eia\u013e, tak\u00e1 je situ\u00e1cia a n\u00e1s Ma\u010farov je v Hornom Uhorsku \u010doraz menej. \u017dia\u013e, tunaj\u0161ia ma\u010farsk\u00e1 komunita pomaly vymiera. Aj v mojej dedine kedysi \u017eilo mnoho Ma\u010farov, no dnes u\u017e po ma\u010farsky hovor\u00ed m\u00e1lokto \u2013 azda len star\u0161ia gener\u00e1cia.<\/p>\n\n\n\n<p class=\"wp-block-paragraph\"><a href=\"https:\/\/www.facebook.com\/laszlo.nema.3?comment_id=Y29tbWVudDoxNDA1Nzk2NTY0NzU1ODcxXzM1MTUzODY5NzUyODMwMDE%3D&amp;__cft__[0]=AZbUd0ryoRLgNmVdY7ustgNTNhqqAs0Nu8k1WE3Xn1PMEA8uLum_1-NOjACoQDDwj0SUqGss5-fzgkiWr01lq3vcU_on-xZkMEMvqVgW6HaNweWm90WAElKmCPu4dNe5HLtRcxL0uhEKJdkt4mYAB4Ea&amp;__tn__=R]-R\">L\u00e1szl\u00f3 N\u00e9ma<\/a>: Znova sa predstavili.<\/p>\n\n\n\n<p class=\"wp-block-paragraph\"><a href=\"https:\/\/www.facebook.com\/glaszlo49?comment_id=Y29tbWVudDoxNDA1Nzk2NTY0NzU1ODcxXzIyNzA3MDI5NDAzNDYwODE%3D&amp;__cft__[0]=AZb_B2ouWcs9WyFyIL7Pco8Avycj6Lox9dXmaUGhBQB4HDP-Pp2Y8yugRepbIPxClyhGzSnokkoHgWMO8R8J8eZMgY3jxCpvsAdlAsOfHKK19QOJjO6sFLS7wK-JdBsUBiAURT4jzcomOAP5PMyrAoMn&amp;__tn__=R]-R\">L\u00e1szl\u00f3 Guly\u00e1s<\/a>:Slovensk\u00ed pastieri za Tatry&#8230; svet by bol lep\u0161\u00edm miestom.<\/p>\n\n\n\n<p class=\"wp-block-paragraph\"><a href=\"https:\/\/www.facebook.com\/attila.faik.908?comment_id=Y29tbWVudDoxNDA1Nzk2NTY0NzU1ODcxXzEwNTEyNTg5MjM5NzY1NTM%3D&amp;__cft__[0]=AZb_B2ouWcs9WyFyIL7Pco8Avycj6Lox9dXmaUGhBQB4HDP-Pp2Y8yugRepbIPxClyhGzSnokkoHgWMO8R8J8eZMgY3jxCpvsAdlAsOfHKK19QOJjO6sFLS7wK-JdBsUBiAURT4jzcomOAP5PMyrAoMn&amp;__tn__=R]-R\">Attila Faik<\/a>: Probl\u00e9m je v tom, \u017ee situ\u00e1cia sa e\u0161te zhor\u0161\u00ed. A nielen tam \u2013 ale aj inde, kde Ma\u010fari \u017eij\u00fa ako men\u0161ina.<\/p>\n\n\n\n<p class=\"wp-block-paragraph\"><a href=\"https:\/\/www.facebook.com\/maria.varga.56481379?comment_id=Y29tbWVudDoxNDA1Nzk2NTY0NzU1ODcxXzE4Mjc0OTU0OTg0MTIxNDc%3D&amp;__cft__[0]=AZbsG-0x-LvjQjB5SK4wLyRZ_sW33imVfi6iPjQa3YPlEbRjISIJgJA0Oka1_zohVn4OAQFVVlIvz8l6_uLTlM62uE9uwi2cohWLfVqg2Ud0_L_3PapxaX_Jhr4JJpc2MORMU03VQGCtObYulsR5qj71jXXHkZSq1DEKRkLKRT3WvA&amp;__tn__=R]-R\">Maria Varga<\/a>: Attila Faik &#8211; To je pravda.<\/p>\n\n\n\n<p class=\"wp-block-paragraph\"><a href=\"https:\/\/www.facebook.com\/gizella.pothaczky?comment_id=Y29tbWVudDoxNDA1Nzk2NTY0NzU1ODcxXzEwOTcwNDA3NjYzMTU3NTY%3D&amp;__cft__[0]=AZbsG-0x-LvjQjB5SK4wLyRZ_sW33imVfi6iPjQa3YPlEbRjISIJgJA0Oka1_zohVn4OAQFVVlIvz8l6_uLTlM62uE9uwi2cohWLfVqg2Ud0_L_3PapxaX_Jhr4JJpc2MORMU03VQGCtObYulsR5qj71jXXHkZSq1DEKRkLKRT3WvA&amp;__tn__=R]-R\">Gizella Poth\u00e1czky<\/a>:Poznaj\u00fa iba t\u00fato jednu vetu. Napriek tomu nedok\u00e1\u017eu predlo\u017ei\u0165 historick\u00e9 d\u00f4kazy o svojom ve\u013ekom n\u00e1rode.<\/p>\n\n\n\n<p class=\"wp-block-paragraph\"><a href=\"https:\/\/www.facebook.com\/profile.php?id=100006921495446&amp;comment_id=Y29tbWVudDoxNDA1Nzk2NTY0NzU1ODcxXzE2NDUxMjg3MTM4OTY1NDM%3D&amp;__cft__[0]=AZZGgLKROV_a5o3L4i22p_ElcfD7jKAzoaWxqH8q0vBEQWslhwke7Xj6Yj1pXv_MsQeeKtbUBpOGTypIAkpB2c48co9AdN2JdcWmM3YiA_QlfDTSGkV2Cdb--ZUfSw8nhFLZTh2d9zpAZMl5A3NSysow&amp;__tn__=R]-R\">Istv\u00e1n P\u00e1lffy<\/a>: P\u00e1ni! Pam\u00e4t\u00e1 si e\u0161te niekto, pre\u010do vtedaj\u0161iemu ma\u010farsk\u00e9mu prezidentovi L\u00e1szl\u00f3ovi S\u00f3lyomovi nebolo umo\u017enen\u00e9 vst\u00fapi\u0165 na Slovensko?<\/p>\n\n\n\n<p class=\"wp-block-paragraph\"><a href=\"https:\/\/www.facebook.com\/profile.php?id=61582143967403&amp;comment_id=Y29tbWVudDoxNDA1Nzk2NTY0NzU1ODcxXzM4MDEwNjAzMjQxOTE3Mzc0&amp;__cft__[0]=AZZGgLKROV_a5o3L4i22p_ElcfD7jKAzoaWxqH8q0vBEQWslhwke7Xj6Yj1pXv_MsQeeKtbUBpOGTypIAkpB2c48co9AdN2JdcWmM3YiA_QlfDTSGkV2Cdb--ZUfSw8nhFLZTh2d9zpAZMl5A3NSysow&amp;__tn__=R]-R\">Alfr\u00e9d Kov\u00e1cs<\/a>: Istv\u00e1n P\u00e1lffy &#8211; Pokia\u013e si dobre pam\u00e4t\u00e1m, list t\u00fdkaj\u00faci sa spomienkovej sl\u00e1vnosti bol odoslan\u00fd, no Slov\u00e1ci to popreli \u2013 a pr\u00e1ve preto to uk\u00e1zali v telev\u00edzii.<\/p>\n\n\n\n<p class=\"wp-block-paragraph\"><a href=\"https:\/\/www.facebook.com\/profile.php?id=100006921495446&amp;comment_id=Y29tbWVudDoxNDA1Nzk2NTY0NzU1ODcxXzEwMzM2NzE1Njk0ODIyMDE%3D&amp;__cft__[0]=AZZGgLKROV_a5o3L4i22p_ElcfD7jKAzoaWxqH8q0vBEQWslhwke7Xj6Yj1pXv_MsQeeKtbUBpOGTypIAkpB2c48co9AdN2JdcWmM3YiA_QlfDTSGkV2Cdb--ZUfSw8nhFLZTh2d9zpAZMl5A3NSysow&amp;__tn__=R]-R\">Istv\u00e1n P\u00e1lffy<\/a>: Alfr\u00e9d Kov\u00e1cs &#8211; \u017dia\u013e, aj tvoje spomienky sa sna\u017eia len potvrdi\u0165 <em>tvoju<\/em> verziu pravdy! To ist\u00e9 plat\u00ed aj pre Slov\u00e1kov!!<br>K\u00fdm si nikto neprizn\u00e1, \u017ee ka\u017ed\u00e1 minca m\u00e1 dve strany&#8230; ani Ma\u010fari, ani Slov\u00e1ci nebud\u00fa ma\u0165 pravdu! &#8230; M\u00e1m v\u00e1m poveda\u0165 d\u00f4vod? Pozn\u00e1te n\u00e1sledok&#8230;<\/p>\n\n\n\n<p class=\"wp-block-paragraph\"><a href=\"https:\/\/www.facebook.com\/karol.mihalovic.9?comment_id=Y29tbWVudDoxNDA1Nzk2NTY0NzU1ODcxXzEwNTk0MjAyOTMxMzgzODI%3D&amp;__cft__[0]=AZZGgLKROV_a5o3L4i22p_ElcfD7jKAzoaWxqH8q0vBEQWslhwke7Xj6Yj1pXv_MsQeeKtbUBpOGTypIAkpB2c48co9AdN2JdcWmM3YiA_QlfDTSGkV2Cdb--ZUfSw8nhFLZTh2d9zpAZMl5A3NSysow&amp;__tn__=R]-R\">Karol Mihalovi\u010d<\/a>: Istv\u00e1n P\u00e1lffy &#8211; \u00c1no, preto\u017ee nedodr\u017eal protokol!!<\/p>\n\n\n\n<p class=\"wp-block-paragraph\"><a href=\"https:\/\/www.facebook.com\/profile.php?id=100006921495446&amp;comment_id=Y29tbWVudDoxNDA1Nzk2NTY0NzU1ODcxXzEwODgyMDgyODcxMTYzNjk%3D&amp;__cft__[0]=AZZGgLKROV_a5o3L4i22p_ElcfD7jKAzoaWxqH8q0vBEQWslhwke7Xj6Yj1pXv_MsQeeKtbUBpOGTypIAkpB2c48co9AdN2JdcWmM3YiA_QlfDTSGkV2Cdb--ZUfSw8nhFLZTh2d9zpAZMl5A3NSysow&amp;__tn__=R]-R\">Istv\u00e1n P\u00e1lffy<\/a>: Karol Mihalovi\u010d &#8211; Dovo\u013ete mi teda polo\u017ei\u0165 ot\u00e1zku inak! PRE\u010cO a KAM chcel \u00eds\u0165 L\u00e1szl\u00f3 S\u00f3lyom?<\/p>\n\n\n\n<p class=\"wp-block-paragraph\"><a href=\"https:\/\/www.facebook.com\/profile.php?id=61574522922261&amp;comment_id=Y29tbWVudDoxNDA1Nzk2NTY0NzU1ODcxXzMyMTgyMDQzOTUyMzQ4ODk%3D&amp;__cft__[0]=AZY0mIgYr1hzXKvHSpMjDD_MI96QHMe9hdb-somHjDWA-YKWq9cnRPIcFiDj_1ldEcN7x34E3A5TGw3DN6nV0Kp6DczZcTE99Mcx9t852i6SRK4RPdkoL42C61-8DkE9RntN4uFcUgS1Pbcz3Kedmow6vHtLtrGGs5pOywTa7ln0Xw&amp;__tn__=R]-R\">Andr\u00e1s Gosztola<\/a>: Karol Mihalovi\u010d <img loading=\"lazy\" decoding=\"async\" height=\"16\" width=\"16\" src=\"https:\/\/static.xx.fbcdn.net\/images\/emoji.php\/v9\/t52\/1\/16\/1f923.png\" alt=\"\ud83e\udd23\"><img loading=\"lazy\" decoding=\"async\" height=\"16\" width=\"16\" src=\"https:\/\/static.xx.fbcdn.net\/images\/emoji.php\/v9\/t52\/1\/16\/1f923.png\" alt=\"\ud83e\udd23\"><img loading=\"lazy\" decoding=\"async\" height=\"16\" width=\"16\" src=\"https:\/\/static.xx.fbcdn.net\/images\/emoji.php\/v9\/t52\/1\/16\/1f923.png\" alt=\"\ud83e\udd23\"><img loading=\"lazy\" decoding=\"async\" height=\"16\" width=\"16\" src=\"https:\/\/static.xx.fbcdn.net\/images\/emoji.php\/v9\/t52\/1\/16\/1f923.png\" alt=\"\ud83e\udd23\"><img loading=\"lazy\" decoding=\"async\" height=\"16\" width=\"16\" src=\"https:\/\/static.xx.fbcdn.net\/images\/emoji.php\/v9\/t52\/1\/16\/1f923.png\" alt=\"\ud83e\udd23\"><img loading=\"lazy\" decoding=\"async\" height=\"16\" width=\"16\" src=\"https:\/\/static.xx.fbcdn.net\/images\/emoji.php\/v9\/t52\/1\/16\/1f923.png\" alt=\"\ud83e\udd23\"><img loading=\"lazy\" decoding=\"async\" height=\"16\" width=\"16\" src=\"https:\/\/static.xx.fbcdn.net\/images\/emoji.php\/v9\/t52\/1\/16\/1f923.png\" alt=\"\ud83e\udd23\"><img loading=\"lazy\" decoding=\"async\" height=\"16\" width=\"16\" src=\"https:\/\/static.xx.fbcdn.net\/images\/emoji.php\/v9\/t52\/1\/16\/1f923.png\" alt=\"\ud83e\udd23\"><img loading=\"lazy\" decoding=\"async\" height=\"16\" width=\"16\" src=\"https:\/\/static.xx.fbcdn.net\/images\/emoji.php\/v9\/t52\/1\/16\/1f923.png\" alt=\"\ud83e\udd23\"><img loading=\"lazy\" decoding=\"async\" height=\"16\" width=\"16\" src=\"https:\/\/static.xx.fbcdn.net\/images\/emoji.php\/v9\/t52\/1\/16\/1f923.png\" alt=\"\ud83e\udd23\"><img loading=\"lazy\" decoding=\"async\" height=\"16\" width=\"16\" src=\"https:\/\/static.xx.fbcdn.net\/images\/emoji.php\/v9\/t52\/1\/16\/1f923.png\" alt=\"\ud83e\udd23\"><img loading=\"lazy\" decoding=\"async\" height=\"16\" width=\"16\" src=\"https:\/\/static.xx.fbcdn.net\/images\/emoji.php\/v9\/t52\/1\/16\/1f923.png\" alt=\"\ud83e\udd23\"><img loading=\"lazy\" decoding=\"async\" height=\"16\" width=\"16\" src=\"https:\/\/static.xx.fbcdn.net\/images\/emoji.php\/v9\/t52\/1\/16\/1f923.png\" alt=\"\ud83e\udd23\"><\/p>\n\n\n\n<p class=\"wp-block-paragraph\"><a href=\"https:\/\/www.facebook.com\/julia.cseplo?comment_id=Y29tbWVudDoxNDA1Nzk2NTY0NzU1ODcxXzE3NjIwNTk1MjE2MDk1NDQ%3D&amp;__cft__[0]=AZbHowZTmGZ4aXkiIKOWTloMXXmB9OBZvecFH_LRTmTRsJpjRmWUQ8i9frlsd2Yvuzq0_rl2MRHWlMtKEv8iAflvcHEaLHpn1GjrN-hqSKfPhJeWw4GzqBoqEIvQZULRklLnznxFnznPsA2ePCy63alCVSozpB3heKPX3yamypQVow&amp;__tn__=R]-R\">J\u00falia Cs\u00e9pl\u0151<\/a>: Karol Mihalovi\u010d pricestoval do Kom\u00e1rna, aby predniesol prejav pri odha\u013eovan\u00ed sochy kr\u00e1\u013ea a zakladate\u013ea \u0161t\u00e1tu sv\u00e4t\u00e9ho \u0160tefana; napriek tomu bolo slovensk\u00fdm ultras umo\u017enen\u00e9 vyvol\u00e1va\u0165 nepokoje a nar\u00fa\u0161a\u0165 toto podujatie. Bol som tam; dobre si to pam\u00e4t\u00e1m. Je hanbou, \u017ee k nie\u010domu tak\u00e9mu mohlo d\u00f4js\u0165.<\/p>\n\n\n\n<p class=\"wp-block-paragraph\"><a href=\"https:\/\/www.facebook.com\/fussy.karcsi?comment_id=Y29tbWVudDoxNDA1Nzk2NTY0NzU1ODcxXzIxODA2ODUxMTYxMjg1OTI%3D&amp;__cft__[0]=AZZXLTXCgL21A6peOoNYOuaWLR3qo60dS0YDcM00pgjn99g6fSfF2L85R85Orz7fDFSUmdc3hCttUXw3fH8ocBbbjZ6FGK2wrtnb1CoT2UhopQZSp0x6tCH2yBsfUYuQzfyowTMoHKzgXcXh2kt7EoRh&amp;__tn__=R]-R\">K\u00e1roly F\u00fcssy<\/a>: Karol Mihalovi\u010d &#8211; Ty sedliak! Vyhral si hlavn\u00fa cenu \u2013 si na zozname, ty nadr\u017ean\u00fd jeb\u00e1\u010d k\u00f4z! Pris\u0165ahuje\u0161 sa do Kom\u00e1romu a mysl\u00ed\u0161 si, \u017ee ti patr\u00ed svet \u2013 no nepatr\u00ed. Zmizni nasp\u00e4\u0165 do h\u00f4r \u0161uka\u0165 kozy. \u0160t\u00e1tna starostlivos\u0165.<\/p>\n\n\n\n<p class=\"wp-block-paragraph\"><strong>+ \u010fal\u0161ie koment\u00e1re<\/strong><\/p>\n\n\n\n<p class=\"wp-block-paragraph\">Text o &#8222;slovensk\u00fdch \u0161ovinistoch&#8220;, ktor\u00fd cituje Zuzana Falathov\u00e1 v \u00favode tejto str\u00e1nky, som na Facebookovej str\u00e1nke p\u00e1na \u00d6rsa Orosza s\u00edce nena\u0161iel, zato sa tam d\u0148a 17.8. 2026 o 20,51 hod. objavila nasleduj\u00faci &#8211; a iste pozornosti hodn\u00fd &#8211; koment\u00e1r:<\/p>\n\n\n\n<p class=\"wp-block-paragraph\">&#8222;Takmer na de\u0148 presne dvadsa\u0165 rokov po incidente Hedvigy Malinovej sme st\u00e1le tam, kde sme boli.<\/p>\n\n\n\n<p class=\"wp-block-paragraph\">Je mi ve\u013emi \u013e\u00fato, \u017ee celo\u0161t\u00e1tna politika d\u00e1va dne\u0161n\u00fdm \u013eu\u010fom tak\u00e9 pr\u00edklady, ktor\u00e9 ved\u00fa a\u017e k tomu, \u017ee na cintor\u00ednoch doch\u00e1dza k znesv\u00e4covaniu pamiatky padl\u00fdch hrdinov \u2013 medzi nimi aj \u013eud\u00ed rumunskej a slovenskej n\u00e1rodnosti \u2013, \u010dasto len z \u010d\u00edrej nevedomosti.<\/p>\n\n\n\n<p class=\"wp-block-paragraph\">Kam smeruje n\u00e1\u0161 svet?<\/p>\n\n\n\n<p class=\"wp-block-paragraph\">Dva n\u00e1rody, ktor\u00e9 maj\u00fa spolo\u010dn\u00fa minulos\u0165, spolo\u010dn\u00fa kult\u00faru a mali by ma\u0165 aj spolo\u010dn\u00fa bud\u00facnos\u0165. Dva n\u00e1rody, ktor\u00e9 po st\u00e1ro\u010dia \u017eij\u00fa ved\u013ea seba, a predsa si nedok\u00e1\u017eu vysn\u00edva\u0165 spolo\u010dn\u00fa bud\u00facnos\u0165.<\/p>\n\n\n\n<p class=\"wp-block-paragraph\">Pritom by to takto nemuselo by\u0165. <img loading=\"lazy\" decoding=\"async\" height=\"16\" width=\"16\" src=\"https:\/\/static.xx.fbcdn.net\/images\/emoji.php\/v9\/t20\/1\/16\/1f1ed_1f1fa.png\" alt=\"\ud83c\udded\ud83c\uddfa\"><img loading=\"lazy\" decoding=\"async\" height=\"16\" width=\"16\" src=\"https:\/\/static.xx.fbcdn.net\/images\/emoji.php\/v9\/t64\/1\/16\/1f91d.png\" alt=\"\ud83e\udd1d\"><img loading=\"lazy\" decoding=\"async\" height=\"16\" width=\"16\" src=\"https:\/\/static.xx.fbcdn.net\/images\/emoji.php\/v9\/ta2\/1\/16\/1f1f8_1f1f0.png\" alt=\"\ud83c\uddf8\ud83c\uddf0\"><\/p>\n\n\n\n<p class=\"wp-block-paragraph\">Za pozorosti hodn\u00fd pova\u017eujme tento text hlavne preto, \u017ee stavbu presadzoval, propagoval a za ve\u013emi podozriv\u00fdch okolnost\u00ed aj &#8222;vykonal&#8220;pr\u00e1ve poslanec Krajsk\u00e9ho Zastupite\u013estva Nitrianskej \u017dupy p\u00e1n \u00d6rs Orosz (Ma\u010farsk\u00e1 Aliancia) a jeho pozn\u00e1mku o Hedvige Malinovej mo\u017eno z tak\u00e9hoho poh\u013eadu pova\u017eova\u0165 za \u00fa\u010delov\u00fa &#8211; \u010di dokonca &#8222;pochybn\u00fa a \u00fahybn\u00fa&#8220; argument\u00e1ciu.<\/p>\n\n\n\n<p class=\"wp-block-paragraph\"><\/p>\n\n\n<div class=\"wp-block-image\">\n<figure class=\"aligncenter size-large is-resized\"><img loading=\"lazy\" decoding=\"async\" width=\"768\" height=\"1024\" src=\"https:\/\/www.slovaci.eu\/wp-content\/uploads\/2026\/08\/rimsobotorosors-1-768x1024-1.jpg\" alt=\"\" class=\"wp-image-2010\" style=\"width:408px;height:auto\" srcset=\"https:\/\/www.slovaci.eu\/wp-content\/uploads\/2026\/08\/rimsobotorosors-1-768x1024-1.jpg 768w, https:\/\/www.slovaci.eu\/wp-content\/uploads\/2026\/08\/rimsobotorosors-1-225x300.jpg 225w, https:\/\/www.slovaci.eu\/wp-content\/uploads\/2026\/08\/rimsobotorosors-1-1152x1536.jpg 1152w, https:\/\/www.slovaci.eu\/wp-content\/uploads\/2026\/08\/rimsobotorosors-1-45x60.jpg 45w, https:\/\/www.slovaci.eu\/wp-content\/uploads\/2026\/08\/rimsobotorosors-1.jpg 1536w\" sizes=\"auto, (max-width: 768px) 100vw, 768px\" \/><figcaption class=\"wp-element-caption\">P\u00e1n \u00d6rs Orosz (Ma\u010farsk\u00e1 Aliancia) pri odhalen\u00ed pam\u00e4tn\u00edku d\u0148a 16.5. 2026<\/figcaption><\/figure>\n<\/div>\n\n\n<p class=\"wp-block-paragraph\"><strong>Nieko\u013eko \u010fal\u0161\u00edch obr\u00e1zkov a odkazov z 1. polovice roku 2026:<\/strong><\/p>\n\n\n<div class=\"wp-block-image\">\n<figure class=\"aligncenter size-large is-resized\"><img loading=\"lazy\" decoding=\"async\" width=\"768\" height=\"1024\" src=\"https:\/\/www.slovaci.eu\/wp-content\/uploads\/2026\/08\/rimsobot-2-768x1024-1.jpg\" alt=\"\" class=\"wp-image-2009\" style=\"aspect-ratio:0.7500155424308362;width:460px;height:auto\" srcset=\"https:\/\/www.slovaci.eu\/wp-content\/uploads\/2026\/08\/rimsobot-2-768x1024-1.jpg 768w, https:\/\/www.slovaci.eu\/wp-content\/uploads\/2026\/08\/rimsobot-2-225x300.jpg 225w, https:\/\/www.slovaci.eu\/wp-content\/uploads\/2026\/08\/rimsobot-2-1152x1536.jpg 1152w, https:\/\/www.slovaci.eu\/wp-content\/uploads\/2026\/08\/rimsobot-2-45x60.jpg 45w, https:\/\/www.slovaci.eu\/wp-content\/uploads\/2026\/08\/rimsobot-2.jpg 1536w\" sizes=\"auto, (max-width: 768px) 100vw, 768px\" \/><\/figure>\n<\/div>\n\n\n<p class=\"wp-block-paragraph\"><\/p>\n\n\n<div class=\"wp-block-image\">\n<figure class=\"aligncenter size-full is-resized\"><img loading=\"lazy\" decoding=\"async\" width=\"1024\" height=\"682\" src=\"https:\/\/www.slovaci.eu\/wp-content\/uploads\/2026\/08\/3-4-1024x682-1.jpg\" alt=\"\" class=\"wp-image-2042\" style=\"aspect-ratio:1.5015059445178336;width:672px;height:auto\" srcset=\"https:\/\/www.slovaci.eu\/wp-content\/uploads\/2026\/08\/3-4-1024x682-1.jpg 1024w, https:\/\/www.slovaci.eu\/wp-content\/uploads\/2026\/08\/3-4-1024x682-1-300x200.jpg 300w, https:\/\/www.slovaci.eu\/wp-content\/uploads\/2026\/08\/3-4-1024x682-1-767x511.jpg 767w, https:\/\/www.slovaci.eu\/wp-content\/uploads\/2026\/08\/3-4-1024x682-1-90x60.jpg 90w, https:\/\/www.slovaci.eu\/wp-content\/uploads\/2026\/08\/3-4-1024x682-1-374x249.jpg 374w\" sizes=\"auto, (max-width: 1024px) 100vw, 1024px\" \/><\/figure>\n<\/div>\n\n\n<p class=\"wp-block-paragraph\"><\/p>\n\n\n<div class=\"wp-block-image\">\n<figure class=\"aligncenter size-full is-resized\"><img loading=\"lazy\" decoding=\"async\" width=\"768\" height=\"511\" src=\"https:\/\/www.slovaci.eu\/wp-content\/uploads\/2026\/08\/5-4-768x511-1.jpg\" alt=\"\" class=\"wp-image-2043\" style=\"aspect-ratio:1.5029757117580826;width:680px;height:auto\" srcset=\"https:\/\/www.slovaci.eu\/wp-content\/uploads\/2026\/08\/5-4-768x511-1.jpg 768w, https:\/\/www.slovaci.eu\/wp-content\/uploads\/2026\/08\/5-4-768x511-1-300x200.jpg 300w, https:\/\/www.slovaci.eu\/wp-content\/uploads\/2026\/08\/5-4-768x511-1-91x60.jpg 91w, https:\/\/www.slovaci.eu\/wp-content\/uploads\/2026\/08\/5-4-768x511-1-374x249.jpg 374w\" sizes=\"auto, (max-width: 768px) 100vw, 768px\" \/><\/figure>\n<\/div>\n\n\n<p class=\"wp-block-paragraph\"><\/p>\n\n\n\n<p class=\"wp-block-paragraph\"><a href=\"https:\/\/www.zsi.sk\/v-rimavskej-sobote-bude-odhaleny-vojnovy-pamatnik-vojakom-horthyovskej-armady\/\"><strong>V Rimavskej Sobote bude odhalen\u00fd vojnov\u00fd pam\u00e4tn\u00edk vojakom horthyovskej arm\u00e1dy<\/strong><\/a><\/p>\n\n\n\n<p class=\"wp-block-paragraph\"><a href=\"https:\/\/skspravy.sk\/slovensko\/iredenta\/provokacia-v-rimavskej-sobote-odhalili-vojnovy-pamatnik-vojakom-horthyovskej-armady\/\">\u201e<strong>Provok\u00e1cia\u201c. V Rimavskej Sobote odhalili vojnov\u00fd pam\u00e4tn\u00edk vojakom horthyovskej arm\u00e1dy<\/strong><\/a><\/p>\n\n\n\n<p class=\"wp-block-paragraph\"><strong><a href=\"https:\/\/snn.sk\/madarsky-vojnovy-pamatnik-v-rimavskej-sobote-je-cierna-stavba\/\">Ma\u010farsk\u00fd vojnov\u00fd pam\u00e4tn\u00edk v Rimavskej Sobote je \u010dierna stavba<\/a><\/strong><\/p>\n\n\n\n<p class=\"wp-block-paragraph\"><a href=\"https:\/\/snn.sk\/v-szabatke-pri-rimavskej-sobote-odhalia-obnoveny-pamatnik-madarskym-vojakom\/\">Pri Rimavskej Sobote odhalia obnoven\u00fd pam\u00e4tn\u00edk ma\u010farsk\u00fdm vojakom<\/a><\/p>\n\n\n\n<p class=\"wp-block-paragraph\"><a href=\"https:\/\/sho.sk\/skandal-sovinisti-odhalili-v-rimavskej-sobote-pamatnik-madarskym-fasistickym-vojakom\/\">\u0160KAND\u00c1L: \u0160ovinisti odhalili v Rimavskej Sobote pam\u00e4tn\u00edk ma\u010farsk\u00fdm fa\u0161istick\u00fdm vojakom<\/a><\/p>\n\n\n\n<p class=\"wp-block-paragraph\"><\/p>\n\n\n\n<p class=\"wp-block-paragraph\">Predstav\u00e1m a \u010dinnosti p\u00e1na  \u00d6rsa Orosza \u010di zru\u017eeniu SINE METU sa venujeme aj na na inom mieste tohto webu <strong><em><a href=\"https:\/\/www.slovaci.eu\/?p=1207\"> Sine metu, \u00d6rs Orosz, Gombasek \u2026<\/a><\/em><\/strong><\/p>\n\n\n\n<p class=\"wp-block-paragraph\">Teraz sa v\u0161ak venujme inej pozoruhodnej stavbe, ktor\u00e1 sa nach\u00e1dza v inom k\u00fate Slovenskej republiky a s\u00edce v okresnom meste Dunajsk\u00e1 Streda. A op\u00e4\u0165 si pritom pom\u00f4\u017eeme cit\u00e1ciu (statusem) z facebookovej str\u00e1nky pani Zuzany Falathovej:<\/p>\n\n\n\n<h5 class=\"wp-block-heading\">V\u00fdzva Zuzany Falathovej, pracovn\u00ed\u010dky M\u00fazea Trianonu vo V\u00e1rpalote\/HU<\/h5>\n\n\n\n<p class=\"wp-block-paragraph\"><em><strong>\u203c\ufe0f S\u00daRNE! \u203c\ufe0f<br>\ud83c\udded\ud83c\uddfa Pozor v\u0161etci! \ud83c\udded\ud83c\uddfa<br>\u201ePrich\u00fd\u013e Slov\u00e1ka a vyhod\u00ed \u0165a z vlastn\u00e9ho domu.\u201c<br>\u201eVerejn\u00e1 v\u00fdzva na odstr\u00e1nenie pam\u00e4tn\u00edka ne\u013eudsk\u00e9ho re\u017eimu v Dunajskej Strede (Dunaszerdahely)\u201c<br>\ud83c\uddf8\ud83c\uddf0 Slovensk\u00ed \u0161ovinisti spustili pet\u00edciu za odstr\u00e1nenie \u201ePam\u00e4tn\u00edka spolupatri\u010dnosti\u201c v Dunajskej Strede. Zatia\u013e ju podp\u00edsalo 184 \u013eud\u00ed. Bohu\u017eia\u013e, dnes som videla, \u017ee sa t\u00e1to pet\u00edcia za\u010dala \u0161\u00edri\u0165 na viacer\u00fdch slovensk\u00fdch facebookov\u00fdch str\u00e1nkach. A, samozrejme, nech\u00fdbali \u0161ovinistick\u00e9, ur\u00e1\u017eliv\u00e9 a rasistick\u00e9 koment\u00e1re namieren\u00e9 proti Ma\u010farom \u017eij\u00facim na Felvid\u00e9ku. Tu je nieko\u013eko pr\u00edkladov:<br>1.) Pre\u010do ich rovno neobes\u00edme?<br>2.) Ma\u010farsk\u00e9 be\u0161tie.<br>3.) Zb\u00fara\u0165 pam\u00e4tn\u00edk, extr\u00e9mistov zavrie\u0165.<br>4.) Posla\u0165 Ma\u010farov za Dunaj, alebo e\u0161te lep\u0161ie, \u00faplne sa ich zbavi\u0165 v Eur\u00f3pe.<br>5.) T\u00e1to h\u00e1ve\u010f z Mongolska sa tu poriadne rozmno\u017eila. My \u2013 Slov\u00e1ci, Rumuni, Slovinci a Srbi \u2013 by sme mali spoji\u0165 sily a kone\u010dne vyrie\u0161i\u0165 ma\u010farsk\u00fa ot\u00e1zku.<br>D\u00f4razne odsudzujem v\u0161etky formy slovensk\u00e9ho \u0161ovinizmu a hanb\u00edm sa za v\u00e1s, \u201edrah\u00ed\u201c Slov\u00e1ci!<br>Stoj\u00edm na strane siedmich NEVINN\u00ddCH Ma\u010farov z Dunajskej Stredy! 1.) L\u00e1szl\u00f3 Cs\u00f6rgei<br>2.) Attila Hencze<br>3.) Oliv\u00e9r Ibolya<br>4.) Andr\u00e1s Kiss<br>5.) S\u00e1ndor Patassy<br>6.) Zolt\u00e1n Zalaba<br>7.) Ferenc Zirig<br>Zsuzsanna Falath, muzeologi\u010dka.<br>Ma\u010farka z Horn\u00e9ho Uhorska, naroden\u00e1 slovenskej matke.<br>Bratislava, 7. j\u00fana 2026.<\/strong><\/em><\/p>\n\n\n\n<p class=\"wp-block-paragraph\">V s\u00fa\u010dasnej dobe toti\u017e st\u00e1le be\u017e\u00ed \u00fadny proces t\u00fdkaj\u00faci sa tohoto pam\u00e4tn\u00edka a inici\u00e1torov jeho vzniku. Viacej sa o tom m\u00f4\u017eete dozvetie\u02c7z nasleduj\u00favich odkazov:<\/p>\n\n\n\n<p class=\"wp-block-paragraph\"><strong><a href=\"https:\/\/mojhlas.sk\/petition\/odstranenie-pamatnika-neludskosti-v-dunajskej-strede\/#sig_form_container\">Verejn\u00e1 v\u00fdzva na odstr\u00e1nenie pam\u00e4tn\u00edka re\u017eimu ne\u013eudskosti v Dunajskej Strede<\/a><br><a href=\"https:\/\/sho.sk\/sho-reaguje-podporujeme-verejnu-vyzvu-za-odstranenie-pamatnika-sovinizmu-v-dunajskej-strede\/?fbclid=IwY2xjawTVmE5wZG9mAWV4dG4DYWVtAjExAHNydGMGYXBwX2lkEDIyMjAzOTE3ODgyMDA4OTIAAR5FTTNJ44q_FnDgD7cMIF87j_4GOcX-GaB3ZquoADmBIm6QZsoaPWROXdvYpw_aem_dyGHeHGsC1LEMZvOhIjr9w\">SHO reaguje: Podporujeme VEREJN\u00da V\u00ddZVU za odstr\u00e1nenie pam\u00e4tn\u00edka \u0161ovinizmu v Dunajskej Strede<\/a><\/strong><\/p>\n\n\n<div class=\"wp-block-image\">\n<figure class=\"aligncenter size-large is-resized\"><img loading=\"lazy\" decoding=\"async\" width=\"768\" height=\"1024\" src=\"https:\/\/www.slovaci.eu\/wp-content\/uploads\/2026\/08\/pametnik-v-dunajskej-strede-768x1024-1.jpg\" alt=\"\" class=\"wp-image-2050\" style=\"aspect-ratio:0.7500052692591421;width:474px;height:auto\" srcset=\"https:\/\/www.slovaci.eu\/wp-content\/uploads\/2026\/08\/pametnik-v-dunajskej-strede-768x1024-1.jpg 768w, https:\/\/www.slovaci.eu\/wp-content\/uploads\/2026\/08\/pametnik-v-dunajskej-strede-225x300.jpg 225w, https:\/\/www.slovaci.eu\/wp-content\/uploads\/2026\/08\/pametnik-v-dunajskej-strede-45x60.jpg 45w, https:\/\/www.slovaci.eu\/wp-content\/uploads\/2026\/08\/pametnik-v-dunajskej-strede-1152x1536.jpg 1152w, https:\/\/www.slovaci.eu\/wp-content\/uploads\/2026\/08\/pametnik-v-dunajskej-strede.jpg 1512w\" sizes=\"auto, (max-width: 768px) 100vw, 768px\" \/><figcaption class=\"wp-element-caption\">Dunajsk\u00e1 Streda, jej pam\u00e4tn\u00edk a jeho inici\u00e1tori<\/figcaption><\/figure>\n<\/div>\n\n\n<p class=\"wp-block-paragraph\">Koment\u00e1re pod t\u00fdmto obr\u00e1zkom na facebookovej str\u00e1nke Zuzany Falathovej:<\/p>\n\n\n\n<p class=\"wp-block-paragraph\"><a href=\"https:\/\/www.facebook.com\/falathzsuzsanna?comment_id=Y29tbWVudDoxMzQ4MjM5ODUwNTExNTQzXzI3MTM3MDM0MTQyNjI0OTYw&amp;__cft__[0]=AZZNuS89ysNDaOa-EpbmfR1a_u0sOYCd24fqgATj5KrUpC7TouzvZyXUew728pDJYP2YEgOv6EdsimiyaD9nVhB3uy1VtvkWucWcQ6EP54LsxHhqfHEc99Rpoen2Mw6E2vuabXJRqy0l7GIdazgJzQRn9iVVp5O4qyP6xYrJoyVZjA&amp;__tn__=R]-R\">Zuzana Falathov\u00e1<\/a>: Nikto by nemal podpisova\u0165 t\u00fato slovensk\u00fa pet\u00edciu, na ktor\u00fa vedie odkaz! T\u00e1to pet\u00edcia sa t\u00fdka odstr\u00e1nenia pam\u00e4tn\u00edka.<\/p>\n\n\n\n<p class=\"wp-block-paragraph\"><a href=\"https:\/\/www.facebook.com\/tamas.tyerjanszki?comment_id=Y29tbWVudDoxMzQ4MjM5ODUwNTExNTQzXzIyMjMxNDgzMzg0NTUwOTQ%3D&amp;__cft__[0]=AZZNuS89ysNDaOa-EpbmfR1a_u0sOYCd24fqgATj5KrUpC7TouzvZyXUew728pDJYP2YEgOv6EdsimiyaD9nVhB3uy1VtvkWucWcQ6EP54LsxHhqfHEc99Rpoen2Mw6E2vuabXJRqy0l7GIdazgJzQRn9iVVp5O4qyP6xYrJoyVZjA&amp;__tn__=R]-R\">Tyerj\u00e1nszki Tam\u00e1s<\/a>: Nerozumiem tej potrebe vyvol\u00e1va\u0165 konflikty. Tu v B\u00e9ke\u0161skej \u017eupe \u2013 v meste Szarvas \u2013 sme hrd\u00ed na svoj slovensk\u00fd p\u00f4vod; na \u0161kole s vyu\u010dovac\u00edm jazykom slovensk\u00fdm veje slovensk\u00e1 vlajka, verejn\u00e9 in\u0161tit\u00facie maj\u00fa ozna\u010denia aj v sloven\u010dine a v ne\u010falekom T\u00f3tkoml\u00f3si s\u00fa dokonca aj n\u00e1zvy ul\u00edc dvojjazy\u010dn\u00e9. Po\u010det \u013eud\u00ed, ktor\u00ed tu hovoria t\u00fdmto jazykom, je dnes u\u017e zanedbate\u013en\u00fd, a predsa nikto nechce strh\u00e1va\u0165 tabule \u010di vlajky. Pre\u010do sa \u013eudia jednoducho nem\u00f4\u017eu necha\u0165 na pokoji? Tak \u010di onak to dopadne rovnako: o sto rokov u\u017e v okol\u00ed Nitry \u010di Dunajskej Stredy takmer \u017eiadni Ma\u010fari nebud\u00fa \u2013 no na to, aby k tomu do\u0161lo, predsa netreba \u00fato\u010di\u0165 na in\u00fdch pre ich n\u00e1rodn\u00fa identitu. Plat\u00edme dane na to ist\u00e9 miesto, rozv\u00edja sa t\u00e1 ist\u00e1 krajina; pre\u010do sa k tomu druh\u00e9mu spr\u00e1va\u0165 ako k ob\u010danovi druhej kateg\u00f3rie?<\/p>\n\n\n\n<p class=\"wp-block-paragraph\"><a href=\"https:\/\/www.facebook.com\/gizella.wiedner?comment_id=Y29tbWVudDoxMzQ4MjM5ODUwNTExNTQzXzI1NTI3MjEwMTIyMTc4NzI%3D&amp;__cft__[0]=AZZKb3BgwYKQQHQDm1Y011CzXTanX_mGGjruVMgx4pMbreiG6xDvvstHdlaLNDf55d-3jtcD0j4A6DOhO4PQXfSDni-PqOx5deoc-yn2QenudQOFKS7_i8kvkMBFTXToRhtkQkvLdn_R5m4Uycus3thsKwghzqf5t47iwl73ft2rnQ&amp;__tn__=R]-R\">Gizella Wiedner<\/a>: Tam\u00e1s Tyerj\u00e1nszki &#8211; Ma\u010fari mali kr\u00e1\u013ea \u0160tefana, ktor\u00fd u\u017e na prelome prv\u00e9ho tis\u00edcro\u010dia nab\u00e1dal svojho syna, aby re\u0161pektoval in\u00fdch. Slov\u00e1ci maj\u00fa naopak Bene\u0161a, ktor\u00e9ho dekr\u00e9ty \u2013 e\u0161te aj v 20. storo\u010d\u00ed \u2013 hl\u00e1sali zbavenie Ma\u010farov ich pr\u00e1v. Tieto dva n\u00e1rody pre\u0161li odli\u0161n\u00fdm procesom formovania.<\/p>\n\n\n\n<p class=\"wp-block-paragraph\"><a href=\"https:\/\/www.facebook.com\/katoly.szilva?comment_id=Y29tbWVudDoxMzQ4MjM5ODUwNTExNTQzXzE2NTY1OTE0MjU0MzYwMDg%3D&amp;__cft__[0]=AZbfx2WUbEqUvPLaw0hbmdRTcu_u2RxNph4yoTU2OUJJYzQw8XBzG-XHGkZIvgmwJs7rR997aE91MMSH_xCGH8Xstup6hWlMlITsEYMxN0Tkqahxl5AdY5NacslMVX0o0IWBKtxXkFin8Mxn9jNtAGb5sRKEJucUHXDy_bXJTUo14A&amp;__tn__=R]-R\">K\u00e1roly Szilva<\/a>:Tam\u00e1s Tyerj\u00e1nszki, situ\u00e1cia tu nie je tak\u00e1 ist\u00e1 ako na Slovensku. Keby tam nebol probl\u00e9m otvorene sa hl\u00e1si\u0165 k ma\u010farskej identite \u2013 keby bol tento pocit ma\u010farskej identity povolen\u00fd a akceptovan\u00fd \u2013, potom by neexistoval tento kolobeh akci\u00ed a reakci\u00ed&#8230; Ma\u010far z Ma\u010farska, ktor\u00fd u\u017e 30 rokov \u017eije v dedine so slovenskou etnickou v\u00e4\u010d\u0161inou.<\/p>\n\n\n\n<p class=\"wp-block-paragraph\"><a href=\"https:\/\/www.facebook.com\/cecilia.nemeth.96?comment_id=Y29tbWVudDoxMzQ4MjM5ODUwNTExNTQzXzEzMTU3NzE3OTMzNzMyMDA%3D&amp;__cft__[0]=AZY-eQHp7D3snsVKrHtQN_toazU1W4kO-EDQDJxN8BrbNuHmSvgos7nTHbrBP-lEhTuSEVnn1h_YYpNNKTN_EmcUf5CCU2AHwJKH1g-5x4r19KsQ-hLyGUZBkr7b3jVN3nPUC6gzi-Yp_WD6z0w1FL_HBY0VcZRCwzRqyCnfmAxM_Q&amp;__tn__=R]-R\">Cecilia N\u00e9meth<\/a>:Tam\u00e1s Tyerj\u00e1nszki: Zlodej v\u017edy \u017eije v strachu, \u017ee sa lup vr\u00e1ti k svojmu pr\u00e1voplatn\u00e9mu majite\u013eovi. To je nie\u010do, \u010do sa ned\u00e1 zmeni\u0165. M\u00f4j man\u017eel poch\u00e1dza zo Szarvasu; mne osobne tam prek\u00e1\u017ea t\u00e1 prehnan\u00e1 \u201eslovensk\u00e1 identita\u201c&#8230;Pre\u010do by mali by\u0165 pr\u00e1ve Ma\u010fari v\u017edy t\u00ed zhovievav\u00ed a poddajn\u00ed? \u010coskoro si bud\u00fa n\u00e1rokova\u0165 aj Rajku&#8230;<br>Pusti t\u00f3ta dnu a vyhod\u00ed \u0165a z vlastn\u00e9ho domu \u2013 to si \u013eudia musia uvedomi\u0165!!!!<\/p>\n\n\n\n<p class=\"wp-block-paragraph\"><a href=\"https:\/\/www.facebook.com\/tamas.tyerjanszki?comment_id=Y29tbWVudDoxMzQ4MjM5ODUwNTExNTQzXzE1MTg3MTIyMDY0NzIyNzg%3D&amp;__cft__[0]=AZZ0QG4Lb2BLnl90QURlg7TDA0UGSXURplVHlrNF2GAxhLlTNB-L7GRq7Ptv6a8JcFerUK3p5QuXmu9YC5aWfajiccKPjMx9nFQzv4mC6Fq89OGpGExEskxLPo0QvGnXPfjK20cFJv6ZyI-ek6zNK0H1eBiLqNlRE54kHW3L-28pkQ&amp;__tn__=R]-R\">Tyerj\u00e1nszki Tam\u00e1s<\/a>:Cecilia N\u00e9meth &#8211; \u010co v\u00e1m prek\u00e1\u017ea na \u201eslovenskej identite\u201c? Sme rovnako Ma\u010fari ako ktoko\u013evek in\u00fd v tejto krajine; pracujeme tu a plat\u00edme tu dane. Som hrd\u00fd na svojich rodi\u010dov a star\u00fdch rodi\u010dov i na mesto, ktor\u00e9 vybudovali \u2013 a ktor\u00e9 my \u010falej budujeme. Navy\u0161e, pr\u00e1ve tu sa nach\u00e1dza centrum historick\u00e9ho Uhorska a sme to \u201emy\u201c, kto sa star\u00e1 o jeho pamiatky.<\/p>\n\n\n\n<p class=\"wp-block-paragraph\"><a href=\"https:\/\/www.facebook.com\/cecilia.nemeth.96?comment_id=Y29tbWVudDoxMzQ4MjM5ODUwNTExNTQzXzEzMTU3NzE3OTMzNzMyMDA%3D&amp;__cft__[0]=AZY-eQHp7D3snsVKrHtQN_toazU1W4kO-EDQDJxN8BrbNuHmSvgos7nTHbrBP-lEhTuSEVnn1h_YYpNNKTN_EmcUf5CCU2AHwJKH1g-5x4r19KsQ-hLyGUZBkr7b3jVN3nPUC6gzi-Yp_WD6z0w1FL_HBY0VcZRCwzRqyCnfmAxM_Q&amp;__tn__=R]-R\">Cecilia N\u00e9meth<\/a>:Tam\u00e1s Tyerj\u00e1nszki: Na n\u00e1rodnej identite t\u00f3tov mi prek\u00e1\u017ea t\u00e1 \u010das\u0165, ktor\u00e1 je cel\u00e1 zalo\u017een\u00e1 na protima\u010farsk\u00fdch n\u00e1lad\u00e1ch \u2013 napr\u00edklad tvrdenia, \u017ee sme im ukradli trojvr\u0161ie a dvojkr\u00ed\u017e; u\u017e len to samo osebe \u010dloveka roz\u010du\u013euje, ale nechajme to tak. \u201e\u017diadne Ve\u013ek\u00e9 Uhorsko neexistovalo, len Uhorsko&#8230;\u201c \u201eToto nie je na\u0161a zem, po\u010fme do Mongolska\u201c at\u010f. Kto ch\u00e1pe, ten ch\u00e1pe; ostatn\u00fdm to vysvet\u013eova\u0165 nebudem&#8230;<\/p>\n\n\n\n<p class=\"wp-block-paragraph\"><a href=\"https:\/\/www.facebook.com\/tamas.tyerjanszki?comment_id=Y29tbWVudDoxMzQ4MjM5ODUwNTExNTQzXzE1MTg3MTIyMDY0NzIyNzg%3D&amp;__cft__[0]=AZZ0QG4Lb2BLnl90QURlg7TDA0UGSXURplVHlrNF2GAxhLlTNB-L7GRq7Ptv6a8JcFerUK3p5QuXmu9YC5aWfajiccKPjMx9nFQzv4mC6Fq89OGpGExEskxLPo0QvGnXPfjK20cFJv6ZyI-ek6zNK0H1eBiLqNlRE54kHW3L-28pkQ&amp;__tn__=R]-R\">Tyerj\u00e1nszki Tam\u00e1s<\/a>:Cecilia N\u00e9meth &#8211; Doma v B\u00e9ke\u0161i by ste ni\u010d tak\u00e9 nevideli; sna\u017e\u00edme sa pod\u013ea svojich najlep\u0161\u00edch s\u00edl zachov\u00e1va\u0165 jazyk, miestnu architekt\u00faru i trad\u00edcie \u2013 hoci s r\u00f4znou mierou \u00faspechu.<\/p>\n\n\n\n<p class=\"wp-block-paragraph\"><a href=\"https:\/\/www.facebook.com\/ildiko.szendi.14?comment_id=Y29tbWVudDoxMzQ4MjM5ODUwNTExNTQzXzg1NTg4OTI2NzYwMDI0Ng%3D%3D&amp;__cft__[0]=AZY-eQHp7D3snsVKrHtQN_toazU1W4kO-EDQDJxN8BrbNuHmSvgos7nTHbrBP-lEhTuSEVnn1h_YYpNNKTN_EmcUf5CCU2AHwJKH1g-5x4r19KsQ-hLyGUZBkr7b3jVN3nPUC6gzi-Yp_WD6z0w1FL_HBY0VcZRCwzRqyCnfmAxM_Q&amp;__tn__=R]-R\">Ildik\u00f3 Szendi<\/a>:Tam\u00e1s Tyerj\u00e1nszki: Nu\u017e, \u017eia\u013e, tam, kde \u017eijeme, v\u00e1s potrestaj\u00fa za vyvesenie ma\u010farskej vlajky na akejko\u013evek \u0161kole s vyu\u010dovac\u00edm jazykom ma\u010farsk\u00fdm. Tak\u00e1 je, \u017eia\u013e, situ\u00e1cia na Slovensku!<\/p>\n\n\n\n<p class=\"wp-block-paragraph\"><a href=\"https:\/\/www.facebook.com\/splivalo.lajos?comment_id=Y29tbWVudDoxMzQ4MjM5ODUwNTExNTQzXzE3MjEwNTkyNzU2OTIwNzE%3D&amp;__cft__[0]=AZa4NH0Wk7ZmoYMS28vg-fdtAB-gJFlTtmdeKTzw3dLbRYWpMslFECM3B3HL17vOnPKG9Yv20OjwydVY8yRS-fgu485hJwszdYr8cIvzX8n1PNJK0W6hBRu4gh0j7HYqsmpudPEAL4uLWEl3xQ5X-La5aoBni81dCqA5Tj8jNPx3tQ&amp;__tn__=R]-R\">Splivalo Lajos Antal<\/a>: Tam\u00e1s Tyerj\u00e1nszki &#8211; Tak im, pros\u00edm, povedz, aby neob\u0165a\u017eovali a ne\u0161ikanovali tamoj\u0161\u00edch zvy\u0161n\u00fdch Ma\u010farov! Povedz im to! \u010eakujem!<\/p>\n\n\n\n<p class=\"wp-block-paragraph\"><a href=\"https:\/\/www.facebook.com\/tamas.tyerjanszki?comment_id=Y29tbWVudDoxMzQ4MjM5ODUwNTExNTQzXzE1MTg3MTIyMDY0NzIyNzg%3D&amp;__cft__[0]=AZZ0QG4Lb2BLnl90QURlg7TDA0UGSXURplVHlrNF2GAxhLlTNB-L7GRq7Ptv6a8JcFerUK3p5QuXmu9YC5aWfajiccKPjMx9nFQzv4mC6Fq89OGpGExEskxLPo0QvGnXPfjK20cFJv6ZyI-ek6zNK0H1eBiLqNlRE54kHW3L-28pkQ&amp;__tn__=R]-R\">Tyerj\u00e1nszki Tam\u00e1s<\/a>:Lajos Antal Splivalo, prep\u00e1\u010dte, s tamoj\u0161\u00edmi pr\u00edbuzn\u00fdmi som nebol v kontakte u\u017e 150 \u2013 200 rokov \u2013 mali by ste im da\u0165 vedie\u0165.<\/p>\n\n\n\n<p class=\"wp-block-paragraph\"><a href=\"https:\/\/www.facebook.com\/zsuzsa.zuzana.chudivanyi?comment_id=Y29tbWVudDoxMzQ4MjM5ODUwNTExNTQzXzE2MjE1MzIzOTU2MTgwMjM%3D&amp;__cft__[0]=AZa4NH0Wk7ZmoYMS28vg-fdtAB-gJFlTtmdeKTzw3dLbRYWpMslFECM3B3HL17vOnPKG9Yv20OjwydVY8yRS-fgu485hJwszdYr8cIvzX8n1PNJK0W6hBRu4gh0j7HYqsmpudPEAL4uLWEl3xQ5X-La5aoBni81dCqA5Tj8jNPx3tQ&amp;__tn__=R]-R\">Chudiv\u00e1nyi Zsuzsa Zuzana<\/a>: Tam\u00e1s Tyerj\u00e1nszki \u2013 preto\u017ee k\u00fdm funguje \u201ema\u010farsk\u00e1 karta\u201c, vl\u00e1da si m\u00f4\u017ee robi\u0165, \u010do sa jej zachce, bez toho, aby si to \u013eudia v\u00f4bec v\u0161imli&#8230; a, samozrejme, maj\u00fa strach, preto\u017ee v h\u013abke du\u0161e vedia, \u017ee \u00fazemiu, ktor\u00e9 sa odtrhlo od krajiny \u2013 a n\u00e1sledne vzniklo na z\u00e1klade nespravodliv\u00e9ho dikt\u00e1tu \u2013 ch\u00fdbaj\u00fa historick\u00e9 z\u00e1klady, na ktor\u00fdch by sa dala budova\u0165 identita&#8230; pre nich sa hist\u00f3ria a existencia za\u010d\u00ednaj\u00fa pr\u00e1ve tu (teda slovensk\u00e1 hist\u00f3ria \u2013 lebo keby minulos\u0165 nepopierali ani neskres\u013eovali, siahala by ove\u013ea \u010falej)&#8230; a predsa sa st\u00e1le chv\u00e1lia historick\u00fdmi hradmi, ka\u0161tie\u013emi a pevnos\u0165ami na Slovensku&#8230; samozrejme, nie ka\u017ed\u00fd je tak\u00fd; doch\u00e1dza k mnoh\u00fdm prejavom podnecovania&#8230;<\/p>\n\n\n\n<p class=\"wp-block-paragraph\"><a href=\"https:\/\/www.facebook.com\/tamas.tyerjanszki?comment_id=Y29tbWVudDoxMzQ4MjM5ODUwNTExNTQzXzE1MTg3MTIyMDY0NzIyNzg%3D&amp;__cft__[0]=AZZ0QG4Lb2BLnl90QURlg7TDA0UGSXURplVHlrNF2GAxhLlTNB-L7GRq7Ptv6a8JcFerUK3p5QuXmu9YC5aWfajiccKPjMx9nFQzv4mC6Fq89OGpGExEskxLPo0QvGnXPfjK20cFJv6ZyI-ek6zNK0H1eBiLqNlRE54kHW3L-28pkQ&amp;__tn__=R]-R\">Tyerj\u00e1nszki Tam\u00e1s<\/a>:Minul\u00fd t\u00fd\u017ede\u0148 som bol na Spi\u0161skom hrade; bolo zauj\u00edmav\u00e9 aj smutn\u00e9 vidie\u0165, \u017ee na t\u00fdch p\u00e1r interakt\u00edvnych informa\u010dn\u00fdch tabuliach, ktor\u00e9 tam postavili, sa spom\u00ednali keltsk\u00e9 z\u00e1klady hradov z 2. storo\u010dia a nejak\u00fd slovensk\u00fd obranca hradu zo 16. storo\u010dia \u2013 ktor\u00fd sa v skuto\u010dnosti viac prikl\u00e1\u0148al k po\u013esk\u00e9mu kr\u00e1\u013eovi \u2013 a to v\u0161etko v sloven\u010dine a angli\u010dtine, no priamo pred jedinou informa\u010dnou tabu\u013eou, na ktorej boli uveden\u00ed majitelia hradu (samozrejme v sloven\u010dine) spolu s pr\u00edslu\u0161n\u00fdmi d\u00e1tumami, umiestnili prenosn\u00fa toaletu.<\/p>\n\n\n\n<p class=\"wp-block-paragraph\"><a href=\"https:\/\/www.facebook.com\/profile.php?id=100032038039990&amp;comment_id=Y29tbWVudDoxMzQ4MjM5ODUwNTExNTQzXzI0Mzg2NDU5ODk5NDMwNTY%3D&amp;__cft__[0]=AZa4NH0Wk7ZmoYMS28vg-fdtAB-gJFlTtmdeKTzw3dLbRYWpMslFECM3B3HL17vOnPKG9Yv20OjwydVY8yRS-fgu485hJwszdYr8cIvzX8n1PNJK0W6hBRu4gh0j7HYqsmpudPEAL4uLWEl3xQ5X-La5aoBni81dCqA5Tj8jNPx3tQ&amp;__tn__=R]-R\">Hun Ilda<\/a>:Robia to ist\u00e9 ako v Ma\u010farsku: po\u0161tvali Ma\u010farov proti Ma\u010farom a teraz \u0161tv\u00fa Slov\u00e1kov proti Ma\u010farom \u2013 rozde\u013euj a panuj! S\u00fa to platen\u00ed agit\u00e1tori; bl\u00ed\u017eia sa vo\u013eby.<\/p>\n\n\n\n<p class=\"wp-block-paragraph\"> <a href=\"https:\/\/www.facebook.com\/balint.bankuti?comment_id=Y29tbWVudDoxMzQ4MjM5ODUwNTExNTQzXzEzNTM4NjM5MzMzNDA0MjU%3D&amp;__cft__[0]=AZa4NH0Wk7ZmoYMS28vg-fdtAB-gJFlTtmdeKTzw3dLbRYWpMslFECM3B3HL17vOnPKG9Yv20OjwydVY8yRS-fgu485hJwszdYr8cIvzX8n1PNJK0W6hBRu4gh0j7HYqsmpudPEAL4uLWEl3xQ5X-La5aoBni81dCqA5Tj8jNPx3tQ&amp;__tn__=R]-R\">B\u00e1lint B\u00e1nkuti<\/a>: Tam\u00e1s Tyerj\u00e1nszki, ve\u010f to robia u\u017e od Trianonu! E\u0161te si si to neuvedomil?! V\u0161etky okolit\u00e9 krajiny sa st\u00e1le boja, \u017ee pr\u00eddu o tie ukradnut\u00e9 \u00fazemia \u2013 a to sa nikdy nezmen\u00ed!<\/p>\n\n\n\n<p class=\"wp-block-paragraph\"><a href=\"https:\/\/www.facebook.com\/elvira.mikulikova?comment_id=Y29tbWVudDoxMzQ4MjM5ODUwNTExNTQzXzE1MDA1NzQ5MzgyMDAyNDg%3D&amp;__cft__[0]=AZamyIOzuVhgc5hatmy2gVLeYh_A8Suv3fEj6sz-W0dKg4XMZCXZ0BeYmwm6eqeyo1WHw2oHcUpllMLRozo7067SoSyGnSHkXmRmW2Z4jC6bpwGuUawG768QMePwvlMv5tYRXFxn3q93oUWaWi04dg-KxaS45gMu54nj-C24io_j2A&amp;__tn__=R]-R\">Elv\u00edr Balatoni Suzukim\u00e1ni\u00e1s<\/a>: Tam\u00e1s Tyerj\u00e1nszki:- Situ\u00e1cia je in\u00e1 len vo Felvid\u00e9ku \u2013 tam Ma\u010farov jednoducho nemo\u017eno ignorova\u0165!<\/p>\n\n\n\n<p class=\"wp-block-paragraph\"><a href=\"https:\/\/www.facebook.com\/giuseppe.molinari.92775?comment_id=Y29tbWVudDoxMzQ4MjM5ODUwNTExNTQzXzI3NjU0Njg4MjA1MDMxODc%3D&amp;__cft__[0]=AZamyIOzuVhgc5hatmy2gVLeYh_A8Suv3fEj6sz-W0dKg4XMZCXZ0BeYmwm6eqeyo1WHw2oHcUpllMLRozo7067SoSyGnSHkXmRmW2Z4jC6bpwGuUawG768QMePwvlMv5tYRXFxn3q93oUWaWi04dg-KxaS45gMu54nj-C24io_j2A&amp;__tn__=R]-R\">Giuseppe Molinari<\/a>: Tam\u00e1s Tyerj\u00e1nszki&#8230; t\u00ed spom\u00ednan\u00ed Slov\u00e1ci boli z in\u00e9ho cesta! S\u00fa to \u0161ovinistick\u00ed nacionalisti, ktor\u00fdch sa hlboko dot\u00fdka ozna\u010denie \u201eT\u00f3t\u201c; mnoh\u00ed z nich maj\u00fa predkov, ktor\u00ed patrili k \u201egardistom\u201c \u2013 slovenskej obdobe \u0160\u00edpov\u00fdch kr\u00ed\u017eov \u2013 a po vojne im vedenie v Dunajskej Strede (ktor\u00e9 sa transformovalo z gardistick\u00fdch \u0161trukt\u00far \u00e9ry Bene\u0161ov\u00fdch dekr\u00e9tov na komunistick\u00fa spr\u00e1vu) priznalo privil\u00e9gi\u00e1, konkr\u00e9tne majetok vyhnan\u00fdch Ma\u010farov, ako napr\u00edklad byty, domy \u010di pozemky.<\/p>\n\n\n\n<p class=\"wp-block-paragraph\"><a href=\"https:\/\/www.facebook.com\/profile.php?id=100078948671010&amp;comment_id=Y29tbWVudDoxMzQ4MjM5ODUwNTExNTQzXzIwMTY1MTE1MjU2MzE2MTY%3D&amp;__cft__[0]=AZamyIOzuVhgc5hatmy2gVLeYh_A8Suv3fEj6sz-W0dKg4XMZCXZ0BeYmwm6eqeyo1WHw2oHcUpllMLRozo7067SoSyGnSHkXmRmW2Z4jC6bpwGuUawG768QMePwvlMv5tYRXFxn3q93oUWaWi04dg-KxaS45gMu54nj-C24io_j2A&amp;__tn__=R]-R\">Gergely David<\/a>: am\u00e1s Tyerj\u00e1nszki: Sta\u010d\u00ed, ak tomu rozumej\u00fa obyvatelia Dunajskej Stredy; s\u00edce sa tu ob\u010das hovor\u00ed po slovensky, ale situ\u00e1cia nie je rovnak\u00e1.<\/p>\n\n\n\n<p class=\"wp-block-paragraph\"><a href=\"https:\/\/www.facebook.com\/margita.czuczova?comment_id=Y29tbWVudDoxMzQ4MjM5ODUwNTExNTQzXzEwMzI4MTgyMDk0Mjk5MDA%3D&amp;__cft__[0]=AZamyIOzuVhgc5hatmy2gVLeYh_A8Suv3fEj6sz-W0dKg4XMZCXZ0BeYmwm6eqeyo1WHw2oHcUpllMLRozo7067SoSyGnSHkXmRmW2Z4jC6bpwGuUawG768QMePwvlMv5tYRXFxn3q93oUWaWi04dg-KxaS45gMu54nj-C24io_j2A&amp;__tn__=R]-R\">Margita Czuczov\u00e1<\/a>: Tam\u00e1s Tyrj\u00e1nszki: I\u0161lo to od srdca, s\u00fahlas\u00edm s vami.<\/p>\n\n\n\n<p class=\"wp-block-paragraph\"><a href=\"https:\/\/www.facebook.com\/profile.php?id=100009409759282&amp;comment_id=Y29tbWVudDoxMzQ4MjM5ODUwNTExNTQzXzEzMjYwOTM3MDYzMTUxMzk%3D&amp;__cft__[0]=AZYa5vEldArW9JoWi1svmLYq0znwmfpWp9Pin-_jwMXgTtVoKQ9BcKTDNvddtB3nbQv7nTCBho2kjGAen2IZPdt_mwqPVZnT7BnmGyQQIAI_onqsuJdVUDQKEBmpcA0mm40flx_IIUSoiSZ9NoHUUJUdHOskBk9EnwSQODi0Vyf_9Q&amp;__tn__=R]-R\">G\u00e1sp\u00e1r L\u00f3pici<\/a>:Ke\u010f\u017ee medzi inici\u00e1tormi pet\u00edcie je nemal\u00fd po\u010det \u013eud\u00ed, ktor\u00ed sa hl\u00e1sia k slovensk\u00fdm katol\u00edkom (pozri ni\u017e\u0161ie), neza\u0161kodilo by p\u00edsomne \u200b\u200binformova\u0165 Vatik\u00e1n a p\u00e1pe\u017ea o nevkusnom a provokat\u00edvnom \u010dine, ktor\u00e9ho sa va\u0161i n\u00e1bo\u017eensk\u00ed bratia chystaj\u00fa dopusti\u0165, a vyzva\u0165 ich, aby upustili od svojich teatr\u00e1lnych prejavov. \u013dudov\u00edt Gun\u010daga, predseda Zdru\u017eenia na ochranu \u013eudskej d\u00f4stojnosti, Dunajsk\u00e1 StredaJozef Javorka, podpredseda Zdru\u017eenia slovensk\u00fdch katol\u00edkov, BratislavaMiroslav Vetr\u00edk, predseda Zdru\u017eenia slovensk\u00fdch katol\u00edkov, BratislavaMarek Such\u00fd, predseda Zdru\u017eenia slovensk\u00fdch katol\u00edkov vo Ve\u013ekej Pake<br>Jana Such\u00e1, predsedn\u00ed\u010dka Zdru\u017eenia slovensk\u00fdch katol\u00edkov v \u0160amor\u00edne Toto je pr\u00edle\u017eitos\u0165 pre ma\u010farsk\u00fdch politikov p\u00f4sobiacich na Slovensku, aby sa chopili iniciat\u00edvy: ich aktivity by sa nemali obmedzova\u0165 len na neform\u00e1lne stretnutia s \u010ditate\u013emi \u2013 mali by protestova\u0165 aj na miestach, kde je to potrebn\u00e9. Napokon, na \u010do vlastne vynakladaj\u00fa prostriedky, ktor\u00e9 z\u00edskali za prekro\u010denie trojpercentnej volebnej hranice? \u010ealej s\u00fa tu r\u00f4zne org\u00e1ny Eur\u00f3pskej \u00fanie na ochranu pr\u00e1v, Eur\u00f3pska komisia \u010di Eur\u00f3psky parlament; tie by mali by\u0165 jasne informovan\u00e9 o tom, \u010do sa tu deje s tich\u00fdm s\u00fahlasom vrcholovej politiky.Viem, \u017ee tieto eur\u00f3pske in\u0161tit\u00facie pri vyjadrovan\u00ed svojich postojov \u010dasto uplat\u0148uj\u00fa dvojak\u00fd meter, no ke\u010f\u017ee s\u00fa\u010dasn\u00e1 slovensk\u00e1 vl\u00e1da sa v Bruseli nete\u0161\u00ed ve\u013ekej ob\u013eube, t\u00e1to z\u00e1le\u017eitos\u0165 by mohla up\u00fata\u0165 pozornos\u0165 niekoho, komu tak\u00fdto stav prek\u00e1\u017ea \u2013 niekoho, kto si chce vybavi\u0165 \u00fa\u010dty s nepopul\u00e1rnou slovenskou vl\u00e1dou. Ak t\u00e1 poc\u00edti tlak zo strany E\u00da, mo\u017eno pr\u00e1ve ona vyzve t\u00fdch, ktor\u00ed zneu\u017e\u00edvaj\u00fa \u201ema\u010farsk\u00fa kartu\u201c, aby zmiernili svoju r\u00e9toriku. Ak v\u0161ak budeme ml\u010da\u0165, t\u00edto provokat\u00e9ri \u2013 \u017eiven\u00ed nacionalistick\u00fdmi n\u00e1ladami \u2013 bud\u00fa \u010doraz smel\u0161\u00ed.<\/p>\n\n\n\n<p class=\"wp-block-paragraph\"><a href=\"https:\/\/www.facebook.com\/giuseppe.molinari.92775?comment_id=Y29tbWVudDoxMzQ4MjM5ODUwNTExNTQzXzE1NDc4MzI1NjM1NTEyMzk%3D&amp;__cft__[0]=AZaX3b2MWy-Ig-Wl_URsLLenS5G_ArCCbsOWZPNfvmDkAlPCCo6wQ5hzbBmYDmx-IoxLdBScV4_GH12qqiIcxR8sw7Aojif1KwDULouLKQLLP9JQvI6dY8mRIUB2MohPsaQlei2NRuAlwGLllBOyVOTEaVx7Vo-h8lIGDZDA-y99UA&amp;__tn__=R]-R\">Giuseppe Molinari<\/a>: G\u00e1sp\u00e1r L\u00f3pici &#8211; G\u00e1sp\u00e1r L\u00f3pici ,,, csak azt tudn\u00e1m, hogy az ilyen guncsaga- f\u00e9l\u00e9k mi az anyjuk keservit keresnek itt Szedahelyen?! Minek j\u00f6ttek ide sz\u0151kiteni a magyart?! Sz\u0151k\u00edtett\u00e9k volna a t\u00e1trai barnamedv\u00e9ket a nyavaly\u00e1sok!<br>A Hetek hely\u00e9ben \u00e9n feljelenten\u00e9m \u0151ket hamis v\u00e1daskod\u00e1s miatt! (Google preklada\u010d: Chcem len vedie\u0165, \u010do t\u00edto &#8211; gun\u010daga-spratkovia h\u013eadaj\u00fa t\u00edto tu Dunajskej Strede! Pre\u010do sem pri\u0161li karha\u0165 Ma\u010farov?! T\u00ed dareb\u00e1ci by karhali hned\u00e9 medvede v Tatr\u00e1ch! Keby som bol na mieste Heteka, podal by som na nich s\u0165a\u017enos\u0165 za to, \u017ee vzniesli nepravdiv\u00e9 obvinenia!)<\/p>\n\n\n\n<p class=\"wp-block-paragraph\"><a href=\"https:\/\/www.facebook.com\/zsolt.kapitany.73594?comment_id=Y29tbWVudDoxMzQ4MjM5ODUwNTExNTQzXzE0ODgxMzE2ODk3MjUyNDM%3D&amp;__cft__[0]=AZaggrjbWuGv0towTqJD4QW7EVbIFRQG3TewtURtazSxOeG-3Tm7l4k8g0GQrBArnyWldx5Z6XuE-EuMeSjRDBWLXjlAtmOPdU8mGiSEro6mznxIpx7TjN8byxyUT_ri-tFL33_5oI5CN8jK8bz7rb-LYaTU3LA65RIWwiUXm2C5Yw&amp;__tn__=R]-R\">Zsolt Rex Haj\u00f3s<\/a>: Slovensko? Nem\u00e1 \u017eiadnu hist\u00f3riu! Nikdy nemalo kr\u00e1\u013ea! Jeho \u00fazemia mu jednoducho spadli do lona. Vlajku si pozliepali z k\u00faskov a \u00fatr\u017ekov pozbieran\u00fdch kade-tade. Nikdy to nebol \u0161t\u00e1t.<\/p>\n\n\n\n<p class=\"wp-block-paragraph\"><a href=\"https:\/\/www.facebook.com\/szebeni.joska?comment_id=Y29tbWVudDoxMzQ4MjM5ODUwNTExNTQzXzg2NTk3OTg1MzIyMjEwMg%3D%3D&amp;__cft__[0]=AZbLj5WZP4UXL0VUzhabxgB11fn3Rgxwb7rPqUNkdbHN6-HKbG9YxPoT6uithvgVwuT5PIc6U8ewmy76e0GZ0PJM0aVKLZGe_uZMQLfccBaojX-v8UY2RkTdvBV7aEgNk7xfJPl9F2iOUJs8yH_IwQheCQUWwAzn9wfh1DWIsO9DEQ&amp;__tn__=R]-R\">Szebeni Joska<\/a>: Zsolt Rex Haj\u00f3s &#8211; E\u0161te aj tie ich krpce poch\u00e1dzaj\u00fa od poliakov&#8230;!<br>Bocskorukat is a lengyelekt\u00f6l&#8230;!<\/p>\n\n\n\n<p class=\"wp-block-paragraph\"><a href=\"https:\/\/www.facebook.com\/splivalo.lajos?comment_id=Y29tbWVudDoxMzQ4MjM5ODUwNTExNTQzXzEzOTg1NTUzMDg5NTc0Mjc%3D&amp;__cft__[0]=AZbLj5WZP4UXL0VUzhabxgB11fn3Rgxwb7rPqUNkdbHN6-HKbG9YxPoT6uithvgVwuT5PIc6U8ewmy76e0GZ0PJM0aVKLZGe_uZMQLfccBaojX-v8UY2RkTdvBV7aEgNk7xfJPl9F2iOUJs8yH_IwQheCQUWwAzn9wfh1DWIsO9DEQ&amp;__tn__=R]-R\">Splivalo Lajos Antal<\/a>: Zsolt Rexa Haj\u00f3s &#8211; Zmeska Poliakov in\u00fdch.Zsolta, \u013eudia, ktor\u00fdch prich\u00fdlili Habsburgovci na z\u00e1klade princ\u00edpu \u201erozde\u013euj a panuj\u201c. Dokonca aj ich hymna je ma\u010farsk\u00e1 piese\u0148.<\/p>\n\n\n\n<p class=\"wp-block-paragraph\"><a href=\"https:\/\/www.facebook.com\/profile.php?id=100012175756023&amp;comment_id=Y29tbWVudDoxMzQ4MjM5ODUwNTExNTQzXzI0NTYxNjM2NjgxODEwNjM%3D&amp;__cft__[0]=AZb_sMcxSjBuBjh_DxZZVsJBb0vLI9zKWcyW4YILo70bhkvoXgIVVJlGHF8iIL2-ZmsrRQVG2kPenjTjBf3qdxuQOoDdg_7fhexfDYfr6M1sfBVu4K3DLosGYRfZSAcZbSKZfktM1VjLTDzQWdT1Dw8ZvZyOsI5N7fwSFaUbsTjI5g&amp;__tn__=R]-R\">P\u00e9ter Tim\u00e1r<\/a>: Zsolt Rex Haj\u00f3s &#8211; spolu s ich \u201ehymnou\u201c.<\/p>\n\n\n\n<p class=\"wp-block-paragraph\"><a href=\"https:\/\/www.facebook.com\/profile.php?id=100011761838185&amp;comment_id=Y29tbWVudDoxMzQ4MjM5ODUwNTExNTQzXzEwMjMwOTA3ODAzMDU3ODA%3D&amp;__cft__[0]=AZb_sMcxSjBuBjh_DxZZVsJBb0vLI9zKWcyW4YILo70bhkvoXgIVVJlGHF8iIL2-ZmsrRQVG2kPenjTjBf3qdxuQOoDdg_7fhexfDYfr6M1sfBVu4K3DLosGYRfZSAcZbSKZfktM1VjLTDzQWdT1Dw8ZvZyOsI5N7fwSFaUbsTjI5g&amp;__tn__=R]-R\">J\u00f3zsef Rad\u00f3<\/a>: Zsolt Rex Haj\u00f3s- Pr\u00e1ve tak\u00e9t\u00fdmito prejavmi d\u00e1vame \u013eu\u010fom d\u00f4vod,aby chceli napr\u00edklad odstr\u00e1ni\u0165 sochy.<\/p>\n\n\n\n<p class=\"wp-block-paragraph\"><br><a href=\"https:\/\/www.facebook.com\/vadasi.nagy?comment_id=Y29tbWVudDoxMzQ4MjM5ODUwNTExNTQzXzE1MjUwNjM1MTkwMTU5MDU%3D&amp;__cft__[0]=AZYPKc56CuRRwtXMhynWKrJSUS4C7I_jb2bwnqrB_63AnShq46WbAjWG_Yq9xXIBwT3tAtrlzCotnGoia4WB6zo9BdzKA9gZcRx5X-JPeiXFTaU_YmnJQKJ79EQa9fX6PnO48FDFw5KbGIdKwYZADGhTfbJ17dJ5pwHkZVwtdgWBtg&amp;__tn__=R]-R\">Nagy Istv\u00e1n<\/a>: T\u00e1to h\u00e1ve\u010f z Mongolska mohla vyhladi\u0165 v\u0161etk\u00fdch Slov\u00e1kov i pres\u00eddlen\u00fdch Rumunov, Srbov a ostatn\u00fdch, no za tis\u00edc rokov tak neurobila; naopak, re\u0161pektovala ich a priznala im rovnak\u00e9 pr\u00e1va ako v\u0161etk\u00fdm ostatn\u00fdm ob\u010danom!! Dodnes si pam\u00e4t\u00e1m, \u010do obn\u00e1\u0161alo vyhnanie Ma\u010farov z ich vlasti \u2013 z Felvid\u00e9ku! Svoje \u017eivoty, samotn\u00fa existenciu i svoje dejiny v\u010fa\u010dia n\u00e1m, MA\u010eAROM!!!!<\/p>\n\n\n\n<p class=\"wp-block-paragraph\"><a href=\"https:\/\/www.facebook.com\/falathzsuzsanna?comment_id=Y29tbWVudDoxMzQ4MjM5ODUwNTExNTQzXzIxNzA3OTk0NzM3MTMwODE%3D&amp;__cft__[0]=AZYPKc56CuRRwtXMhynWKrJSUS4C7I_jb2bwnqrB_63AnShq46WbAjWG_Yq9xXIBwT3tAtrlzCotnGoia4WB6zo9BdzKA9gZcRx5X-JPeiXFTaU_YmnJQKJ79EQa9fX6PnO48FDFw5KbGIdKwYZADGhTfbJ17dJ5pwHkZVwtdgWBtg&amp;__tn__=R]-R\">Zuzana Falathov\u00e1<\/a>: Nagy Istv\u00e1n &#8211; S\u00fahlas\u00edm s vami!<\/p>\n\n\n\n<p class=\"wp-block-paragraph\"><a href=\"https:\/\/www.facebook.com\/profile.php?id=100011761838185&amp;comment_id=Y29tbWVudDoxMzQ4MjM5ODUwNTExNTQzXzk2NzY4MTgwMjc2Njk0Mw%3D%3D&amp;__cft__[0]=AZYPKc56CuRRwtXMhynWKrJSUS4C7I_jb2bwnqrB_63AnShq46WbAjWG_Yq9xXIBwT3tAtrlzCotnGoia4WB6zo9BdzKA9gZcRx5X-JPeiXFTaU_YmnJQKJ79EQa9fX6PnO48FDFw5KbGIdKwYZADGhTfbJ17dJ5pwHkZVwtdgWBtg&amp;__tn__=R]-R\">J\u00f3zsef Rad\u00f3<\/a>: Tak\u017ee maj\u00fa \u010fakova\u0165 Ma\u010farom za to, \u017ee neboli vyhladen\u00ed? Pod\u013ea legendy tu Slov\u00e1ci \u017eili pred Ma\u010farmi.<\/p>\n\n\n\n<p class=\"wp-block-paragraph\"><a href=\"https:\/\/www.facebook.com\/eva.bela.tibor?comment_id=Y29tbWVudDoxMzQ4MjM5ODUwNTExNTQzXzEwNjQxODY2ODU5NjcyOTg%3D&amp;__cft__[0]=AZbD-JNASEMfyRbqmCHhH5YXecBXdn1rsm7GcCXqWhaffRtuKB99FDIhaee-rSF2lbNrjfORvpskxk2V6JPHfpgMY01OxmahJdWJ4XpVKyelB4EuCqoBOtv0kw0mxthuZFQM3-qSqLWZ4Ma3ARX-Qvk9ko5zluimn-Pybxybo2B2VQ&amp;__tn__=R]-R\">\u00c9va B\u00e9la Tibor<\/a>: J\u00f3zsef Rad\u00f3 &#8211; Mo\u017eno by sme sa nemali spolieha\u0165 na legendy. V\u00e4\u010d\u0161ina predkov Slov\u00e1kov pri\u0161la do Uhorska a\u017e po pr\u00edchode Ma\u010farov; v\u00e4\u010d\u0161ia \u010das\u0165 dne\u0161n\u00e9ho Slovenska bola predt\u00fdm bu\u010f \u00faplne neob\u00fdvan\u00e1, alebo ju tvorili riedko os\u00eddlen\u00e9 kr\u00e1\u013eovsk\u00e9 lesy. Hoci je pr\u00edtomnos\u0165 Slovanov v Karpatskej kotline pred t\u00fdmto pr\u00edchodom nesporn\u00e1, je rovnako zrejm\u00e9, \u017ee zna\u010dn\u00e1 \u010das\u0165 obyvate\u013estva pri\u0161la a\u017e nesk\u00f4r. Pr\u00e1ve preto existovali za\u010diatkom 19. storo\u010dia najmenej tri odli\u0161n\u00e9 n\u00e1re\u010dia: v\u00fdchodosloven\u010dina \u2013 silne ovplyvnen\u00e1 Rus\u00ednmi (ktor\u00fdch os\u00eddlenie je dobre zdokumentovan\u00e9) \u2013 bola pre z\u00e1padn\u00fdch Slov\u00e1kov len \u0165a\u017eko zrozumite\u013en\u00e1, ke\u010f\u017ee t\u00ed pou\u017e\u00edvali jazyk bli\u017e\u0161\u00ed \u010de\u0161tine (severov\u00fdchod dokonca e\u0161te v roku 1920 zost\u00e1val oblas\u0165ou, kde preva\u017eovala rus\u00edn\u010dina). Na severe sa tie\u017e v\u00fdrazne usadzovali po\u013esk\u00ed Gorali, popri mest\u00e1ch a \u00fazemiach, ktor\u00e9 sa vy\u013eudnili a n\u00e1sledne poslovan\u010dili v d\u00f4sledku ni\u010denia sp\u00f4soben\u00e9ho \u010desk\u00fdmi husitmi. Okrem toho existovalo na z\u00e1padnom Slovensku aj zna\u010dn\u00e9 chorv\u00e1tske os\u00eddlenie, hoci tieto skupiny sa odvtedy posloven\u010dili. Pokia\u013e ide o \u201eslovensk\u00fa\u201c pastiersku kult\u00faru, v podstate i\u0161lo o kult\u00faru vala\u0161sk\u00fdch komun\u00edt (vr\u00e1tane Rus\u00ednov), ktor\u00e9 migrovali na sever pozd\u013a\u017e karpatsk\u00e9ho obl\u00faka.<\/p>\n\n\n\n<p class=\"wp-block-paragraph\"><a href=\"https:\/\/www.facebook.com\/profile.php?id=100011761838185&amp;comment_id=Y29tbWVudDoxMzQ4MjM5ODUwNTExNTQzXzEzNjg3NjAwMTE0MjEwNzc%3D&amp;__cft__[0]=AZbk3u6EcXMBeuQ6TzClO57aZIBDop0BUHJ-h1jCAtWYyVanAp3qqxG47Tw4kaLri4Lse7yp2BwNpcI2NqL1B9xIvZ1w9wBYE3LmHCGOWRtajivqZ4yRxVuFQKXF0TU1hXNsrQm-EvTkMRudJLUds-zNPs_yucCrB7wKwYqNAXtG4w&amp;__tn__=R]-R\">J\u00f3zsef Rad\u00f3<\/a>: \u00c9va B\u00e9la Tibor -Znie to dobre, ale ve\u013ek\u00e1 \u010das\u0165 z toho je tie\u017e len legenda&#8230;<\/p>\n\n\n\n<p class=\"wp-block-paragraph\"><a href=\"https:\/\/www.facebook.com\/eva.bela.tibor?comment_id=Y29tbWVudDoxMzQ4MjM5ODUwNTExNTQzXzE3MTA3ODM0MDM1MTUxMjU%3D&amp;__cft__[0]=AZbk3u6EcXMBeuQ6TzClO57aZIBDop0BUHJ-h1jCAtWYyVanAp3qqxG47Tw4kaLri4Lse7yp2BwNpcI2NqL1B9xIvZ1w9wBYE3LmHCGOWRtajivqZ4yRxVuFQKXF0TU1hXNsrQm-EvTkMRudJLUds-zNPs_yucCrB7wKwYqNAXtG4w&amp;__tn__=R]-R\">\u00c9va B\u00e9la Tibor<\/a>: J\u00f3zsef Rad\u00f3 &#8211; Ktor\u00e1 \u201eve\u013ek\u00e1 \u010das\u0165\u201c konkr\u00e9tne?<\/p>\n\n\n\n<p class=\"wp-block-paragraph\"><a href=\"https:\/\/www.facebook.com\/profile.php?id=100087347415241&amp;comment_id=Y29tbWVudDoxMzQ4MjM5ODUwNTExNTQzXzQyNjc4OTYxMDAwMDg4MzA%3D&amp;__cft__[0]=AZZ7mxa_lP4X7nfztWxUL5PtRCZjGqHyrPNMUDYSgafRO93SjVYQhATQ_Ur4BnV-84QD7u5lEuAWU2kr6cejVHpcL9TVj4cPWnC1mknOPHv9OmHOHM-PSJ57U08l_0haNP7v1YKNXeONZGbxZsYbVU-h2WeiVA-teXfIVbjLuilHaA&amp;__tn__=R]-R\">J\u00e1nos Kir\u00e1ly<\/a>: Istv\u00e1n Nagy &#8211; To je nepopierate\u013en\u00e9.<\/p>\n\n\n\n<p class=\"wp-block-paragraph\"><a href=\"https:\/\/www.facebook.com\/mate.nahaj.9?comment_id=Y29tbWVudDoxMzQ4MjM5ODUwNTExNTQzXzEwMDIzNTMwNjIxNzQ3NTA%3D&amp;__cft__[0]=AZYrGNzljeA07J1LJwgDzXGu-ccDkSb1T_PLeUCfCmEZY1KRsiE7Rqq65hmBGS-mWHuavOMDldvviGYUht2pAUOc5tEdQeQ4LEUubZ1ZnLlDT8Liz3iwFfen-OuSxmNIfjVKZP_EMVKS3q_feGl6r8G-CUoVWR3qeKq0E9ir9O3hyA&amp;__tn__=R]-R\">Mate Nahaj<\/a>: Je zauj\u00edmav\u00e9 \u2013 pre\u010do Facebook v takomto pr\u00edpade ni\u010d nerob\u00ed s nen\u00e1vistn\u00fdmi koment\u00e1rmi? Je v poriadku n\u00e1s takto o\u010dier\u0148ova\u0165?<\/p>\n\n\n\n<p class=\"wp-block-paragraph\"><a href=\"https:\/\/www.facebook.com\/profile.php?id=61555474913688&amp;comment_id=Y29tbWVudDoxMzQ4MjM5ODUwNTExNTQzXzEwNjE2NDA3MzMwMDY2Mjk%3D&amp;__cft__[0]=AZb8GKExsEAPQEHGgMM2n0LLoh2Kqv76pj6-cBdD52TR9R2Ab_zd0SOMz-keU_8EPOfpTi32XWrF9kvWOTsUlX-0OGkznt0F4JdZxzvG7tbcouiqJ_b_kd65ALFtp4N0TSMUcduPB1BzWEzCnaf2MUXVkGHvtebieet15Roi8MS7GQ&amp;__tn__=R]-R\">Elem\u00e9r Lapos<\/a>: Mate Nahaj &#8211; \u00c1no. V\u0161etko je v ruk\u00e1ch \u201e\u017eir\u00e1f\u201c a t\u00fdch liber\u00e1lnych pom\u00e4tencov so skazenou du\u0161ou a zmie\u0161an\u00fdm p\u00f4vodom \u2013 a t\u00ed nen\u00e1vidia Ma\u010farov. S\u00fa to Satanovi bastardi.<\/p>\n\n\n\n<p class=\"wp-block-paragraph\"><a href=\"https:\/\/www.facebook.com\/tibor.orban.54?comment_id=Y29tbWVudDoxMzQ4MjM5ODUwNTExNTQzXzE3MTYwNDU4Mzk1MjkwMjg%3D&amp;__cft__[0]=AZbingpiaIyTDU_PWTjE50ifr30BRP7ImbQgRqCwcduS6Cno3iVpZm_1lO3Mnvc7gqwAzpY9qEpMAqjNs9bsAsSvW1RIKcmEJh11wSWvrQh7X6fNYXDRs_T50C-xcFMycxZjWZmF9BS2_4v330z2kB-S-H9bNIy1imLS0Vg_VK6S3g&amp;__tn__=R]-R\">Tibor Orb\u00e1n<\/a>: Napokon, nie v\u0161etci Slov\u00e1ci s\u00fa protima\u010farsky naladen\u00ed; d\u00f4vodom, pre\u010do s\u00fa t\u00edto \u0161ovinisti tak\u00ed hlasn\u00ed, je skuto\u010dnos\u0165, \u017ee sa v Ma\u010farsku dostala k moci skupina vystupuj\u00faca proti nacionalizmu.<\/p>\n\n\n\n<p class=\"wp-block-paragraph\"><a href=\"https:\/\/www.facebook.com\/demeter.gabor.18?comment_id=Y29tbWVudDoxMzQ4MjM5ODUwNTExNTQzXzEwMDU5OTU0NjIyMTczMDE%3D&amp;__cft__[0]=AZbjN1Rj1nya4BpVluU1o7J1rJ4hfY7AbI-0_YlEN-gptERXzvpKmQYA460Q0zppQwb8fW1y3Kqw_g7Kj5SiPXQNQ3H77qNcyKQ-Zh83vjNj2iMFouiyFGkbIIhnk4mfgv5l_kzRpzRRyWTkNRREqsBqfzQKL781-F55Me44k4Z6sQ&amp;__tn__=R]-R\">Demeter G\u00e1bor<\/a>:Rovnako hlu\u010dn\u00ed a dobroprajn\u00ed bali u\u017e pred triciatimi \u010di \u0161tyriciatimi rokmi Nezva\u013eujme to na Fidesz.<\/p>\n\n\n\n<p class=\"wp-block-paragraph\"> <a href=\"https:\/\/www.facebook.com\/julianna.babarczine?comment_id=Y29tbWVudDoxMzQ4MjM5ODUwNTExNTQzXzkyMzc5ODg2MDc4MDUyNQ%3D%3D&amp;__cft__[0]=AZbjN1Rj1nya4BpVluU1o7J1rJ4hfY7AbI-0_YlEN-gptERXzvpKmQYA460Q0zppQwb8fW1y3Kqw_g7Kj5SiPXQNQ3H77qNcyKQ-Zh83vjNj2iMFouiyFGkbIIhnk4mfgv5l_kzRpzRRyWTkNRREqsBqfzQKL781-F55Me44k4Z6sQ&amp;__tn__=R]-R\">Julianna Babarczin\u00e9<\/a>: Tibor Orb\u00e1n &#8211;  Vid\u00ed\u0161 to spr\u00e1vne.<\/p>\n\n\n\n<p class=\"wp-block-paragraph\"><a href=\"https:\/\/www.facebook.com\/profile.php?id=100005584097283&amp;comment_id=Y29tbWVudDoxMzQ4MjM5ODUwNTExNTQzXzIxNjk3MDg2NDM1OTIzMTA%3D&amp;__cft__[0]=AZYejhO0m5lEpiJGjXgSOd59tzx2_FArN4gP3P08i0g23aqcrNcmP2GoXcKYdOoUFtsqpNFQNlhHtjeXmZ3aRlE9ZEfnmzaBTmsVQ8RtoNm-Gdpi5-MUsTjPS0PZR2HgOy5o8XWWgGzXLErGASf461Vn3kUQZgAVO_Y5sQuMh-rP6w&amp;__tn__=R]-R\">Anna Rowland<\/a>: M\u00f4j syn \u2013 ktor\u00fd nem\u00e1 ma\u010farsk\u00e9 meno \u2013 bol minul\u00fd rok pracovne v Ko\u0161iciach; jeho spolo\u010dnos\u0165 tam m\u00e1 slovensk\u00fa pobo\u010dku. Ist\u00e1 \u017eena, ktor\u00e1 bola v podstate jeho kolegy\u0148ou \u2013 a s ktorou sa dovtedy nikdy nestretol ani nebol v kontakte, \u010di u\u017e telefonicky alebo online \u2013 za\u010dala pred n\u00edm ohov\u00e1ra\u0165 Ma\u010farov po necelej hodine ich \u201evz\u00e1jomn\u00e9ho spozn\u00e1vania sa\u201c.<\/p>\n\n\n\n<p class=\"wp-block-paragraph\"><a href=\"https:\/\/www.facebook.com\/tibor.orban.54?comment_id=Y29tbWVudDoxMzQ4MjM5ODUwNTExNTQzXzkwNjUyNDE0MjQ3OTkzNg%3D%3D&amp;__cft__[0]=AZaFoF5DyzsdOOx-ZFdZt1cB6mustPjLC2jwoTRORQ1cJ-MvouNfJ_OO6UpcQ7eaNj0S_2EOaryN4pKKQwESQnbYcCfZzELOa_ZrA0zLV04q1sfMTCwGL9zHcArNV-IMYiLChSTlq8oTRGDvEUMZ5aT1BAFuJNZqpj2WlyUeo7Dn7g&amp;__tn__=R]-R\">Tibor Orb\u00e1n<\/a>: Anna Rowland &#8211; Bohu\u017eia\u013e, aj tak\u00e9to veci sa st\u00e1vaj\u00fa.<\/p>\n\n\n\n<p class=\"wp-block-paragraph\"><a href=\"https:\/\/www.facebook.com\/tibor.orban.54?comment_id=Y29tbWVudDoxMzQ4MjM5ODUwNTExNTQzXzkwNjUyNDE0MjQ3OTkzNg%3D%3D&amp;__cft__[0]=AZaFoF5DyzsdOOx-ZFdZt1cB6mustPjLC2jwoTRORQ1cJ-MvouNfJ_OO6UpcQ7eaNj0S_2EOaryN4pKKQwESQnbYcCfZzELOa_ZrA0zLV04q1sfMTCwGL9zHcArNV-IMYiLChSTlq8oTRGDvEUMZ5aT1BAFuJNZqpj2WlyUeo7Dn7g&amp;__tn__=R]-R\">Tibor Orb\u00e1n<\/a>: Zolt\u00e1n Luk\u00e1csi (?) &#8211; Mimochodom, bol si v\u00f4bec na Slovensku \u2013 \u017ee si sa opova\u017euje\u0161 nap\u00edsa\u0165 mi nie\u010do tak\u00e9? Preto\u017ee tam m\u00e1m slovensk\u00fdch zn\u00e1mych, ktor\u00ed k n\u00e1m v\u00f4bec nie s\u00fa nepriate\u013esk\u00ed.Rad\u0161ej by si mal chrli\u0165 tak\u00e9to veci svojim kultov\u00fdm kump\u00e1nom!<\/p>\n\n\n\n<p class=\"wp-block-paragraph\"><a href=\"https:\/\/www.facebook.com\/zola82?comment_id=Y29tbWVudDoxMzQ4MjM5ODUwNTExNTQzXzEwMDg2MzQ3NzgzMzE3NjQ%3D&amp;__cft__[0]=AZYN6fpoqXrEYMjanP33RIBDbSLaWcd8HHvHLx9C8-8jQ8_ls596c8eY8ljpvUjzASEqyoNhJA2B_fhbR47D_E17jXjrltz2vlld42qkRBrB6O4t_ntsSV8RnkB7fudCiN5VhlurT-HljHq2hkDzdLcshW14DJc_3_C15rSz4Sz0iA&amp;__tn__=R]-R\">Papp Zolt\u00e1n<\/a>: Odkia\u013e pramen\u00ed v\u0161etka t\u00e1 nevra\u017eivos\u0165? Geneticky sme predsa v\u0161etci jedna a t\u00e1 ist\u00e1 skupina.<br>Jeden m\u00f4j \u010desk\u00fd kamar\u00e1t to raz vyjadril takto: \u201eVie\u0161, kto s\u00fa Slov\u00e1ci? &#8230; To s\u00fa Ma\u010fari, ktor\u00ed hovoria po \u010desky nespr\u00e1vne&#8230;\u201c<br>Ka\u017edop\u00e1dne, narodil som sa v \u201etirp\u00e1ckom kraji\u201c, hoci sa tam moji rodi\u010dia pris\u0165ahovali \u2013 vlastne sa tam usadili. \ud83e\udd23<br>Nikdy sme tam medzi sebou nemali \u017eiadne probl\u00e9my \u2013 Ma\u010fari a \u013eudia slovensk\u00e9ho p\u00f4vodu. Hoci treba podotkn\u00fa\u0165, \u017ee samotn\u00ed Slov\u00e1ci ich ani nechc\u00fa uzna\u0165 za Slov\u00e1kov&#8230; \u010do je tie\u017e zvl\u00e1\u0161tne.<\/p>\n\n\n\n<p class=\"wp-block-paragraph\"><a href=\"https:\/\/www.facebook.com\/istvan.toth.79274089?comment_id=Y29tbWVudDoxMzQ4MjM5ODUwNTExNTQzXzIwMTg5OTAxODg3ODY0MjM%3D&amp;__cft__[0]=AZYN6fpoqXrEYMjanP33RIBDbSLaWcd8HHvHLx9C8-8jQ8_ls596c8eY8ljpvUjzASEqyoNhJA2B_fhbR47D_E17jXjrltz2vlld42qkRBrB6O4t_ntsSV8RnkB7fudCiN5VhlurT-HljHq2hkDzdLcshW14DJc_3_C15rSz4Sz0iA&amp;__tn__=R]-R\">Istv\u00e1n T\u00f3th<\/a>: Slovenska niet a nikdy nebolo.<\/p>\n\n\n\n<p class=\"wp-block-paragraph\"><a href=\"https:\/\/www.facebook.com\/vili.mehes?comment_id=Y29tbWVudDoxMzQ4MjM5ODUwNTExNTQzXzIwODk4MDY1MDE5NjUxMzI%3D&amp;__cft__[0]=AZYN6fpoqXrEYMjanP33RIBDbSLaWcd8HHvHLx9C8-8jQ8_ls596c8eY8ljpvUjzASEqyoNhJA2B_fhbR47D_E17jXjrltz2vlld42qkRBrB6O4t_ntsSV8RnkB7fudCiN5VhlurT-HljHq2hkDzdLcshW14DJc_3_C15rSz4Sz0iA&amp;__tn__=R]-R\">Vili M\u00e9hes<\/a>: Istv\u00e1n T\u00f3th &#8211; Nechcem by\u0165 zl\u00fd, ale aj vo vyspel\u00fdch USA si to m\u00fdlia so Slovinskom<\/p>\n\n\n\n<p class=\"wp-block-paragraph\"><a href=\"https:\/\/www.facebook.com\/szabo.zsolt.1690?comment_id=Y29tbWVudDoxMzQ4MjM5ODUwNTExNTQzXzEwMTA4MDc5NjE1Mjk5NTI%3D&amp;__cft__[0]=AZbAwb7yaECmPDLlKie-Ds_DUC9AkrRcORoL29emqRaMnz9ukkkA1O6gR4R_4uA7LEkYnUCdVeyy3r1UzjKghQGDvroszzlhoJmruShMrMRUuFvxYbxGyfQJN8Yb3OE95lI84WQ02hciI4jlttuS8kRJ0osl4o8bWNkYNSlDczqmaQ&amp;__tn__=R]-R\">Szabo Zsolt<\/a>: \u013dudia \u00faplne pri\u0161li o rozum; zd\u00e1 sa, \u017ee ba\u017eia po vojne, len aby zomrelo mno\u017estvo nevinn\u00fdch \u013eud\u00ed \u2013 tak ako v susednej krajine. Svet je chor\u00fd \u2013 v\u00e1\u017ene chor\u00fd.<\/p>\n\n\n\n<p class=\"wp-block-paragraph\"><a href=\"https:\/\/www.facebook.com\/molnar.kornelia.1?comment_id=Y29tbWVudDoxMzQ4MjM5ODUwNTExNTQzXzEzNDkzMzYwMjM3NzYzNDk%3D&amp;__cft__[0]=AZbAwb7yaECmPDLlKie-Ds_DUC9AkrRcORoL29emqRaMnz9ukkkA1O6gR4R_4uA7LEkYnUCdVeyy3r1UzjKghQGDvroszzlhoJmruShMrMRUuFvxYbxGyfQJN8Yb3OE95lI84WQ02hciI4jlttuS8kRJ0osl4o8bWNkYNSlDczqmaQ&amp;__tn__=R]-R\">Moln\u00e1r Korn\u00e9lia<\/a>: Zast\u00e1vam sa ich! (Ki\u00e1llok mellett\u00fck!)<\/p>\n\n\n\n<p class=\"wp-block-paragraph\"><a href=\"https:\/\/www.facebook.com\/jozsef.szakal.161?comment_id=Y29tbWVudDoxMzQ4MjM5ODUwNTExNTQzXzI4ODA2ODQyNjg5NTk3ODU%3D&amp;__cft__[0]=AZZpS3iMKRThzb0IC7Z2Mq2JD98THFuSxuj5x7FTW-cCfmoqEAdIXNGuxXkheCqy62_vypEEmr84ppv_F1Nq5j1zCYRmuml7EhUzv_wV2RXSnvE6mqgOFWpeDaHG9L4nl94Axt2xgtnuDrIMHK4gbXTps7ZlZbEThrnSUPT7-LFHlg&amp;__tn__=R]-R\">Szak\u00e1l J\u00f3zsef<\/a>: Moln\u00e1r Korn\u00e9lia &#8211; Zasl\u00fa\u017eite si to. M\u00e1te na to kult\u00faru. (Meg\u00e9rdemled. Meg van hozz\u00e1 a kult\u00far\u00e1d.)<\/p>\n\n\n\n<p class=\"wp-block-paragraph\"><a href=\"https:\/\/www.facebook.com\/zoltan.keri62?comment_id=Y29tbWVudDoxMzQ4MjM5ODUwNTExNTQzXzE3MTM1MzU1MzY0NDcxMzc%3D&amp;__cft__[0]=AZZpS3iMKRThzb0IC7Z2Mq2JD98THFuSxuj5x7FTW-cCfmoqEAdIXNGuxXkheCqy62_vypEEmr84ppv_F1Nq5j1zCYRmuml7EhUzv_wV2RXSnvE6mqgOFWpeDaHG9L4nl94Axt2xgtnuDrIMHK4gbXTps7ZlZbEThrnSUPT7-LFHlg&amp;__tn__=R]-R\">Zolt\u00e1n K\u00e9ri<\/a>: T\u00ed Slov\u00e1ci s\u00fa odporn\u00e1, mizern\u00e1 ch\u00e1ska! Ba \u010do viac, vy\u0161e tretiny obyvate\u013estva je ma\u010farsk\u00e9ho p\u00f4vodu \u2013 hoci mnoh\u00ed u\u017e svoju identitu stratili.<\/p>\n\n\n\n<p class=\"wp-block-paragraph\"><\/p>\n\n\n\n<p class=\"wp-block-paragraph\"><strong>+ \u010fal\u0161ie koment\u00e1re &#8230;<\/strong><\/p>\n\n\n\n<p class=\"wp-block-paragraph\"><strong>P.S: <\/strong>Na &#8222;<em><strong>\u0161ovinistick\u00e9, ur\u00e1\u017eliv\u00e9 a rasistick\u00e9 koment\u00e1re namieren\u00e9 proti Ma\u010farom<\/strong><\/em>&#8222;, ktor\u00e9 zmie\u0148uje Zuzana Falathov\u00e1 vo svojej v\u00fdzve, som nenarazil. Ako sa v\u0161ak m\u00f4\u017eeme presved\u010di\u0165 z tu zverejnen\u00fdch koment\u00e1rov, t\u00fdch ur\u00e1\u017eliv\u00fdch, zneva\u017euj\u00facich a zretelne protislovensk\u00fdch zo strany Ma\u010farov je viac ne\u017e dos\u0165! A to v pr\u00edpade Zuzany Falathovej asi nikoho neprekvap\u00ed a je dos\u0165 prekvapiv\u00e9, \u017ee jej slovensk\u00e9 org\u00e1ny \u0161t\u00e1tnej moci umo\u017e\u0148uj\u00fa \u0161\u00edri\u0165 proma\u010farsk\u00fa \u010di dokonca protislovensk\u00fa propagandu na \u00fazem\u00ed Slovenskej republiky. A za vyslovene tristn\u00e9 pova\u017eujem to, \u017ee s \u0148ou starostovia niektor\u00fdch obc\u00ed so zmie\u0161an\u00fdm obyvate\u013estvom Ju\u017en\u00e9ho Slovenska organizuj\u00fa besedy bez toho, aby k nim prizvali aj slovensk\u00fdch experov \u010di dokonca slovensk\u00fdch obyvate\u013eov svojej obce!<\/p>\n\n\n\n<p class=\"wp-block-paragraph\"><\/p>\n\n\n<div class=\"wp-block-image\">\n<figure class=\"aligncenter size-large is-resized\"><img loading=\"lazy\" decoding=\"async\" width=\"724\" height=\"1024\" src=\"https:\/\/www.slovaci.eu\/wp-content\/uploads\/2026\/08\/670324352_1303146048354257_1589330334014854167_n-724x1024.jpg\" alt=\"\" class=\"wp-image-2108\" style=\"width:265px;height:auto\" srcset=\"https:\/\/www.slovaci.eu\/wp-content\/uploads\/2026\/08\/670324352_1303146048354257_1589330334014854167_n-724x1024.jpg 724w, https:\/\/www.slovaci.eu\/wp-content\/uploads\/2026\/08\/670324352_1303146048354257_1589330334014854167_n-212x300.jpg 212w, https:\/\/www.slovaci.eu\/wp-content\/uploads\/2026\/08\/670324352_1303146048354257_1589330334014854167_n-768x1086.jpg 768w, https:\/\/www.slovaci.eu\/wp-content\/uploads\/2026\/08\/670324352_1303146048354257_1589330334014854167_n-43x60.jpg 43w, https:\/\/www.slovaci.eu\/wp-content\/uploads\/2026\/08\/670324352_1303146048354257_1589330334014854167_n-1086x1536.jpg 1086w, https:\/\/www.slovaci.eu\/wp-content\/uploads\/2026\/08\/670324352_1303146048354257_1589330334014854167_n.jpg 1169w\" sizes=\"auto, (max-width: 724px) 100vw, 724px\" \/><figcaption class=\"wp-element-caption\">Predn\u00e1\u0161ka a beseda v Reci\/SK<\/figcaption><\/figure>\n<\/div>\n\n\n<p class=\"wp-block-paragraph\">P.S.S.: Pam\u00e4tn\u00edk &#8222;ne\u013eudsk\u00e9ho re\u017eimu&#8220; v <a href=\"https:\/\/www.slovaci.eu\/?p=977\">Dunajskej Strede<\/a> sa stal miestom pravideln\u00fdch (protestn\u00fdch?) stretnut\u00ed Ma\u010farov &#8211; a to nielen zo Slovenska! Deje se tak hlavne pri v\u00fdro\u010diach tzv. <a href=\"https:\/\/www.slovaci.eu\/?p=1700\">Trianonskej dohody<\/a> z rok 1920. Nikoho preto asi neprekvap\u00ed, \u017ee rozsudok s\u00fadu v Banskej Bystrici vo veci odstr\u00e1nenia tohoto pam\u00e4tn\u00edku, je u Slov\u00e1kou na Juhu Slovenska ve\u013emi aktu\u00e1lnou a ve\u013emi o\u010dak\u00e1vanou z\u00e1le\u017eitos\u0165ou.<\/p>\n\n\n\n<p class=\"wp-block-paragraph\"><\/p>\n\n\n\n<p class=\"wp-block-paragraph\"><em><strong>Prehl\u00e1senie: V\u0161etky fotografie a texty z tejto str\u00e1nky s\u00fa verejne dostupn\u00e9 a zoznam ich zrojov je k dispoz\u00edcii u jej autora. (PhDr. Pavel Be\u0148o)<\/strong><\/em><\/p>\n","protected":false},"excerpt":{"rendered":"<p>Hus\u00e1rsky pam\u00e4tn\u00edk v R. Sobote posprejovali,pr\u00edpadom sa zaober\u00e1 pol\u00edcia O tejto udalosti informovala na svojom Facebooku aj verejne zn\u00e1ma osoba (?) a proma\u010farsk\u00e1 aktivistka Zuzana Falathov\u00e1 Status Zuzany Falathovej zo d\u0148a 18.8.2026: &#8222;Slovensk\u00ed \u0161ovinisti dnes v Rimaszombate poni\u010dili ma\u010farsk\u00fd hus\u00e1rsky pam\u00e4tn\u00edk s protima\u010farsk\u00fdmi heslami. &#8222;Ma\u010fari za Dunaj!&#8220; Zdroj: \u00d6rs Orosz&#8220; Netu\u0161\u00edm s\u00edce, odkia\u013e \u010derp\u00e1 p\u00e1n &hellip; <\/p>\n","protected":false},"author":1,"featured_media":2001,"comment_status":"open","ping_status":"open","sticky":false,"template":"","format":"standard","meta":{"footnotes":""},"categories":[1],"tags":[],"class_list":["post-1999","post","type-post","status-publish","format-standard","has-post-thumbnail","hentry","category-uncategorized","latest_post"],"_links":{"self":[{"href":"https:\/\/www.slovaci.eu\/index.php?rest_route=\/wp\/v2\/posts\/1999","targetHints":{"allow":["GET"]}}],"collection":[{"href":"https:\/\/www.slovaci.eu\/index.php?rest_route=\/wp\/v2\/posts"}],"about":[{"href":"https:\/\/www.slovaci.eu\/index.php?rest_route=\/wp\/v2\/types\/post"}],"author":[{"embeddable":true,"href":"https:\/\/www.slovaci.eu\/index.php?rest_route=\/wp\/v2\/users\/1"}],"replies":[{"embeddable":true,"href":"https:\/\/www.slovaci.eu\/index.php?rest_route=%2Fwp%2Fv2%2Fcomments&post=1999"}],"version-history":[{"count":76,"href":"https:\/\/www.slovaci.eu\/index.php?rest_route=\/wp\/v2\/posts\/1999\/revisions"}],"predecessor-version":[{"id":2463,"href":"https:\/\/www.slovaci.eu\/index.php?rest_route=\/wp\/v2\/posts\/1999\/revisions\/2463"}],"wp:featuredmedia":[{"embeddable":true,"href":"https:\/\/www.slovaci.eu\/index.php?rest_route=\/wp\/v2\/media\/2001"}],"wp:attachment":[{"href":"https:\/\/www.slovaci.eu\/index.php?rest_route=%2Fwp%2Fv2%2Fmedia&parent=1999"}],"wp:term":[{"taxonomy":"category","embeddable":true,"href":"https:\/\/www.slovaci.eu\/index.php?rest_route=%2Fwp%2Fv2%2Fcategories&post=1999"},{"taxonomy":"post_tag","embeddable":true,"href":"https:\/\/www.slovaci.eu\/index.php?rest_route=%2Fwp%2Fv2%2Ftags&post=1999"}],"curies":[{"name":"wp","href":"https:\/\/api.w.org\/{rel}","templated":true}]}}