{"id":1642,"date":"2026-08-12T16:46:55","date_gmt":"2026-08-12T16:46:55","guid":{"rendered":"https:\/\/www.slovaci.eu\/?p=1642"},"modified":"2026-08-31T12:48:55","modified_gmt":"2026-08-31T12:48:55","slug":"aktualna-situacia-s-madarizaciou-slovenska","status":"publish","type":"post","link":"https:\/\/www.slovaci.eu\/?p=1642","title":{"rendered":"Aktu\u00e1lna situ\u00e1cia s &#8222;ma\u010fariz\u00e1ciou&#8220; Slovenska?"},"content":{"rendered":"<div class=\"wp-block-image\">\n<figure class=\"aligncenter size-full is-resized\"><img loading=\"lazy\" decoding=\"async\" width=\"756\" height=\"509\" src=\"https:\/\/www.slovaci.eu\/wp-content\/uploads\/2026\/08\/Fotka-z-videa-podium-s-dvoma-hu-vlajkami.jpg\" alt=\"\" class=\"wp-image-1645\" style=\"width:530px;height:auto\" srcset=\"https:\/\/www.slovaci.eu\/wp-content\/uploads\/2026\/08\/Fotka-z-videa-podium-s-dvoma-hu-vlajkami.jpg 756w, https:\/\/www.slovaci.eu\/wp-content\/uploads\/2026\/08\/Fotka-z-videa-podium-s-dvoma-hu-vlajkami-300x202.jpg 300w, https:\/\/www.slovaci.eu\/wp-content\/uploads\/2026\/08\/Fotka-z-videa-podium-s-dvoma-hu-vlajkami-89x60.jpg 89w\" sizes=\"auto, (max-width: 756px) 100vw, 756px\" \/><figcaption class=\"wp-element-caption\">Foto: zsi.sk<\/figcaption><\/figure>\n<\/div>\n\n\n<p class=\"wp-block-paragraph\"><a href=\"https:\/\/parameter.sk\/autor\/kiss-barbara\/\">Pani Barbara Kiss niektor\u00e9 jej texty na port\u00e1li parameter.sk <\/a><\/p>\n\n\n<div class=\"wp-block-image\">\n<figure class=\"aligncenter size-full is-resized\"><img loading=\"lazy\" decoding=\"async\" width=\"800\" height=\"600\" src=\"https:\/\/www.slovaci.eu\/wp-content\/uploads\/2026\/08\/stopmadarizacii.jpg\" alt=\"\" class=\"wp-image-1675\" style=\"width:434px;height:auto\" srcset=\"https:\/\/www.slovaci.eu\/wp-content\/uploads\/2026\/08\/stopmadarizacii.jpg 800w, https:\/\/www.slovaci.eu\/wp-content\/uploads\/2026\/08\/stopmadarizacii-300x225.jpg 300w, https:\/\/www.slovaci.eu\/wp-content\/uploads\/2026\/08\/stopmadarizacii-768x576.jpg 768w, https:\/\/www.slovaci.eu\/wp-content\/uploads\/2026\/08\/stopmadarizacii-80x60.jpg 80w\" sizes=\"auto, (max-width: 800px) 100vw, 800px\" \/><figcaption class=\"wp-element-caption\">Sloven\u010dina v utajen\u00ed?<\/figcaption><\/figure>\n<\/div>\n\n\n<p class=\"wp-block-paragraph\"><a href=\"https:\/\/www.zsi.sk\/do-toho-felvidek-prec-s-trianonom-protislovenska-jazda-motorkarov-na-trase-dunajska-streda-sturovo\/\">Verejn\u00e1 v\u00fdzva na odstr\u00e1nenie pam\u00e4tn\u00edka re\u017eimu ne\u013eudskosti v Dunajskej Strede<\/a><\/p>\n\n\n\n<p class=\"wp-block-paragraph\"><a href=\"https:\/\/www.zsi.sk\/do-toho-felvidek-prec-s-trianonom-protislovenska-jazda-motorkarov-na-trase-dunajska-streda-sturovo\/\">\u201eDo toho Felvid\u00e9k \u2013 pre\u010d s Trianonom\u201c \u2013 protislovensk\u00e1 jazda motork\u00e1rov na trase Dunajsk\u00e1 Streda \u2013 \u0160t\u00farovo<\/a><\/p>\n\n\n\n<p class=\"wp-block-paragraph\"><a href=\"https:\/\/www.zsi.sk\/ako-nam-slovensko-rozkladaju-pred-ocami-udalost-v-obci-borsa\/\">Ako n\u00e1m Slovensko rozkladaj\u00fa pred o\u010dami. Udalos\u0165 v obci Bor\u0161a<\/a><\/p>\n\n\n\n<p class=\"wp-block-paragraph\"><a href=\"https:\/\/www.zsi.sk\/najvacsia-madarizacia-v-ere-slovenskej-samostatnosti-za-20-milionov-eur\/\">Najv\u00e4\u010d\u0161ia ma\u010fariz\u00e1cia v \u00e9re slovenskej samostatnosti \u2013 za 20 mili\u00f3nov eur<\/a><\/p>\n\n\n\n<h5 class=\"wp-block-heading\"><a href=\"https:\/\/www.zsi.sk\/wp-content\/uploads\/Sprava_o_naraste_iredenty_na_juhu_SR_2023.pdf\">Spr\u00e1va o n\u00e1raste iredenty na juhu Slovenska &#8230;<\/a><br><\/h5>\n\n\n\n<p class=\"wp-block-paragraph\"><\/p>\n\n\n\n<p class=\"wp-block-paragraph\"><em><strong>Prehl\u00e1senie: V\u0161etky fotografie a texty z tejto str\u00e1nky s\u00fa verejne dostupn\u00e9 a zoznam ich zrojov je k dispoz\u00edcii u jej autora. (PhDr. Pavel Be\u0148o)<\/strong><\/em><\/p>\n","protected":false},"excerpt":{"rendered":"<p>Pani Barbara Kiss niektor\u00e9 jej texty na port\u00e1li parameter.sk Verejn\u00e1 v\u00fdzva na odstr\u00e1nenie pam\u00e4tn\u00edka re\u017eimu ne\u013eudskosti v Dunajskej Strede \u201eDo toho Felvid\u00e9k \u2013 pre\u010d s Trianonom\u201c \u2013 protislovensk\u00e1 jazda motork\u00e1rov na trase Dunajsk\u00e1 Streda \u2013 \u0160t\u00farovo Ako n\u00e1m Slovensko rozkladaj\u00fa pred o\u010dami. Udalos\u0165 v obci Bor\u0161a Najv\u00e4\u010d\u0161ia ma\u010fariz\u00e1cia v \u00e9re slovenskej samostatnosti \u2013 za 20 &hellip; <\/p>\n","protected":false},"author":1,"featured_media":1709,"comment_status":"open","ping_status":"open","sticky":false,"template":"","format":"standard","meta":{"footnotes":""},"categories":[1],"tags":[],"class_list":["post-1642","post","type-post","status-publish","format-standard","has-post-thumbnail","hentry","category-uncategorized","latest_post"],"_links":{"self":[{"href":"https:\/\/www.slovaci.eu\/index.php?rest_route=\/wp\/v2\/posts\/1642","targetHints":{"allow":["GET"]}}],"collection":[{"href":"https:\/\/www.slovaci.eu\/index.php?rest_route=\/wp\/v2\/posts"}],"about":[{"href":"https:\/\/www.slovaci.eu\/index.php?rest_route=\/wp\/v2\/types\/post"}],"author":[{"embeddable":true,"href":"https:\/\/www.slovaci.eu\/index.php?rest_route=\/wp\/v2\/users\/1"}],"replies":[{"embeddable":true,"href":"https:\/\/www.slovaci.eu\/index.php?rest_route=%2Fwp%2Fv2%2Fcomments&post=1642"}],"version-history":[{"count":10,"href":"https:\/\/www.slovaci.eu\/index.php?rest_route=\/wp\/v2\/posts\/1642\/revisions"}],"predecessor-version":[{"id":2466,"href":"https:\/\/www.slovaci.eu\/index.php?rest_route=\/wp\/v2\/posts\/1642\/revisions\/2466"}],"wp:featuredmedia":[{"embeddable":true,"href":"https:\/\/www.slovaci.eu\/index.php?rest_route=\/wp\/v2\/media\/1709"}],"wp:attachment":[{"href":"https:\/\/www.slovaci.eu\/index.php?rest_route=%2Fwp%2Fv2%2Fmedia&parent=1642"}],"wp:term":[{"taxonomy":"category","embeddable":true,"href":"https:\/\/www.slovaci.eu\/index.php?rest_route=%2Fwp%2Fv2%2Fcategories&post=1642"},{"taxonomy":"post_tag","embeddable":true,"href":"https:\/\/www.slovaci.eu\/index.php?rest_route=%2Fwp%2Fv2%2Ftags&post=1642"}],"curies":[{"name":"wp","href":"https:\/\/api.w.org\/{rel}","templated":true}]}}