{"id":149,"date":"2024-07-11T19:56:34","date_gmt":"2024-07-11T19:56:34","guid":{"rendered":"https:\/\/www.slovaci.eu\/?p=149"},"modified":"2025-04-04T09:21:51","modified_gmt":"2025-04-04T09:21:51","slug":"kolonisti-a-ich-potomkovia-z-obce-javorinka","status":"publish","type":"post","link":"https:\/\/www.slovaci.eu\/?p=149","title":{"rendered":"Kolonisti a ich potomkovia z obce Javorinka"},"content":{"rendered":"\n<p class=\"wp-block-paragraph\"><strong><em>Upozornenie: Pre m\u0148a (zatia\u013e)  anonymn\u00fd\/\u00ed z\u00e1stupca\/ovia &#8222;organizovanej totality&#8220; sa rozhodli, \u017ee odstr\u00e1nia moje vide\u00e1 zo svojej platformy. Preto sa na tejto webovej str\u00e1nke nenach\u00e1dzaj\u00fa<\/em><\/strong> !!!<\/p>\n\n\n\n<p class=\"wp-block-paragraph\">Neve\u013ek\u00e1 obec Javorinka, predt\u00fdm aj \u0160tef\u00e1nikov \u010di \u0160tef\u00e1nikovo, le\u017e\u00ed na juhoz\u00e1pade Slovenska &#8211; vzdialen\u00e1 cca  3 kilometre od mesta Galanta.<\/p>\n\n\n\n<p class=\"wp-block-paragraph\">Zalo\u017eili ju po vzniku \u010cSR prev\u00e1\u017ene kolonisti zo Severn\u00e9ho Slovenska na zkonfi\u0161kovan\u00fdch pozemkoch ma\u010farsk\u00fdch zemep\u00e1nov &#8230;<\/p>\n\n\n\n<figure class=\"wp-block-embed is-type-video is-provider-youtube wp-block-embed-youtube wp-embed-aspect-16-9 wp-has-aspect-ratio\"><div class=\"wp-block-embed__wrapper\">\n<iframe loading=\"lazy\" title=\"92-ro\u010dn\u00fd Ferdinand \u017dilin\u010d\u00edk, najstar\u0161\u00ed potomok z kolonistov  Javorinky spom\u00edna ...\" width=\"790\" height=\"444\" src=\"https:\/\/www.youtube.com\/embed\/i-JLvL0db1g?feature=oembed\" frameborder=\"0\" allow=\"accelerometer; autoplay; clipboard-write; encrypted-media; gyroscope; picture-in-picture; web-share\" referrerpolicy=\"strict-origin-when-cross-origin\" allowfullscreen><\/iframe>\n<\/div><\/figure>\n","protected":false},"excerpt":{"rendered":"<p>Upozornenie: Pre m\u0148a (zatia\u013e) anonymn\u00fd\/\u00ed z\u00e1stupca\/ovia &#8222;organizovanej totality&#8220; sa rozhodli, \u017ee odstr\u00e1nia moje vide\u00e1 zo svojej platformy. Preto sa na tejto webovej str\u00e1nke nenach\u00e1dzaj\u00fa !!! Neve\u013ek\u00e1 obec Javorinka, predt\u00fdm aj \u0160tef\u00e1nikov \u010di \u0160tef\u00e1nikovo, le\u017e\u00ed na juhoz\u00e1pade Slovenska &#8211; vzdialen\u00e1 cca 3 kilometre od mesta Galanta. Zalo\u017eili ju po vzniku \u010cSR prev\u00e1\u017ene kolonisti zo Severn\u00e9ho Slovenska &hellip; <\/p>\n","protected":false},"author":1,"featured_media":155,"comment_status":"open","ping_status":"open","sticky":false,"template":"","format":"standard","meta":{"footnotes":""},"categories":[1],"tags":[],"class_list":["post-149","post","type-post","status-publish","format-standard","has-post-thumbnail","hentry","category-uncategorized","latest_post"],"_links":{"self":[{"href":"https:\/\/www.slovaci.eu\/index.php?rest_route=\/wp\/v2\/posts\/149","targetHints":{"allow":["GET"]}}],"collection":[{"href":"https:\/\/www.slovaci.eu\/index.php?rest_route=\/wp\/v2\/posts"}],"about":[{"href":"https:\/\/www.slovaci.eu\/index.php?rest_route=\/wp\/v2\/types\/post"}],"author":[{"embeddable":true,"href":"https:\/\/www.slovaci.eu\/index.php?rest_route=\/wp\/v2\/users\/1"}],"replies":[{"embeddable":true,"href":"https:\/\/www.slovaci.eu\/index.php?rest_route=%2Fwp%2Fv2%2Fcomments&post=149"}],"version-history":[{"count":4,"href":"https:\/\/www.slovaci.eu\/index.php?rest_route=\/wp\/v2\/posts\/149\/revisions"}],"predecessor-version":[{"id":933,"href":"https:\/\/www.slovaci.eu\/index.php?rest_route=\/wp\/v2\/posts\/149\/revisions\/933"}],"wp:featuredmedia":[{"embeddable":true,"href":"https:\/\/www.slovaci.eu\/index.php?rest_route=\/wp\/v2\/media\/155"}],"wp:attachment":[{"href":"https:\/\/www.slovaci.eu\/index.php?rest_route=%2Fwp%2Fv2%2Fmedia&parent=149"}],"wp:term":[{"taxonomy":"category","embeddable":true,"href":"https:\/\/www.slovaci.eu\/index.php?rest_route=%2Fwp%2Fv2%2Fcategories&post=149"},{"taxonomy":"post_tag","embeddable":true,"href":"https:\/\/www.slovaci.eu\/index.php?rest_route=%2Fwp%2Fv2%2Ftags&post=149"}],"curies":[{"name":"wp","href":"https:\/\/api.w.org\/{rel}","templated":true}]}}