{"id":1334,"date":"2026-08-05T13:59:46","date_gmt":"2026-08-05T13:59:46","guid":{"rendered":"https:\/\/www.slovaci.eu\/?p=1334"},"modified":"2026-08-31T12:50:39","modified_gmt":"2026-08-31T12:50:39","slug":"zdielanie-verejneho-priestoru-v-sk-na-zmiesanom-uzemi","status":"publish","type":"post","link":"https:\/\/www.slovaci.eu\/?p=1334","title":{"rendered":"Zdie\u013eanie verejn\u00e9ho priestoru na zmie\u0161anom \u00fazem\u00ed v Slovenskej republike"},"content":{"rendered":"\n<p class=\"wp-block-paragraph\">Verejn\u00e9 priestranstv\u00e1 s\u00fa v Z\u00e1kone o obecnom zriaden\u00ed 70\/2018 Z. z., \u00a72b odsek 1 definovan\u00e9 nasledovne: \u201eVerejn\u00e9 priestranstvo je priestor pr\u00edstupn\u00fd verejnosti bez obmedzenia\u2026\u201c<\/p>\n\n\n\n<p class=\"wp-block-paragraph\">\u00darad vysok\u00e9ho komis\u00e1ra OSN pre \u013eudsk\u00e9 pr\u00e1va zas hovor\u00ed, \u017ee: \u201eVerejn\u00e9 priestranstv\u00e1 s\u00fa k\u013e\u00fa\u010dov\u00e9 pre u\u017e\u00edvanie \u013eudsk\u00fdch pr\u00e1v, \u0161peci\u00e1lne kult\u00farnych pr\u00e1v \u2013 Tieto priestory s\u00fa tvoren\u00e9 a spravovan\u00e9 verejn\u00fdmi in\u0161tit\u00faciami, ktor\u00e9 by mali na ich spr\u00e1vu nazera\u0165 skrz \u013eudskopr\u00e1vnu optiku.\u201c (<a href=\"https:\/\/www.amnesty.sk\/verejny-priestor-je-pre-vsetkych\/\">https:\/\/www.amnesty.sk\/verejny-priestor-je-pre-vsetkych\/<\/a>)<\/p>\n\n\n\n<p class=\"wp-block-paragraph\">V\u00fdzva: <\/p>\n\n\n\n<p class=\"wp-block-paragraph\"><em>V\u00e1\u017een\u00ed ma\u010farsk\u00ed spoluob\u010dania! Silne pochybujem o tom, \u017ee by v\u00e1s v s\u00fa\u010dasnej dobe niekto n\u00fatil, aby ste sa stali &#8211; ako to u\u017e bolo uveden\u00e9 &#8211; &#8222;ma\u010farsky hovoriacimi Slov\u00e1kmi&#8220;. Ale prestante u\u017e l\u00e1skavo ob\u0165a\u017eova\u0165 slovensk\u00fdch ob\u010danov v ich verejnom priestore ozna\u010den\u00edm &#8222;felvid\u00e9k&#8220; atp. . Ak o to ov\u0161em sami neprejavia z\u00e1ujem! Mnoh\u00fdch z nich va\u0161a hist\u00f3ria, nech akoko\u013evek sl\u00e1vna, nezauj\u00edma. Uvedomte si, \u017ee ste slovensk\u00fdmi ob\u010danmi &#8211; aj popri svojej &#8222;ma\u010farskosti&#8220; \u010di pr\u00edp. ma\u010farskej n\u00e1rodnosti.<\/em><\/p>\n\n\n\n<p class=\"wp-block-paragraph\"><strong>V\u0161etci ob\u010dania maj\u00fa pr\u00e1vo, aby rozumeli, \u010do sa v ich republike deje!<\/strong><\/p>\n\n\n\n<p class=\"wp-block-paragraph\"><\/p>\n\n\n\n<p class=\"has-text-align-center wp-block-paragraph\"><strong><em>&#8222;S\u00fa\u010dasnos\u0165 ?&#8220;<\/em><\/strong><\/p>\n\n\n<div class=\"wp-block-image\">\n<figure class=\"aligncenter size-full\"><img loading=\"lazy\" decoding=\"async\" width=\"913\" height=\"542\" src=\"https:\/\/www.slovaci.eu\/wp-content\/uploads\/2026\/08\/Putac-vyrez-final-1.jpg\" alt=\"\" class=\"wp-image-1373\" srcset=\"https:\/\/www.slovaci.eu\/wp-content\/uploads\/2026\/08\/Putac-vyrez-final-1.jpg 913w, https:\/\/www.slovaci.eu\/wp-content\/uploads\/2026\/08\/Putac-vyrez-final-1-300x178.jpg 300w, https:\/\/www.slovaci.eu\/wp-content\/uploads\/2026\/08\/Putac-vyrez-final-1-768x456.jpg 768w, https:\/\/www.slovaci.eu\/wp-content\/uploads\/2026\/08\/Putac-vyrez-final-1-101x60.jpg 101w\" sizes=\"auto, (max-width: 913px) 100vw, 913px\" \/><\/figure>\n<\/div>\n\n\n<p class=\"wp-block-paragraph\"><\/p>\n\n\n<div class=\"wp-block-image\">\n<figure class=\"aligncenter size-full is-resized\"><img loading=\"lazy\" decoding=\"async\" width=\"940\" height=\"788\" src=\"https:\/\/www.slovaci.eu\/wp-content\/uploads\/2026\/08\/trstice15326.jpg\" alt=\"\" class=\"wp-image-1388\" style=\"aspect-ratio:1.1929170549860204;width:533px;height:auto\" srcset=\"https:\/\/www.slovaci.eu\/wp-content\/uploads\/2026\/08\/trstice15326.jpg 940w, https:\/\/www.slovaci.eu\/wp-content\/uploads\/2026\/08\/trstice15326-300x251.jpg 300w, https:\/\/www.slovaci.eu\/wp-content\/uploads\/2026\/08\/trstice15326-768x644.jpg 768w, https:\/\/www.slovaci.eu\/wp-content\/uploads\/2026\/08\/trstice15326-72x60.jpg 72w\" sizes=\"auto, (max-width: 940px) 100vw, 940px\" \/><\/figure>\n<\/div>\n\n\n<p class=\"wp-block-paragraph\"><\/p>\n\n\n<div class=\"wp-block-image\">\n<figure class=\"aligncenter size-large is-resized\"><img loading=\"lazy\" decoding=\"async\" width=\"1024\" height=\"538\" src=\"https:\/\/www.slovaci.eu\/wp-content\/uploads\/2026\/08\/trsticema1-1024x538.jpg\" alt=\"\" class=\"wp-image-1386\" style=\"aspect-ratio:1.9034106412005456;width:737px;height:auto\" srcset=\"https:\/\/www.slovaci.eu\/wp-content\/uploads\/2026\/08\/trsticema1-1024x538.jpg 1024w, https:\/\/www.slovaci.eu\/wp-content\/uploads\/2026\/08\/trsticema1-300x158.jpg 300w, https:\/\/www.slovaci.eu\/wp-content\/uploads\/2026\/08\/trsticema1-768x403.jpg 768w, https:\/\/www.slovaci.eu\/wp-content\/uploads\/2026\/08\/trsticema1-114x60.jpg 114w, https:\/\/www.slovaci.eu\/wp-content\/uploads\/2026\/08\/trsticema1.jpg 1200w\" sizes=\"auto, (max-width: 1024px) 100vw, 1024px\" \/><\/figure>\n<\/div>\n\n\n<p class=\"wp-block-paragraph\"><\/p>\n\n\n<div class=\"wp-block-image\">\n<figure class=\"alignleft size-large is-resized\"><img loading=\"lazy\" decoding=\"async\" width=\"768\" height=\"1024\" src=\"https:\/\/www.slovaci.eu\/wp-content\/uploads\/2026\/08\/Sooky-Marian-Nagymegyer-polgarmestere1-768x1024.jpg\" alt=\"\" class=\"wp-image-1374\" style=\"width:309px;height:auto\" srcset=\"https:\/\/www.slovaci.eu\/wp-content\/uploads\/2026\/08\/Sooky-Marian-Nagymegyer-polgarmestere1-768x1024.jpg 768w, https:\/\/www.slovaci.eu\/wp-content\/uploads\/2026\/08\/Sooky-Marian-Nagymegyer-polgarmestere1-225x300.jpg 225w, https:\/\/www.slovaci.eu\/wp-content\/uploads\/2026\/08\/Sooky-Marian-Nagymegyer-polgarmestere1-1152x1536.jpg 1152w, https:\/\/www.slovaci.eu\/wp-content\/uploads\/2026\/08\/Sooky-Marian-Nagymegyer-polgarmestere1-45x60.jpg 45w, https:\/\/www.slovaci.eu\/wp-content\/uploads\/2026\/08\/Sooky-Marian-Nagymegyer-polgarmestere1.jpg 1536w\" sizes=\"auto, (max-width: 768px) 100vw, 768px\" \/><\/figure>\n<\/div>\n\n<div class=\"wp-block-image\">\n<figure class=\"alignright size-large is-resized\"><img loading=\"lazy\" decoding=\"async\" width=\"724\" height=\"1024\" src=\"https:\/\/www.slovaci.eu\/wp-content\/uploads\/2026\/08\/714902556_27037881899238923_1879263514035293941_n-1-724x1024.jpg\" alt=\"\" class=\"wp-image-1375\" style=\"aspect-ratio:0.7065503101671748;width:313px;height:auto\" srcset=\"https:\/\/www.slovaci.eu\/wp-content\/uploads\/2026\/08\/714902556_27037881899238923_1879263514035293941_n-1-724x1024.jpg 724w, https:\/\/www.slovaci.eu\/wp-content\/uploads\/2026\/08\/714902556_27037881899238923_1879263514035293941_n-1-212x300.jpg 212w, https:\/\/www.slovaci.eu\/wp-content\/uploads\/2026\/08\/714902556_27037881899238923_1879263514035293941_n-1-768x1087.jpg 768w, https:\/\/www.slovaci.eu\/wp-content\/uploads\/2026\/08\/714902556_27037881899238923_1879263514035293941_n-1-1085x1536.jpg 1085w, https:\/\/www.slovaci.eu\/wp-content\/uploads\/2026\/08\/714902556_27037881899238923_1879263514035293941_n-1-42x60.jpg 42w, https:\/\/www.slovaci.eu\/wp-content\/uploads\/2026\/08\/714902556_27037881899238923_1879263514035293941_n-1.jpg 1447w\" sizes=\"auto, (max-width: 724px) 100vw, 724px\" \/><\/figure>\n<\/div>\n\n\n<p class=\"wp-block-paragraph\"><\/p>\n\n\n\n<p class=\"wp-block-paragraph\"><\/p>\n\n\n<div class=\"wp-block-image\">\n<figure class=\"alignleft size-large is-resized\"><img loading=\"lazy\" decoding=\"async\" width=\"768\" height=\"1024\" src=\"https:\/\/www.slovaci.eu\/wp-content\/uploads\/2026\/08\/VerejSK-zmiesane-uzemieipel-768x1024.jpg\" alt=\"\" class=\"wp-image-1343\" style=\"aspect-ratio:0.7500145036839357;width:294px;height:auto\" srcset=\"https:\/\/www.slovaci.eu\/wp-content\/uploads\/2026\/08\/VerejSK-zmiesane-uzemieipel-768x1024.jpg 768w, https:\/\/www.slovaci.eu\/wp-content\/uploads\/2026\/08\/VerejSK-zmiesane-uzemieipel-225x300.jpg 225w, https:\/\/www.slovaci.eu\/wp-content\/uploads\/2026\/08\/VerejSK-zmiesane-uzemieipel-1152x1536.jpg 1152w, https:\/\/www.slovaci.eu\/wp-content\/uploads\/2026\/08\/VerejSK-zmiesane-uzemieipel-45x60.jpg 45w, https:\/\/www.slovaci.eu\/wp-content\/uploads\/2026\/08\/VerejSK-zmiesane-uzemieipel.jpg 1536w\" sizes=\"auto, (max-width: 768px) 100vw, 768px\" \/><\/figure>\n<\/div>\n\n<div class=\"wp-block-image\">\n<figure class=\"alignright size-large is-resized\"><img loading=\"lazy\" decoding=\"async\" width=\"768\" height=\"1024\" src=\"https:\/\/www.slovaci.eu\/wp-content\/uploads\/2026\/08\/VerejSK-zmiesane-uzemieipel2-768x1024.jpg\" alt=\"\" class=\"wp-image-1344\" style=\"aspect-ratio:0.7500114442664225;width:299px;height:auto\" srcset=\"https:\/\/www.slovaci.eu\/wp-content\/uploads\/2026\/08\/VerejSK-zmiesane-uzemieipel2-768x1024.jpg 768w, https:\/\/www.slovaci.eu\/wp-content\/uploads\/2026\/08\/VerejSK-zmiesane-uzemieipel2-225x300.jpg 225w, https:\/\/www.slovaci.eu\/wp-content\/uploads\/2026\/08\/VerejSK-zmiesane-uzemieipel2-1152x1536.jpg 1152w, https:\/\/www.slovaci.eu\/wp-content\/uploads\/2026\/08\/VerejSK-zmiesane-uzemieipel2-45x60.jpg 45w, https:\/\/www.slovaci.eu\/wp-content\/uploads\/2026\/08\/VerejSK-zmiesane-uzemieipel2.jpg 1536w\" sizes=\"auto, (max-width: 768px) 100vw, 768px\" \/><\/figure>\n<\/div>\n\n\n<p class=\"wp-block-paragraph\"><\/p>\n\n\n\n<p class=\"wp-block-paragraph\"><\/p>\n\n\n\n<p class=\"wp-block-paragraph\"><\/p>\n\n\n\n<p class=\"wp-block-paragraph\"><\/p>\n\n\n\n<p class=\"wp-block-paragraph\"><\/p>\n\n\n\n<p class=\"wp-block-paragraph\"><\/p>\n\n\n\n<p class=\"wp-block-paragraph\"><\/p>\n\n\n\n<p class=\"wp-block-paragraph\"><\/p>\n\n\n<div class=\"wp-block-image\">\n<figure class=\"aligncenter size-large is-resized\"><img loading=\"lazy\" decoding=\"async\" width=\"768\" height=\"1024\" src=\"https:\/\/www.slovaci.eu\/wp-content\/uploads\/2026\/08\/VerejSK-zmiesane-uzemieipel3-768x1024.jpg\" alt=\"\" class=\"wp-image-1347\" style=\"aspect-ratio:0.7500079828846952;width:553px;height:auto\" srcset=\"https:\/\/www.slovaci.eu\/wp-content\/uploads\/2026\/08\/VerejSK-zmiesane-uzemieipel3-768x1024.jpg 768w, https:\/\/www.slovaci.eu\/wp-content\/uploads\/2026\/08\/VerejSK-zmiesane-uzemieipel3-225x300.jpg 225w, https:\/\/www.slovaci.eu\/wp-content\/uploads\/2026\/08\/VerejSK-zmiesane-uzemieipel3-1152x1536.jpg 1152w, https:\/\/www.slovaci.eu\/wp-content\/uploads\/2026\/08\/VerejSK-zmiesane-uzemieipel3-45x60.jpg 45w, https:\/\/www.slovaci.eu\/wp-content\/uploads\/2026\/08\/VerejSK-zmiesane-uzemieipel3.jpg 1536w\" sizes=\"auto, (max-width: 768px) 100vw, 768px\" \/><\/figure>\n<\/div>\n\n\n<p class=\"wp-block-paragraph\"><\/p>\n\n\n<div class=\"wp-block-image\">\n<figure class=\"alignleft size-large is-resized\"><img loading=\"lazy\" decoding=\"async\" width=\"768\" height=\"1024\" src=\"https:\/\/www.slovaci.eu\/wp-content\/uploads\/2026\/08\/VerejSKDobruska-768x1024.jpg\" alt=\"\" class=\"wp-image-1353\" style=\"aspect-ratio:0.7500077301258464;width:307px;height:auto\" srcset=\"https:\/\/www.slovaci.eu\/wp-content\/uploads\/2026\/08\/VerejSKDobruska-768x1024.jpg 768w, https:\/\/www.slovaci.eu\/wp-content\/uploads\/2026\/08\/VerejSKDobruska-225x300.jpg 225w, https:\/\/www.slovaci.eu\/wp-content\/uploads\/2026\/08\/VerejSKDobruska-1152x1536.jpg 1152w, https:\/\/www.slovaci.eu\/wp-content\/uploads\/2026\/08\/VerejSKDobruska-45x60.jpg 45w, https:\/\/www.slovaci.eu\/wp-content\/uploads\/2026\/08\/VerejSKDobruska.jpg 1536w\" sizes=\"auto, (max-width: 768px) 100vw, 768px\" \/><\/figure>\n<\/div>\n\n<div class=\"wp-block-image\">\n<figure class=\"alignright size-large is-resized\"><img loading=\"lazy\" decoding=\"async\" width=\"768\" height=\"1024\" src=\"https:\/\/www.slovaci.eu\/wp-content\/uploads\/2026\/08\/VerSKTrianonLucenec-2-768x1024.jpg\" alt=\"\" class=\"wp-image-1356\" style=\"aspect-ratio:0.7500069097039883;width:305px;height:auto\" srcset=\"https:\/\/www.slovaci.eu\/wp-content\/uploads\/2026\/08\/VerSKTrianonLucenec-2-768x1024.jpg 768w, https:\/\/www.slovaci.eu\/wp-content\/uploads\/2026\/08\/VerSKTrianonLucenec-2-225x300.jpg 225w, https:\/\/www.slovaci.eu\/wp-content\/uploads\/2026\/08\/VerSKTrianonLucenec-2-1152x1536.jpg 1152w, https:\/\/www.slovaci.eu\/wp-content\/uploads\/2026\/08\/VerSKTrianonLucenec-2-45x60.jpg 45w, https:\/\/www.slovaci.eu\/wp-content\/uploads\/2026\/08\/VerSKTrianonLucenec-2.jpg 1536w\" sizes=\"auto, (max-width: 768px) 100vw, 768px\" \/><\/figure>\n<\/div>\n\n\n<p class=\"wp-block-paragraph\"><\/p>\n\n\n\n<p class=\"wp-block-paragraph\"><\/p>\n\n\n\n<p class=\"wp-block-paragraph\"><\/p>\n\n\n\n<p class=\"wp-block-paragraph\"><\/p>\n\n\n\n<p class=\"wp-block-paragraph\"><\/p>\n\n\n\n<p class=\"wp-block-paragraph\"><\/p>\n\n\n\n<p class=\"wp-block-paragraph\"><\/p>\n\n\n\n<p class=\"wp-block-paragraph\"><\/p>\n\n\n\n<p class=\"wp-block-paragraph\"><\/p>\n\n\n\n<p class=\"wp-block-paragraph\"><\/p>\n\n\n\n<p class=\"has-text-align-left wp-block-paragraph\"><strong><em>Minulos\u0165 &#8230;<\/em><\/strong><\/p>\n\n\n\n<p class=\"wp-block-paragraph\"><\/p>\n\n\n<div class=\"wp-block-image\">\n<figure class=\"alignleft size-large is-resized\"><img loading=\"lazy\" decoding=\"async\" width=\"768\" height=\"1024\" src=\"https:\/\/www.slovaci.eu\/wp-content\/uploads\/2026\/08\/VerejSKLucenec-768x1024.jpg\" alt=\"\" class=\"wp-image-1364\" style=\"aspect-ratio:0.7500066283108413;width:308px;height:auto\" srcset=\"https:\/\/www.slovaci.eu\/wp-content\/uploads\/2026\/08\/VerejSKLucenec-768x1024.jpg 768w, https:\/\/www.slovaci.eu\/wp-content\/uploads\/2026\/08\/VerejSKLucenec-225x300.jpg 225w, https:\/\/www.slovaci.eu\/wp-content\/uploads\/2026\/08\/VerejSKLucenec-1152x1536.jpg 1152w, https:\/\/www.slovaci.eu\/wp-content\/uploads\/2026\/08\/VerejSKLucenec-45x60.jpg 45w, https:\/\/www.slovaci.eu\/wp-content\/uploads\/2026\/08\/VerejSKLucenec.jpg 1536w\" sizes=\"auto, (max-width: 768px) 100vw, 768px\" \/><\/figure>\n<\/div>\n\n<div class=\"wp-block-image\">\n<figure class=\"alignright size-full is-resized\"><img loading=\"lazy\" decoding=\"async\" width=\"720\" height=\"960\" src=\"https:\/\/www.slovaci.eu\/wp-content\/uploads\/2026\/08\/VerejSK-zmiesane-uzemieSahy-1.jpg\" alt=\"\" class=\"wp-image-1365\" style=\"aspect-ratio:0.7500086168269396;width:311px;height:auto\" srcset=\"https:\/\/www.slovaci.eu\/wp-content\/uploads\/2026\/08\/VerejSK-zmiesane-uzemieSahy-1.jpg 720w, https:\/\/www.slovaci.eu\/wp-content\/uploads\/2026\/08\/VerejSK-zmiesane-uzemieSahy-1-225x300.jpg 225w, https:\/\/www.slovaci.eu\/wp-content\/uploads\/2026\/08\/VerejSK-zmiesane-uzemieSahy-1-45x60.jpg 45w\" sizes=\"auto, (max-width: 720px) 100vw, 720px\" \/><\/figure>\n<\/div>\n\n\n<p class=\"wp-block-paragraph\"><\/p>\n\n\n\n<p class=\"wp-block-paragraph\"><\/p>\n\n\n\n<p class=\"wp-block-paragraph\"><\/p>\n\n\n\n<p class=\"wp-block-paragraph\"><\/p>\n\n\n\n<p class=\"wp-block-paragraph\"><\/p>\n\n\n\n<p class=\"wp-block-paragraph\"><\/p>\n\n\n\n<p class=\"wp-block-paragraph\"><\/p>\n\n\n\n<p class=\"wp-block-paragraph\"><\/p>\n\n\n\n<p class=\"wp-block-paragraph\"><\/p>\n\n\n\n<p class=\"wp-block-paragraph\"><\/p>\n\n\n<div class=\"wp-block-image\">\n<figure class=\"aligncenter size-large is-resized\"><img loading=\"lazy\" decoding=\"async\" width=\"768\" height=\"1024\" src=\"https:\/\/www.slovaci.eu\/wp-content\/uploads\/2026\/08\/verejSKkodalyzoltan-1-768x1024.jpg\" alt=\"\" class=\"wp-image-1379\" style=\"width:380px;height:auto\" srcset=\"https:\/\/www.slovaci.eu\/wp-content\/uploads\/2026\/08\/verejSKkodalyzoltan-1-768x1024.jpg 768w, https:\/\/www.slovaci.eu\/wp-content\/uploads\/2026\/08\/verejSKkodalyzoltan-1-225x300.jpg 225w, https:\/\/www.slovaci.eu\/wp-content\/uploads\/2026\/08\/verejSKkodalyzoltan-1-1152x1536.jpg 1152w, https:\/\/www.slovaci.eu\/wp-content\/uploads\/2026\/08\/verejSKkodalyzoltan-1-45x60.jpg 45w, https:\/\/www.slovaci.eu\/wp-content\/uploads\/2026\/08\/verejSKkodalyzoltan-1.jpg 1536w\" sizes=\"auto, (max-width: 768px) 100vw, 768px\" \/><\/figure>\n<\/div>\n\n\n<p class=\"wp-block-paragraph\"><\/p>\n\n\n\n<p class=\"wp-block-paragraph\"><em><strong>Prehl\u00e1senie: V\u0161etky fotografie a texty z tejto str\u00e1nky s\u00fa verejne dostupn\u00e9 a zoznam ich zrojov je k dispoz\u00edcii u jej autora. (PhDr. Pavel Be\u0148o)<\/strong><\/em><\/p>\n\n\n\n<p class=\"wp-block-paragraph\"><\/p>\n\n\n\n<p class=\"wp-block-paragraph\"><\/p>\n\n\n\n<p class=\"wp-block-paragraph\"><\/p>\n\n\n\n<p class=\"wp-block-paragraph\"><\/p>\n\n\n\n<p class=\"wp-block-paragraph\"><\/p>\n\n\n\n<p class=\"wp-block-paragraph\"><\/p>\n\n\n\n<p class=\"wp-block-paragraph\"><\/p>\n\n\n\n<p class=\"wp-block-paragraph\"><\/p>\n\n\n\n<p class=\"wp-block-paragraph\"><\/p>\n\n\n\n<p class=\"wp-block-paragraph\"><\/p>\n\n\n\n<p class=\"wp-block-paragraph\"><\/p>\n\n\n\n<p class=\"wp-block-paragraph\"><\/p>\n","protected":false},"excerpt":{"rendered":"<p>Verejn\u00e9 priestranstv\u00e1 s\u00fa v Z\u00e1kone o obecnom zriaden\u00ed 70\/2018 Z. z., \u00a72b odsek 1 definovan\u00e9 nasledovne: \u201eVerejn\u00e9 priestranstvo je priestor pr\u00edstupn\u00fd verejnosti bez obmedzenia\u2026\u201c \u00darad vysok\u00e9ho komis\u00e1ra OSN pre \u013eudsk\u00e9 pr\u00e1va zas hovor\u00ed, \u017ee: \u201eVerejn\u00e9 priestranstv\u00e1 s\u00fa k\u013e\u00fa\u010dov\u00e9 pre u\u017e\u00edvanie \u013eudsk\u00fdch pr\u00e1v, \u0161peci\u00e1lne kult\u00farnych pr\u00e1v \u2013 Tieto priestory s\u00fa tvoren\u00e9 a spravovan\u00e9 verejn\u00fdmi in\u0161tit\u00faciami, ktor\u00e9 &hellip; <\/p>\n","protected":false},"author":1,"featured_media":1341,"comment_status":"open","ping_status":"open","sticky":false,"template":"","format":"standard","meta":{"footnotes":""},"categories":[1],"tags":[],"class_list":["post-1334","post","type-post","status-publish","format-standard","has-post-thumbnail","hentry","category-uncategorized","latest_post"],"_links":{"self":[{"href":"https:\/\/www.slovaci.eu\/index.php?rest_route=\/wp\/v2\/posts\/1334","targetHints":{"allow":["GET"]}}],"collection":[{"href":"https:\/\/www.slovaci.eu\/index.php?rest_route=\/wp\/v2\/posts"}],"about":[{"href":"https:\/\/www.slovaci.eu\/index.php?rest_route=\/wp\/v2\/types\/post"}],"author":[{"embeddable":true,"href":"https:\/\/www.slovaci.eu\/index.php?rest_route=\/wp\/v2\/users\/1"}],"replies":[{"embeddable":true,"href":"https:\/\/www.slovaci.eu\/index.php?rest_route=%2Fwp%2Fv2%2Fcomments&post=1334"}],"version-history":[{"count":43,"href":"https:\/\/www.slovaci.eu\/index.php?rest_route=\/wp\/v2\/posts\/1334\/revisions"}],"predecessor-version":[{"id":2469,"href":"https:\/\/www.slovaci.eu\/index.php?rest_route=\/wp\/v2\/posts\/1334\/revisions\/2469"}],"wp:featuredmedia":[{"embeddable":true,"href":"https:\/\/www.slovaci.eu\/index.php?rest_route=\/wp\/v2\/media\/1341"}],"wp:attachment":[{"href":"https:\/\/www.slovaci.eu\/index.php?rest_route=%2Fwp%2Fv2%2Fmedia&parent=1334"}],"wp:term":[{"taxonomy":"category","embeddable":true,"href":"https:\/\/www.slovaci.eu\/index.php?rest_route=%2Fwp%2Fv2%2Fcategories&post=1334"},{"taxonomy":"post_tag","embeddable":true,"href":"https:\/\/www.slovaci.eu\/index.php?rest_route=%2Fwp%2Fv2%2Ftags&post=1334"}],"curies":[{"name":"wp","href":"https:\/\/api.w.org\/{rel}","templated":true}]}}