{"id":1113,"date":"2026-08-01T18:53:44","date_gmt":"2026-08-01T18:53:44","guid":{"rendered":"https:\/\/www.slovaci.eu\/?p=1113"},"modified":"2026-08-31T12:57:47","modified_gmt":"2026-08-31T12:57:47","slug":"dvojjazycne-juzne-slovensko-bilingua-slovaca","status":"publish","type":"post","link":"https:\/\/www.slovaci.eu\/?p=1113","title":{"rendered":"Dvojjazy\u010dn\u00e9 ju\u017en\u00e9 Slovensko (Bilingua Slovaca?)"},"content":{"rendered":"\n<pre class=\"wp-block-preformatted\">Hnutie za dvojjazy\u010dn\u00e9 ju\u017en\u00e9 Slovensko \u2013 ktor\u00e9 do roku 2015 p\u00f4sobilo anonymne a zdru\u017eovalo pribli\u017ene 30 aktivistov \u2013 vzniklo takisto v roku 2011 z iniciat\u00edvy ob\u010dianskeho zdru\u017eenia Sine Metu. Cie\u013eom hnutia bolo roz\u0161\u00edri\u0165 vizu\u00e1lnu dvojjazy\u010dnos\u0165 a presadzova\u0165 jazykov\u00e9 pr\u00e1va zaru\u010den\u00e9 slovensk\u00fdmi z\u00e1konmi v oblastiach ju\u017en\u00e9ho Slovenska ob\u00fdvan\u00fdch ma\u010farskou men\u0161inou. Ich hlavnou met\u00f3dou bolo pou\u017e\u00edvanie cedul\u00ed; v roku 2011 osadili v Dunajskej Strede prv\u00fa dvojjazy\u010dn\u00fa smerov\u00fa tabu\u013eu v krajine, v nasleduj\u00facom roku obnovili \u017eelezni\u010dn\u00fa zast\u00e1vku v obci Oko\u010d (s dvojjazy\u010dn\u00fdm ozna\u010den\u00edm) a v roku 2013 vzt\u00fd\u010dili tabu\u013eu na podporu iniciat\u00edvy za zmenu n\u00e1zvu obce Te\u0161ed\u00edkovo ...(https:\/\/hu.wikipedia.org\/wiki\/Orosz_\u00d6rs).<br><\/pre>\n\n\n\n<p class=\"wp-block-paragraph\">Tridsa\u0165 anonymne utajen\u00fdch aktivistov &#8230; to u\u017e vyzer\u00e1 na poriadne spiknutie ma\u010farsk\u00fdch iredentistvov! Bolo by iste u\u017eito\u010dn\u00e9 vedie\u0165, \u010do v\u0161etko o nich Slov\u00e1ci vedeli a vedia! Kto z nich je e\u0161te dnes akt\u00edvny \u010di dokonca ovliv\u0148uje s\u00fa\u010dasn\u00fa slovensk\u00fa politiku (Oros \u00d6rs?) Dvojjazy\u010dn\u00e9 tabule s\u00fa dnes na Ju\u017enom Slovensku realita a ako to ukazuje ob\u00e1zok v z\u00e1hlav\u00ed na\u0161ej str\u00e1nky m\u00f4\u017ee by\u0165 tak\u00e1to realita prinajmen\u0161om dos\u0165 \u00fasmevn\u00e1. A potom je tu e\u0161te aj ot\u00e1zka ekonomick\u00e1!<\/p>\n\n\n\n<p class=\"wp-block-paragraph\">To v\u0161ak z\u010faleka nie je v\u0161etko. Zd\u00e1 sa by\u0165 dos\u0165 pravdepodobn\u00e9, \u017ee autorom tejto my\u0161lienky ne\u0161lo z\u010faleka iba o zrovnopr\u00e1vnenie vo veciach jazyka v oblastiach, kde \u017eije ma\u010farsk\u00e1 men\u0161ina. Ve\u010f pos\u00fa\u010fte sami:<\/p>\n\n\n<div class=\"wp-block-image\">\n<figure class=\"alignleft size-full is-resized\"><img loading=\"lazy\" decoding=\"async\" width=\"683\" height=\"1024\" src=\"https:\/\/www.slovaci.eu\/wp-content\/uploads\/2026\/08\/744141361_1751443799370915_2490379048560495530_n.jpg\" alt=\"\" class=\"wp-image-1130\" style=\"aspect-ratio:0.6669928564438791;width:175px;height:auto\" srcset=\"https:\/\/www.slovaci.eu\/wp-content\/uploads\/2026\/08\/744141361_1751443799370915_2490379048560495530_n.jpg 683w, https:\/\/www.slovaci.eu\/wp-content\/uploads\/2026\/08\/744141361_1751443799370915_2490379048560495530_n-200x300.jpg 200w, https:\/\/www.slovaci.eu\/wp-content\/uploads\/2026\/08\/744141361_1751443799370915_2490379048560495530_n-40x60.jpg 40w\" sizes=\"auto, (max-width: 683px) 100vw, 683px\" \/><\/figure>\n<\/div>\n\n<div class=\"wp-block-image\">\n<figure class=\"alignright size-large is-resized\"><img loading=\"lazy\" decoding=\"async\" width=\"724\" height=\"1024\" src=\"https:\/\/www.slovaci.eu\/wp-content\/uploads\/2026\/08\/714902556_27037881899238923_1879263514035293941_n-724x1024.jpg\" alt=\"\" class=\"wp-image-1119\" style=\"aspect-ratio:0.7070405075290772;width:373px;height:auto\" srcset=\"https:\/\/www.slovaci.eu\/wp-content\/uploads\/2026\/08\/714902556_27037881899238923_1879263514035293941_n-724x1024.jpg 724w, https:\/\/www.slovaci.eu\/wp-content\/uploads\/2026\/08\/714902556_27037881899238923_1879263514035293941_n-212x300.jpg 212w, https:\/\/www.slovaci.eu\/wp-content\/uploads\/2026\/08\/714902556_27037881899238923_1879263514035293941_n-768x1087.jpg 768w, https:\/\/www.slovaci.eu\/wp-content\/uploads\/2026\/08\/714902556_27037881899238923_1879263514035293941_n-1085x1536.jpg 1085w, https:\/\/www.slovaci.eu\/wp-content\/uploads\/2026\/08\/714902556_27037881899238923_1879263514035293941_n-42x60.jpg 42w, https:\/\/www.slovaci.eu\/wp-content\/uploads\/2026\/08\/714902556_27037881899238923_1879263514035293941_n.jpg 1447w\" sizes=\"auto, (max-width: 724px) 100vw, 724px\" \/><\/figure>\n<\/div>\n\n\n<figure class=\"wp-block-image size-large is-resized\"><img loading=\"lazy\" decoding=\"async\" width=\"724\" height=\"1024\" src=\"https:\/\/www.slovaci.eu\/wp-content\/uploads\/2026\/08\/655966329_1550200173771700_5998485459363780161_n-724x1024.jpg\" alt=\"\" class=\"wp-image-1126\" style=\"aspect-ratio:0.707047619047619;width:247px;height:auto\" srcset=\"https:\/\/www.slovaci.eu\/wp-content\/uploads\/2026\/08\/655966329_1550200173771700_5998485459363780161_n-724x1024.jpg 724w, https:\/\/www.slovaci.eu\/wp-content\/uploads\/2026\/08\/655966329_1550200173771700_5998485459363780161_n-212x300.jpg 212w, https:\/\/www.slovaci.eu\/wp-content\/uploads\/2026\/08\/655966329_1550200173771700_5998485459363780161_n-768x1086.jpg 768w, https:\/\/www.slovaci.eu\/wp-content\/uploads\/2026\/08\/655966329_1550200173771700_5998485459363780161_n-1086x1536.jpg 1086w, https:\/\/www.slovaci.eu\/wp-content\/uploads\/2026\/08\/655966329_1550200173771700_5998485459363780161_n-42x60.jpg 42w, https:\/\/www.slovaci.eu\/wp-content\/uploads\/2026\/08\/655966329_1550200173771700_5998485459363780161_n.jpg 1448w\" sizes=\"auto, (max-width: 724px) 100vw, 724px\" \/><\/figure>\n\n\n<div class=\"wp-block-image\">\n<figure class=\"alignleft size-large is-resized\"><img loading=\"lazy\" decoding=\"async\" width=\"725\" height=\"1024\" src=\"https:\/\/www.slovaci.eu\/wp-content\/uploads\/2026\/08\/559874343_1390442283088093_6351496090492392249_n-725x1024.jpg\" alt=\"\" class=\"wp-image-1121\" style=\"aspect-ratio:0.7080151309685248;width:244px;height:auto\" srcset=\"https:\/\/www.slovaci.eu\/wp-content\/uploads\/2026\/08\/559874343_1390442283088093_6351496090492392249_n-725x1024.jpg 725w, https:\/\/www.slovaci.eu\/wp-content\/uploads\/2026\/08\/559874343_1390442283088093_6351496090492392249_n-212x300.jpg 212w, https:\/\/www.slovaci.eu\/wp-content\/uploads\/2026\/08\/559874343_1390442283088093_6351496090492392249_n-768x1085.jpg 768w, https:\/\/www.slovaci.eu\/wp-content\/uploads\/2026\/08\/559874343_1390442283088093_6351496090492392249_n-1087x1536.jpg 1087w, https:\/\/www.slovaci.eu\/wp-content\/uploads\/2026\/08\/559874343_1390442283088093_6351496090492392249_n-42x60.jpg 42w, https:\/\/www.slovaci.eu\/wp-content\/uploads\/2026\/08\/559874343_1390442283088093_6351496090492392249_n.jpg 1449w\" sizes=\"auto, (max-width: 725px) 100vw, 725px\" \/><\/figure>\n<\/div>\n\n<div class=\"wp-block-image\">\n<figure class=\"alignleft size-large is-resized\"><img loading=\"lazy\" decoding=\"async\" width=\"724\" height=\"1024\" src=\"https:\/\/www.slovaci.eu\/wp-content\/uploads\/2026\/08\/749681343_1379880690738395_5960708513486797997_n-1-724x1024.jpg\" alt=\"\" class=\"wp-image-1133\" style=\"aspect-ratio:0.7070409157939463;width:278px;height:auto\" srcset=\"https:\/\/www.slovaci.eu\/wp-content\/uploads\/2026\/08\/749681343_1379880690738395_5960708513486797997_n-1-724x1024.jpg 724w, https:\/\/www.slovaci.eu\/wp-content\/uploads\/2026\/08\/749681343_1379880690738395_5960708513486797997_n-1-212x300.jpg 212w, https:\/\/www.slovaci.eu\/wp-content\/uploads\/2026\/08\/749681343_1379880690738395_5960708513486797997_n-1-768x1086.jpg 768w, https:\/\/www.slovaci.eu\/wp-content\/uploads\/2026\/08\/749681343_1379880690738395_5960708513486797997_n-1-1086x1536.jpg 1086w, https:\/\/www.slovaci.eu\/wp-content\/uploads\/2026\/08\/749681343_1379880690738395_5960708513486797997_n-1-42x60.jpg 42w, https:\/\/www.slovaci.eu\/wp-content\/uploads\/2026\/08\/749681343_1379880690738395_5960708513486797997_n-1.jpg 1448w\" sizes=\"auto, (max-width: 724px) 100vw, 724px\" \/><\/figure>\n<\/div>\n\n<div class=\"wp-block-image\">\n<figure class=\"alignleft size-large is-resized\"><img loading=\"lazy\" decoding=\"async\" width=\"819\" height=\"1024\" src=\"https:\/\/www.slovaci.eu\/wp-content\/uploads\/2026\/08\/535805674_1345342714264717_740760471291941870_n-819x1024.jpg\" alt=\"\" class=\"wp-image-1118\" style=\"aspect-ratio:0.7998110412059006;width:264px;height:auto\" srcset=\"https:\/\/www.slovaci.eu\/wp-content\/uploads\/2026\/08\/535805674_1345342714264717_740760471291941870_n-819x1024.jpg 819w, https:\/\/www.slovaci.eu\/wp-content\/uploads\/2026\/08\/535805674_1345342714264717_740760471291941870_n-240x300.jpg 240w, https:\/\/www.slovaci.eu\/wp-content\/uploads\/2026\/08\/535805674_1345342714264717_740760471291941870_n-768x960.jpg 768w, https:\/\/www.slovaci.eu\/wp-content\/uploads\/2026\/08\/535805674_1345342714264717_740760471291941870_n-1229x1536.jpg 1229w, https:\/\/www.slovaci.eu\/wp-content\/uploads\/2026\/08\/535805674_1345342714264717_740760471291941870_n-48x60.jpg 48w, https:\/\/www.slovaci.eu\/wp-content\/uploads\/2026\/08\/535805674_1345342714264717_740760471291941870_n-448x560.jpg 448w, https:\/\/www.slovaci.eu\/wp-content\/uploads\/2026\/08\/535805674_1345342714264717_740760471291941870_n.jpg 1440w\" sizes=\"auto, (max-width: 819px) 100vw, 819px\" \/><\/figure>\n<\/div>\n\n\n<p class=\"wp-block-paragraph\"><\/p>\n\n\n\n<p class=\"wp-block-paragraph\"><\/p>\n\n\n\n<p class=\"wp-block-paragraph\"><\/p>\n\n\n\n<p class=\"wp-block-paragraph\"><\/p>\n\n\n\n<p class=\"wp-block-paragraph\"><\/p>\n\n\n\n<p class=\"wp-block-paragraph\"><\/p>\n\n\n\n<p class=\"wp-block-paragraph\"><\/p>\n\n\n\n<p class=\"wp-block-paragraph\"><\/p>\n\n\n\n<p class=\"wp-block-paragraph\"><\/p>\n\n\n\n<p class=\"wp-block-paragraph\"><\/p>\n\n\n\n<p class=\"wp-block-paragraph\"><\/p>\n\n\n\n<p class=\"wp-block-paragraph\"><\/p>\n\n\n<div class=\"wp-block-image\">\n<figure class=\"alignleft size-large is-resized\"><img loading=\"lazy\" decoding=\"async\" width=\"819\" height=\"1024\" src=\"https:\/\/www.slovaci.eu\/wp-content\/uploads\/2026\/08\/749355227_1021049610898309_2294169014348853477_n-819x1024.jpg\" alt=\"\" class=\"wp-image-1134\" style=\"aspect-ratio:0.7998249835922118;width:318px;height:auto\" srcset=\"https:\/\/www.slovaci.eu\/wp-content\/uploads\/2026\/08\/749355227_1021049610898309_2294169014348853477_n-819x1024.jpg 819w, https:\/\/www.slovaci.eu\/wp-content\/uploads\/2026\/08\/749355227_1021049610898309_2294169014348853477_n-240x300.jpg 240w, https:\/\/www.slovaci.eu\/wp-content\/uploads\/2026\/08\/749355227_1021049610898309_2294169014348853477_n-768x960.jpg 768w, https:\/\/www.slovaci.eu\/wp-content\/uploads\/2026\/08\/749355227_1021049610898309_2294169014348853477_n-48x60.jpg 48w, https:\/\/www.slovaci.eu\/wp-content\/uploads\/2026\/08\/749355227_1021049610898309_2294169014348853477_n-448x560.jpg 448w, https:\/\/www.slovaci.eu\/wp-content\/uploads\/2026\/08\/749355227_1021049610898309_2294169014348853477_n.jpg 1080w\" sizes=\"auto, (max-width: 819px) 100vw, 819px\" \/><\/figure>\n<\/div>\n\n\n<p class=\"wp-block-paragraph\"><\/p>\n\n\n\n<p class=\"wp-block-paragraph\"><\/p>\n\n\n\n<p class=\"wp-block-paragraph\"><\/p>\n\n\n\n<p class=\"wp-block-paragraph\"><\/p>\n\n\n\n<p class=\"wp-block-paragraph\"><\/p>\n\n\n\n<p class=\"wp-block-paragraph\"><\/p>\n\n\n\n<p class=\"wp-block-paragraph\"><\/p>\n\n\n\n<p class=\"wp-block-paragraph\"><\/p>\n\n\n\n<p class=\"wp-block-paragraph\"><\/p>\n\n\n\n<p class=\"wp-block-paragraph\"><\/p>\n\n\n\n<p class=\"wp-block-paragraph\"><\/p>\n\n\n\n<p class=\"wp-block-paragraph\"><\/p>\n\n\n\n<p class=\"wp-block-paragraph\"><\/p>\n\n\n\n<p class=\"wp-block-paragraph\"><\/p>\n\n\n\n<p class=\"wp-block-paragraph\"><\/p>\n\n\n\n<p class=\"wp-block-paragraph\"><\/p>\n\n\n\n<p class=\"wp-block-paragraph\"><\/p>\n\n\n\n<p class=\"wp-block-paragraph\">Disproporcia v pou\u017e\u00edvan\u00ed a zvidite\u013e\u0148ovan\u00ed oboch jazykov na t\u00fdchto uk\u00e1\u017ekach je zrejm\u00e1 u\u017e na prv\u00fd poh\u013ead. Za v\u00e1\u017ene zamyslenie v\u0161ak rozhodne stoja reakcie niektor\u00fdch etnick\u00fdch Ma\u010farov &#8211; \u017eij\u00facich na Slovensku &#8211; ktor\u00e9 sa pri takejto kritike pravidelne objavuj\u00fa na soci\u00e1lnych sie\u0165ach&#8230;<\/p>\n\n\n<div class=\"wp-block-image\">\n<figure class=\"aligncenter size-full is-resized\"><img loading=\"lazy\" decoding=\"async\" width=\"600\" height=\"600\" src=\"https:\/\/www.slovaci.eu\/wp-content\/uploads\/2026\/08\/534603969_1343869584412030_4373706048317193429_n.jpg\" alt=\"\" class=\"wp-image-1117\" style=\"width:336px;height:auto\" srcset=\"https:\/\/www.slovaci.eu\/wp-content\/uploads\/2026\/08\/534603969_1343869584412030_4373706048317193429_n.jpg 600w, https:\/\/www.slovaci.eu\/wp-content\/uploads\/2026\/08\/534603969_1343869584412030_4373706048317193429_n-300x300.jpg 300w, https:\/\/www.slovaci.eu\/wp-content\/uploads\/2026\/08\/534603969_1343869584412030_4373706048317193429_n-150x150.jpg 150w, https:\/\/www.slovaci.eu\/wp-content\/uploads\/2026\/08\/534603969_1343869584412030_4373706048317193429_n-60x60.jpg 60w\" sizes=\"auto, (max-width: 600px) 100vw, 600px\" \/><\/figure>\n<\/div>\n\n\n<p class=\"wp-block-paragraph\">Pmerne \u010dasto sa v t\u00fdchto reakci\u00e1ch  hovor\u00ed psme\u0161ne o &#8222;slovenskej paranoi&#8220; &#8230;Alebo o &#8222;cie\u013eovej skupine&#8220;, na ktor\u00fa s\u00fa tieto cedule zacielen\u00e9 a preto by bola sloven\u010din\u00e1 zbyto\u010dn\u00e1. Akoby na Ju\u017enom Slovensku ne\u017eili \u017eiadny ob\u010dania slovenskej n\u00e1rodnosti, ktor\u00ed by takto mohli by\u0165 tie\u017e poz\u00fdvan\u00ed k \u00fa\u010dasti na t\u00fdchto spolo\u010densk\u00fdch udalostiach. Bez znalosti ma\u010farsk\u00e9ho jazyka v\u0161ak ani netu\u0161\u00edme, o \u010do sa tam bude jedna\u0165. Dokonca by sme sa preto aj mohli domnieva\u0165, \u017ee tam ani nebudeme v\u00edtan\u00ed!!! Tak\u017ee ako to je vlastne s pou\u017e\u00edvan\u00edm dvoch jazykov na juhu Slovenskej republiky?<\/p>\n\n\n\n<p class=\"wp-block-paragraph\">Ilustr\u00e1ciou toho, \u017ee to ide aj inak by mohli by\u0165 aj naslduj\u00face dve pozv\u00e1nky, ktor\u00fdmi na svoje stretnutia poz\u00fdvaj\u00fa pr\u00edpadn\u00fdch z\u00e1ujemcov z\u00e1stupcovia slovenskej men\u0161iny v Ma\u010farsku:<\/p>\n\n\n<div class=\"wp-block-image\">\n<figure class=\"aligncenter size-large is-resized\"><img loading=\"lazy\" decoding=\"async\" width=\"718\" height=\"1024\" src=\"https:\/\/www.slovaci.eu\/wp-content\/uploads\/2026\/08\/hu-skpozvanka-718x1024.jpg\" alt=\"\" class=\"wp-image-1175\" style=\"aspect-ratio:0.7011832467288549;width:520px;height:auto\" srcset=\"https:\/\/www.slovaci.eu\/wp-content\/uploads\/2026\/08\/hu-skpozvanka-718x1024.jpg 718w, https:\/\/www.slovaci.eu\/wp-content\/uploads\/2026\/08\/hu-skpozvanka-210x300.jpg 210w, https:\/\/www.slovaci.eu\/wp-content\/uploads\/2026\/08\/hu-skpozvanka-768x1096.jpg 768w, https:\/\/www.slovaci.eu\/wp-content\/uploads\/2026\/08\/hu-skpozvanka-1077x1536.jpg 1077w, https:\/\/www.slovaci.eu\/wp-content\/uploads\/2026\/08\/hu-skpozvanka-42x60.jpg 42w, https:\/\/www.slovaci.eu\/wp-content\/uploads\/2026\/08\/hu-skpozvanka.jpg 1134w\" sizes=\"auto, (max-width: 718px) 100vw, 718px\" \/><\/figure>\n<\/div>\n\n<div class=\"wp-block-image\">\n<figure class=\"aligncenter size-large is-resized\"><img loading=\"lazy\" decoding=\"async\" width=\"1024\" height=\"665\" src=\"https:\/\/www.slovaci.eu\/wp-content\/uploads\/2026\/08\/hu-skpozvanka2-1024x665.jpg\" alt=\"\" class=\"wp-image-1176\" style=\"aspect-ratio:1.53987167736022;width:823px;height:auto\" srcset=\"https:\/\/www.slovaci.eu\/wp-content\/uploads\/2026\/08\/hu-skpozvanka2-1024x665.jpg 1024w, https:\/\/www.slovaci.eu\/wp-content\/uploads\/2026\/08\/hu-skpozvanka2-300x195.jpg 300w, https:\/\/www.slovaci.eu\/wp-content\/uploads\/2026\/08\/hu-skpozvanka2-768x499.jpg 768w, https:\/\/www.slovaci.eu\/wp-content\/uploads\/2026\/08\/hu-skpozvanka2-92x60.jpg 92w, https:\/\/www.slovaci.eu\/wp-content\/uploads\/2026\/08\/hu-skpozvanka2.jpg 1351w\" sizes=\"auto, (max-width: 1024px) 100vw, 1024px\" \/><\/figure>\n<\/div>\n\n\n<p class=\"wp-block-paragraph\"><\/p>\n\n\n\n<p class=\"wp-block-paragraph\"><em>V\u00e1\u017een\u00ed ma\u010farsk\u00ed spoluob\u010dania! Silne pochybujem o tom, \u017ee by v\u00e1s v s\u00fa\u010dasnej dobe niekto n\u00fatil, aby ste sa stali &#8211; ako to u\u017e bolo uveden\u00e9 &#8211; &#8222;ma\u010farsky hovoriacimi Slov\u00e1kmi&#8220;. Ale prestante u\u017e l\u00e1skavo ob\u0165a\u017eova\u0165 slovensk\u00fdch ob\u010danov v ich verejnom priestore ozna\u010den\u00edm &#8222;felvid\u00e9k&#8220; atp. . Ak o to ov\u0161em sami neprejavia z\u00e1ujem! Mnoh\u00fdch z nich va\u0161a hist\u00f3ria, nech akoko\u013evek sl\u00e1vna, nezauj\u00edma. Uvedomte si, \u017ee ste slovensk\u00fdmi ob\u010danmi &#8211; aj popri svojej &#8222;ma\u010farskosti&#8220; \u010di pr\u00edp. ma\u010farskej n\u00e1rodnosti.<\/em><\/p>\n\n\n\n<p class=\"wp-block-paragraph\"><\/p>\n\n\n\n<p class=\"wp-block-paragraph\"><em><strong>V\u0161etky pou\u017eit\u00e9 fotografie (texty) s\u00fa verejne dostupn\u00e9 o zoznam ich zdrojov je k dispoz\u00edcii u editora tejto str\u00e1nky (PhDr. Pavel Be\u0148o<\/strong><\/em>)<\/p>\n","protected":false},"excerpt":{"rendered":"<p>Hnutie za dvojjazy\u010dn\u00e9 ju\u017en\u00e9 Slovensko \u2013 ktor\u00e9 do roku 2015 p\u00f4sobilo anonymne a zdru\u017eovalo pribli\u017ene 30 aktivistov \u2013 vzniklo takisto v roku 2011 z iniciat\u00edvy ob\u010dianskeho zdru\u017eenia Sine Metu. Cie\u013eom hnutia bolo roz\u0161\u00edri\u0165 vizu\u00e1lnu dvojjazy\u010dnos\u0165 a presadzova\u0165 jazykov\u00e9 pr\u00e1va zaru\u010den\u00e9 slovensk\u00fdmi z\u00e1konmi v oblastiach ju\u017en\u00e9ho Slovenska ob\u00fdvan\u00fdch ma\u010farskou men\u0161inou. Ich hlavnou met\u00f3dou bolo pou\u017e\u00edvanie cedul\u00ed; &hellip; <\/p>\n","protected":false},"author":1,"featured_media":1115,"comment_status":"open","ping_status":"open","sticky":false,"template":"","format":"standard","meta":{"footnotes":""},"categories":[1],"tags":[],"class_list":["post-1113","post","type-post","status-publish","format-standard","has-post-thumbnail","hentry","category-uncategorized","latest_post"],"_links":{"self":[{"href":"https:\/\/www.slovaci.eu\/index.php?rest_route=\/wp\/v2\/posts\/1113","targetHints":{"allow":["GET"]}}],"collection":[{"href":"https:\/\/www.slovaci.eu\/index.php?rest_route=\/wp\/v2\/posts"}],"about":[{"href":"https:\/\/www.slovaci.eu\/index.php?rest_route=\/wp\/v2\/types\/post"}],"author":[{"embeddable":true,"href":"https:\/\/www.slovaci.eu\/index.php?rest_route=\/wp\/v2\/users\/1"}],"replies":[{"embeddable":true,"href":"https:\/\/www.slovaci.eu\/index.php?rest_route=%2Fwp%2Fv2%2Fcomments&post=1113"}],"version-history":[{"count":55,"href":"https:\/\/www.slovaci.eu\/index.php?rest_route=\/wp\/v2\/posts\/1113\/revisions"}],"predecessor-version":[{"id":2474,"href":"https:\/\/www.slovaci.eu\/index.php?rest_route=\/wp\/v2\/posts\/1113\/revisions\/2474"}],"wp:featuredmedia":[{"embeddable":true,"href":"https:\/\/www.slovaci.eu\/index.php?rest_route=\/wp\/v2\/media\/1115"}],"wp:attachment":[{"href":"https:\/\/www.slovaci.eu\/index.php?rest_route=%2Fwp%2Fv2%2Fmedia&parent=1113"}],"wp:term":[{"taxonomy":"category","embeddable":true,"href":"https:\/\/www.slovaci.eu\/index.php?rest_route=%2Fwp%2Fv2%2Fcategories&post=1113"},{"taxonomy":"post_tag","embeddable":true,"href":"https:\/\/www.slovaci.eu\/index.php?rest_route=%2Fwp%2Fv2%2Ftags&post=1113"}],"curies":[{"name":"wp","href":"https:\/\/api.w.org\/{rel}","templated":true}]}}