{"id":1027,"date":"2026-07-26T10:44:59","date_gmt":"2026-07-26T10:44:59","guid":{"rendered":"https:\/\/www.slovaci.eu\/?p=1027"},"modified":"2026-08-31T14:12:22","modified_gmt":"2026-08-31T14:12:22","slug":"felvidecky-a-feldvideci","status":"publish","type":"post","link":"https:\/\/www.slovaci.eu\/?p=1027","title":{"rendered":"Felvid\u00e9k na ve\u010dn\u00e9 \u010dasy a nikdy inak?"},"content":{"rendered":"\n<h5 class=\"wp-block-heading\"><\/h5>\n\n\n\n<figure class=\"wp-block-image size-large\"><img loading=\"lazy\" decoding=\"async\" width=\"1024\" height=\"611\" src=\"https:\/\/www.slovaci.eu\/wp-content\/uploads\/2026\/07\/felvidekskmese-1024x611.jpg\" alt=\"\" class=\"wp-image-1799\" srcset=\"https:\/\/www.slovaci.eu\/wp-content\/uploads\/2026\/07\/felvidekskmese-1024x611.jpg 1024w, https:\/\/www.slovaci.eu\/wp-content\/uploads\/2026\/07\/felvidekskmese-300x179.jpg 300w, https:\/\/www.slovaci.eu\/wp-content\/uploads\/2026\/07\/felvidekskmese-768x458.jpg 768w, https:\/\/www.slovaci.eu\/wp-content\/uploads\/2026\/07\/felvidekskmese-1536x916.jpg 1536w, https:\/\/www.slovaci.eu\/wp-content\/uploads\/2026\/07\/felvidekskmese-101x60.jpg 101w, https:\/\/www.slovaci.eu\/wp-content\/uploads\/2026\/07\/felvidekskmese.jpg 1624w\" sizes=\"auto, (max-width: 1024px) 100vw, 1024px\" \/><\/figure>\n\n\n\n<figure class=\"wp-block-embed is-type-wp-embed is-provider-rumble-com wp-block-embed-rumble-com\"><div class=\"wp-block-embed__wrapper\">\n<iframe loading=\"lazy\" class=\"wp-embedded-content\" sandbox=\"allow-scripts\" security=\"restricted\" title=\"Vz\u0165ahov\u00fd monitor (3): Postrehy z Ju\u017en\u00e9ho Slovenska (Felvid\u00e9k?, 2024 - 2026)\" src=\"https:\/\/rumble.com\/embed\/v7b8p2o\/#?secret=6HXYSGQZQV\" data-secret=\"6HXYSGQZQV\" width=\"720\" height=\"400\" frameborder=\"0\"><\/iframe>\n<\/div><\/figure>\n\n\n\n<p class=\"wp-block-paragraph\"><\/p>\n\n\n\n<h4 class=\"wp-block-heading\">Na\u0161inci alebo cudzinci ?<\/h4>\n\n\n\n<figure class=\"wp-block-gallery has-nested-images columns-default is-cropped wp-block-gallery-1 is-layout-flex wp-block-gallery-is-layout-flex\">\n<figure class=\"wp-block-image size-large is-resized\"><img loading=\"lazy\" decoding=\"async\" width=\"1024\" height=\"1024\" data-id=\"1680\" src=\"https:\/\/www.slovaci.eu\/wp-content\/uploads\/2026\/07\/Magyar-Fiatalok-Szovetsegelogo-1024x1024.jpg\" alt=\"\" class=\"wp-image-1680\" style=\"width:254px;height:auto\" srcset=\"https:\/\/www.slovaci.eu\/wp-content\/uploads\/2026\/07\/Magyar-Fiatalok-Szovetsegelogo-1024x1024.jpg 1024w, https:\/\/www.slovaci.eu\/wp-content\/uploads\/2026\/07\/Magyar-Fiatalok-Szovetsegelogo-300x300.jpg 300w, https:\/\/www.slovaci.eu\/wp-content\/uploads\/2026\/07\/Magyar-Fiatalok-Szovetsegelogo-150x150.jpg 150w, https:\/\/www.slovaci.eu\/wp-content\/uploads\/2026\/07\/Magyar-Fiatalok-Szovetsegelogo-768x768.jpg 768w, https:\/\/www.slovaci.eu\/wp-content\/uploads\/2026\/07\/Magyar-Fiatalok-Szovetsegelogo-1536x1536.jpg 1536w, https:\/\/www.slovaci.eu\/wp-content\/uploads\/2026\/07\/Magyar-Fiatalok-Szovetsegelogo-60x60.jpg 60w, https:\/\/www.slovaci.eu\/wp-content\/uploads\/2026\/07\/Magyar-Fiatalok-Szovetsegelogo.jpg 2047w\" sizes=\"auto, (max-width: 1024px) 100vw, 1024px\" \/><figcaption class=\"wp-element-caption\">MFS logo<\/figcaption><\/figure>\n\n\n\n<figure class=\"wp-block-image size-large is-resized\"><img loading=\"lazy\" decoding=\"async\" width=\"1024\" height=\"683\" data-id=\"1681\" src=\"https:\/\/www.slovaci.eu\/wp-content\/uploads\/2026\/07\/Magyar-Fiatalok-Szovetsege-1024x683.jpg\" alt=\"\" class=\"wp-image-1681\" style=\"width:517px;height:auto\" srcset=\"https:\/\/www.slovaci.eu\/wp-content\/uploads\/2026\/07\/Magyar-Fiatalok-Szovetsege-1024x683.jpg 1024w, https:\/\/www.slovaci.eu\/wp-content\/uploads\/2026\/07\/Magyar-Fiatalok-Szovetsege-300x200.jpg 300w, https:\/\/www.slovaci.eu\/wp-content\/uploads\/2026\/07\/Magyar-Fiatalok-Szovetsege-768x512.jpg 768w, https:\/\/www.slovaci.eu\/wp-content\/uploads\/2026\/07\/Magyar-Fiatalok-Szovetsege-1536x1024.jpg 1536w, https:\/\/www.slovaci.eu\/wp-content\/uploads\/2026\/07\/Magyar-Fiatalok-Szovetsege-90x60.jpg 90w, https:\/\/www.slovaci.eu\/wp-content\/uploads\/2026\/07\/Magyar-Fiatalok-Szovetsege-374x249.jpg 374w, https:\/\/www.slovaci.eu\/wp-content\/uploads\/2026\/07\/Magyar-Fiatalok-Szovetsege.jpg 2048w\" sizes=\"auto, (max-width: 1024px) 100vw, 1024px\" \/><figcaption class=\"wp-element-caption\"><strong><a href=\"https:\/\/www.facebook.com\/profile.php?id=61591905292724&amp;__cft__[0]=AZbjBlqahRlfAXieUo8vFxKY8d0ptSdt-qU-VLdezKy6Mj4CjUfR5gbmONm0BC_YeGuXJGPYabJfl04rKRjxJkoY72Dl-GMeM4ILPnAqNIw2-_qo5uwl-hDkyXYzzQnsTQBHHQT64nVd7Hg7mlEvPzsgpARHqOAfIGpxy5HvTI-_MZojwf_YXqcX6du27jKRFvUGmiW3hbCBdU_1C9BKcz2B&amp;__tn__=-]C%2CP-R\">Magyar Fiatalok Sz\u00f6vets\u00e9ge<\/a><\/strong><\/figcaption><\/figure>\n<\/figure>\n\n\n\n<p class=\"wp-block-paragraph\"><\/p>\n\n\n<div class=\"wp-block-image\">\n<figure class=\"aligncenter size-large is-resized\"><img loading=\"lazy\" decoding=\"async\" width=\"1024\" height=\"477\" src=\"https:\/\/www.slovaci.eu\/wp-content\/uploads\/2026\/07\/felvideckiministranti-1024x477.jpg\" alt=\"\" class=\"wp-image-1637\" style=\"aspect-ratio:2.1467933871096556;width:623px;height:auto\" srcset=\"https:\/\/www.slovaci.eu\/wp-content\/uploads\/2026\/07\/felvideckiministranti-1024x477.jpg 1024w, https:\/\/www.slovaci.eu\/wp-content\/uploads\/2026\/07\/felvideckiministranti-300x140.jpg 300w, https:\/\/www.slovaci.eu\/wp-content\/uploads\/2026\/07\/felvideckiministranti-768x358.jpg 768w, https:\/\/www.slovaci.eu\/wp-content\/uploads\/2026\/07\/felvideckiministranti-1536x716.jpg 1536w, https:\/\/www.slovaci.eu\/wp-content\/uploads\/2026\/07\/felvideckiministranti-129x60.jpg 129w, https:\/\/www.slovaci.eu\/wp-content\/uploads\/2026\/07\/felvideckiministranti.jpg 2048w\" sizes=\"auto, (max-width: 1024px) 100vw, 1024px\" \/><figcaption class=\"wp-element-caption\"><a href=\"https:\/\/www.facebook.com\/robert.kiss.106\">XV. Felvid\u00e9ki Ministr\u00e1ns Olimpia &#8211; 2026<br>B\u00e1torkeszi R\u00f3mai Katolikus Pl\u00e9b\u00e1nia<br>J\u00f3p\u00e1sztor Alap\u00edtv\u00e1ny<\/a><\/figcaption><\/figure>\n<\/div>\n\n\n<p class=\"wp-block-paragraph\">9.8.2026 <strong>&#8222;Felvid\u00e9k &#8230;&#8220;<\/strong> &#8211;<a href=\"https:\/\/www.facebook.com\/share\/v\/1Bi24PGN9n\/\"> Pr\u00edspevok krajsk\u00e9ho zastupite\u013ea  Zsolta Baranyaya, ktor\u00fd je pr\u00e1vnikom, na zasadnut\u00ed Zastupite\u013estva Nitrianskeho samospr\u00e1vneho kraja<\/a><\/p>\n\n\n<div class=\"wp-block-image\">\n<figure class=\"aligncenter size-full is-resized\"><img loading=\"lazy\" decoding=\"async\" width=\"960\" height=\"640\" src=\"https:\/\/www.slovaci.eu\/wp-content\/uploads\/2026\/07\/baranyayzsolt.jpg\" alt=\"\" class=\"wp-image-1626\" style=\"width:386px;height:auto\" srcset=\"https:\/\/www.slovaci.eu\/wp-content\/uploads\/2026\/07\/baranyayzsolt.jpg 960w, https:\/\/www.slovaci.eu\/wp-content\/uploads\/2026\/07\/baranyayzsolt-300x200.jpg 300w, https:\/\/www.slovaci.eu\/wp-content\/uploads\/2026\/07\/baranyayzsolt-768x512.jpg 768w, https:\/\/www.slovaci.eu\/wp-content\/uploads\/2026\/07\/baranyayzsolt-90x60.jpg 90w, https:\/\/www.slovaci.eu\/wp-content\/uploads\/2026\/07\/baranyayzsolt-374x249.jpg 374w\" sizes=\"auto, (max-width: 960px) 100vw, 960px\" \/><figcaption class=\"wp-element-caption\"><a href=\"https:\/\/www.facebook.com\/baranyayzsolt\">Zsolt Baranyay<\/a><\/figcaption><\/figure>\n<\/div>\n\n\n<p class=\"wp-block-paragraph\"><em>V\u00e1\u017een\u00ed ma\u010farsk\u00ed spoluob\u010dania! Silne pochybujem o tom, \u017ee by v\u00e1s v s\u00fa\u010dasnej dobe niekto n\u00fatil, aby ste sa stali &#8211; ako to u\u017e bolo uveden\u00e9 &#8211; &#8222;ma\u010farsky hovoriacimi Slov\u00e1kmi&#8220;. Ale prestante u\u017e l\u00e1skavo ob\u0165a\u017eova\u0165 slovensk\u00fdch ob\u010danov v ich verejnom priestore ozna\u010den\u00edm &#8222;felvid\u00e9k&#8220; atp. . Ak o to ov\u0161em sami neprejavia z\u00e1ujem! Mnoh\u00fdch z nich va\u0161a hist\u00f3ria, nech akoko\u013evek sl\u00e1vna, nezauj\u00edma. Uvedomte si, \u017ee ste slovensk\u00fdmi ob\u010danmi &#8211; aj popri svojej &#8222;ma\u010farskosti&#8220; \u010di pr\u00edp. ma\u010farskej n\u00e1rodnosti.<\/em><\/p>\n\n\n\n<p class=\"wp-block-paragraph\"><\/p>\n\n\n<div class=\"wp-block-image\">\n<figure class=\"aligncenter size-full is-resized\"><img loading=\"lazy\" decoding=\"async\" width=\"234\" height=\"131\" src=\"https:\/\/www.slovaci.eu\/wp-content\/uploads\/2026\/07\/footerma7.webp\" alt=\"\" class=\"wp-image-1287\" style=\"aspect-ratio:1.7863088825776123;width:419px;height:auto\" srcset=\"https:\/\/www.slovaci.eu\/wp-content\/uploads\/2026\/07\/footerma7.webp 234w, https:\/\/www.slovaci.eu\/wp-content\/uploads\/2026\/07\/footerma7-107x60.webp 107w\" sizes=\"auto, (max-width: 234px) 100vw, 234px\" \/><\/figure>\n<\/div>\n\n\n<p class=\"wp-block-paragraph\"><\/p>\n\n\n<div class=\"wp-block-image\">\n<figure class=\"aligncenter size-large is-resized\"><img loading=\"lazy\" decoding=\"async\" width=\"1024\" height=\"864\" src=\"https:\/\/www.slovaci.eu\/wp-content\/uploads\/2026\/07\/TothZoltanMagyar-1024x864.jpg\" alt=\"\" class=\"wp-image-1530\" style=\"width:415px;height:auto\" srcset=\"https:\/\/www.slovaci.eu\/wp-content\/uploads\/2026\/07\/TothZoltanMagyar-1024x864.jpg 1024w, https:\/\/www.slovaci.eu\/wp-content\/uploads\/2026\/07\/TothZoltanMagyar-300x253.jpg 300w, https:\/\/www.slovaci.eu\/wp-content\/uploads\/2026\/07\/TothZoltanMagyar-768x648.jpg 768w, https:\/\/www.slovaci.eu\/wp-content\/uploads\/2026\/07\/TothZoltanMagyar-71x60.jpg 71w, https:\/\/www.slovaci.eu\/wp-content\/uploads\/2026\/07\/TothZoltanMagyar.jpg 1080w\" sizes=\"auto, (max-width: 1024px) 100vw, 1024px\" \/><figcaption class=\"wp-element-caption\">T\u00f3th Zolt\u00e1n<\/figcaption><\/figure>\n<\/div>\n\n<div class=\"wp-block-image\">\n<figure class=\"aligncenter size-large is-resized\"><img loading=\"lazy\" decoding=\"async\" width=\"1024\" height=\"682\" src=\"https:\/\/www.slovaci.eu\/wp-content\/uploads\/2026\/07\/image-5-1024x682.png\" alt=\"\" class=\"wp-image-1192\" style=\"width:308px;height:auto\" srcset=\"https:\/\/www.slovaci.eu\/wp-content\/uploads\/2026\/07\/image-5-1024x682.png 1024w, https:\/\/www.slovaci.eu\/wp-content\/uploads\/2026\/07\/image-5-300x200.png 300w, https:\/\/www.slovaci.eu\/wp-content\/uploads\/2026\/07\/image-5-768x512.png 768w, https:\/\/www.slovaci.eu\/wp-content\/uploads\/2026\/07\/image-5-1536x1023.png 1536w, https:\/\/www.slovaci.eu\/wp-content\/uploads\/2026\/07\/image-5-90x60.png 90w, https:\/\/www.slovaci.eu\/wp-content\/uploads\/2026\/07\/image-5-374x249.png 374w, https:\/\/www.slovaci.eu\/wp-content\/uploads\/2026\/07\/image-5.png 2048w\" sizes=\"auto, (max-width: 1024px) 100vw, 1024px\" \/><figcaption class=\"wp-element-caption\">Menyh\u00e1rt J\u00f3zsef<\/figcaption><\/figure>\n<\/div>\n\n<div class=\"wp-block-image\">\n<figure class=\"aligncenter size-full is-resized\"><img loading=\"lazy\" decoding=\"async\" width=\"667\" height=\"800\" src=\"https:\/\/www.slovaci.eu\/wp-content\/uploads\/2026\/07\/image-6.png\" alt=\"\" class=\"wp-image-1193\" style=\"aspect-ratio:0.8337717650006263;width:366px;height:auto\" srcset=\"https:\/\/www.slovaci.eu\/wp-content\/uploads\/2026\/07\/image-6.png 667w, https:\/\/www.slovaci.eu\/wp-content\/uploads\/2026\/07\/image-6-250x300.png 250w, https:\/\/www.slovaci.eu\/wp-content\/uploads\/2026\/07\/image-6-50x60.png 50w, https:\/\/www.slovaci.eu\/wp-content\/uploads\/2026\/07\/image-6-375x450.png 375w\" sizes=\"auto, (max-width: 667px) 100vw, 667px\" \/><figcaption class=\"wp-element-caption\">&#8230; v obci Marcelov\u00e1, Nitransk\u00fd kraj<\/figcaption><\/figure>\n<\/div>\n\n<div class=\"wp-block-image\">\n<figure class=\"aligncenter size-large is-resized\"><img loading=\"lazy\" decoding=\"async\" width=\"1024\" height=\"1024\" src=\"https:\/\/www.slovaci.eu\/wp-content\/uploads\/2026\/07\/151744381_3837452966292273_5945973542754272007_n-1024x1024.jpg\" alt=\"\" class=\"wp-image-1635\" style=\"width:317px;height:auto\" srcset=\"https:\/\/www.slovaci.eu\/wp-content\/uploads\/2026\/07\/151744381_3837452966292273_5945973542754272007_n-1024x1024.jpg 1024w, https:\/\/www.slovaci.eu\/wp-content\/uploads\/2026\/07\/151744381_3837452966292273_5945973542754272007_n-300x300.jpg 300w, https:\/\/www.slovaci.eu\/wp-content\/uploads\/2026\/07\/151744381_3837452966292273_5945973542754272007_n-150x150.jpg 150w, https:\/\/www.slovaci.eu\/wp-content\/uploads\/2026\/07\/151744381_3837452966292273_5945973542754272007_n-768x768.jpg 768w, https:\/\/www.slovaci.eu\/wp-content\/uploads\/2026\/07\/151744381_3837452966292273_5945973542754272007_n-1536x1536.jpg 1536w, https:\/\/www.slovaci.eu\/wp-content\/uploads\/2026\/07\/151744381_3837452966292273_5945973542754272007_n-60x60.jpg 60w, https:\/\/www.slovaci.eu\/wp-content\/uploads\/2026\/07\/151744381_3837452966292273_5945973542754272007_n.jpg 2048w\" sizes=\"auto, (max-width: 1024px) 100vw, 1024px\" \/><figcaption class=\"wp-element-caption\"><a href=\"https:\/\/www.facebook.com\/karaffaa\">Karaffa Attila<\/a> <\/figcaption><\/figure>\n<\/div>\n\n\n<figure class=\"wp-block-embed is-type-video is-provider-youtube wp-block-embed-youtube wp-embed-aspect-16-9 wp-has-aspect-ratio\"><div class=\"wp-block-embed__wrapper\">\n<iframe loading=\"lazy\" title=\"A Felvid\u00e9ki Magyar B\u00e1l az eg\u00e9sz K\u00e1rp\u00e1t-medence magyars\u00e1g\u00e1nak \u00fczenete\" width=\"790\" height=\"444\" src=\"https:\/\/www.youtube.com\/embed\/xN0VyKUCIHU?feature=oembed\" frameborder=\"0\" allow=\"accelerometer; autoplay; clipboard-write; encrypted-media; gyroscope; picture-in-picture; web-share\" referrerpolicy=\"strict-origin-when-cross-origin\" allowfullscreen><\/iframe>\n<\/div><figcaption class=\"wp-element-caption\">                                                                               <strong><em>A Felvid\u00e9ki Magyar B\u00e1l &#8230;(2026)<\/em><\/strong><\/figcaption><\/figure>\n\n\n<div class=\"wp-block-image\">\n<figure class=\"aligncenter size-full is-resized\"><img loading=\"lazy\" decoding=\"async\" width=\"956\" height=\"960\" src=\"https:\/\/www.slovaci.eu\/wp-content\/uploads\/2026\/07\/csengertibor.jpg\" alt=\"\" class=\"wp-image-1103\" style=\"aspect-ratio:0.995850622406639;width:230px;height:auto\" srcset=\"https:\/\/www.slovaci.eu\/wp-content\/uploads\/2026\/07\/csengertibor.jpg 956w, https:\/\/www.slovaci.eu\/wp-content\/uploads\/2026\/07\/csengertibor-300x300.jpg 300w, https:\/\/www.slovaci.eu\/wp-content\/uploads\/2026\/07\/csengertibor-150x150.jpg 150w, https:\/\/www.slovaci.eu\/wp-content\/uploads\/2026\/07\/csengertibor-768x771.jpg 768w, https:\/\/www.slovaci.eu\/wp-content\/uploads\/2026\/07\/csengertibor-60x60.jpg 60w\" sizes=\"auto, (max-width: 956px) 100vw, 956px\" \/><figcaption class=\"wp-element-caption\"><a href=\"https:\/\/felvidek.ma\/2025\/01\/20\/xxvi-felvideki-magyar-bal-kobolkuton\/\">Csenger Tibor<\/a><\/figcaption><\/figure>\n<\/div>\n\n<div class=\"wp-block-image\">\n<figure class=\"aligncenter size-large is-resized\"><img loading=\"lazy\" decoding=\"async\" width=\"1024\" height=\"683\" src=\"https:\/\/www.slovaci.eu\/wp-content\/uploads\/2026\/07\/csengerkandidati-1024x683.jpg\" alt=\"\" class=\"wp-image-1111\" style=\"aspect-ratio:1.5003767687198235;width:725px;height:auto\" srcset=\"https:\/\/www.slovaci.eu\/wp-content\/uploads\/2026\/07\/csengerkandidati-1024x683.jpg 1024w, https:\/\/www.slovaci.eu\/wp-content\/uploads\/2026\/07\/csengerkandidati-300x200.jpg 300w, https:\/\/www.slovaci.eu\/wp-content\/uploads\/2026\/07\/csengerkandidati-768x512.jpg 768w, https:\/\/www.slovaci.eu\/wp-content\/uploads\/2026\/07\/csengerkandidati-1536x1024.jpg 1536w, https:\/\/www.slovaci.eu\/wp-content\/uploads\/2026\/07\/csengerkandidati-90x60.jpg 90w, https:\/\/www.slovaci.eu\/wp-content\/uploads\/2026\/07\/csengerkandidati-374x249.jpg 374w, https:\/\/www.slovaci.eu\/wp-content\/uploads\/2026\/07\/csengerkandidati.jpg 2048w\" sizes=\"auto, (max-width: 1024px) 100vw, 1024px\" \/><figcaption class=\"wp-element-caption\"><strong><em>Volby 2026 &#8211; Nitra, kandid\u00e1ti &#8230; <\/em><\/strong><\/figcaption><\/figure>\n<\/div>\n\n<div class=\"wp-block-image\">\n<figure class=\"aligncenter size-large is-resized\"><img loading=\"lazy\" decoding=\"async\" width=\"1024\" height=\"682\" src=\"https:\/\/www.slovaci.eu\/wp-content\/uploads\/2026\/07\/felmagbal2-1024x682.jpg\" alt=\"\" class=\"wp-image-1094\" style=\"aspect-ratio:1.5015334287466775;width:729px;height:auto\" srcset=\"https:\/\/www.slovaci.eu\/wp-content\/uploads\/2026\/07\/felmagbal2-1024x682.jpg 1024w, https:\/\/www.slovaci.eu\/wp-content\/uploads\/2026\/07\/felmagbal2-300x200.jpg 300w, https:\/\/www.slovaci.eu\/wp-content\/uploads\/2026\/07\/felmagbal2-768x512.jpg 768w, https:\/\/www.slovaci.eu\/wp-content\/uploads\/2026\/07\/felmagbal2-90x60.jpg 90w, https:\/\/www.slovaci.eu\/wp-content\/uploads\/2026\/07\/felmagbal2-374x249.jpg 374w, https:\/\/www.slovaci.eu\/wp-content\/uploads\/2026\/07\/felmagbal2.jpg 1319w\" sizes=\"auto, (max-width: 1024px) 100vw, 1024px\" \/><figcaption class=\"wp-element-caption\">&#8230; <a href=\"https:\/\/felvidek.ma\/2025\/01\/20\/xxvi-felvideki-magyar-bal-kobolkuton\/\">b\u00e1l v obci Kbelce\/SK<\/a><\/figcaption><\/figure>\n<\/div>\n\n<div class=\"wp-block-image\">\n<figure class=\"aligncenter size-large is-resized\"><a href=\"https:\/\/felvidek.ma\/2025\/01\/20\/xxvi-felvideki-magyar-bal-kobolkuton\/\"><img loading=\"lazy\" decoding=\"async\" width=\"1024\" height=\"682\" src=\"https:\/\/www.slovaci.eu\/wp-content\/uploads\/2026\/07\/felmagbalx-1024x682.jpg\" alt=\"\" class=\"wp-image-1093\" style=\"aspect-ratio:1.5014786094499573;width:535px;height:auto\" srcset=\"https:\/\/www.slovaci.eu\/wp-content\/uploads\/2026\/07\/felmagbalx-1024x682.jpg 1024w, https:\/\/www.slovaci.eu\/wp-content\/uploads\/2026\/07\/felmagbalx-300x200.jpg 300w, https:\/\/www.slovaci.eu\/wp-content\/uploads\/2026\/07\/felmagbalx-768x512.jpg 768w, https:\/\/www.slovaci.eu\/wp-content\/uploads\/2026\/07\/felmagbalx-90x60.jpg 90w, https:\/\/www.slovaci.eu\/wp-content\/uploads\/2026\/07\/felmagbalx-374x249.jpg 374w, https:\/\/www.slovaci.eu\/wp-content\/uploads\/2026\/07\/felmagbalx.jpg 1319w\" sizes=\"auto, (max-width: 1024px) 100vw, 1024px\" \/><\/a><figcaption class=\"wp-element-caption\"><a href=\"https:\/\/felvidek.ma\/2025\/01\/20\/xxvi-felvideki-magyar-bal-kobolkuton\/\">XXVI. Felvid\u00e9ki Magyar B\u00e1l K\u00f6b\u00f6lk\u00faton<\/a><\/figcaption><\/figure>\n<\/div>\n\n<div class=\"wp-block-image\">\n<figure class=\"aligncenter size-full is-resized\"><img loading=\"lazy\" decoding=\"async\" width=\"960\" height=\"640\" src=\"https:\/\/www.slovaci.eu\/wp-content\/uploads\/2026\/07\/halaszarca.jpg\" alt=\"\" class=\"wp-image-1087\" style=\"aspect-ratio:1.5001023541453429;width:361px;height:auto\" srcset=\"https:\/\/www.slovaci.eu\/wp-content\/uploads\/2026\/07\/halaszarca.jpg 960w, https:\/\/www.slovaci.eu\/wp-content\/uploads\/2026\/07\/halaszarca-300x200.jpg 300w, https:\/\/www.slovaci.eu\/wp-content\/uploads\/2026\/07\/halaszarca-768x512.jpg 768w, https:\/\/www.slovaci.eu\/wp-content\/uploads\/2026\/07\/halaszarca-90x60.jpg 90w, https:\/\/www.slovaci.eu\/wp-content\/uploads\/2026\/07\/halaszarca-374x249.jpg 374w\" sizes=\"auto, (max-width: 960px) 100vw, 960px\" \/><figcaption class=\"wp-element-caption\"><a href=\"https:\/\/www.facebook.com\/inghalaszbela\">B\u00e9la Hal\u00e1sz, Ing<\/a><br><a href=\"https:\/\/www.facebook.com\/inghalaszbela\">.<\/a><\/figcaption><\/figure>\n<\/div>\n\n<div class=\"wp-block-image\">\n<figure class=\"aligncenter size-full\"><img loading=\"lazy\" decoding=\"async\" width=\"960\" height=\"640\" src=\"https:\/\/www.slovaci.eu\/wp-content\/uploads\/2026\/07\/felvidek-arca.jpg\" alt=\"\" class=\"wp-image-1085\" srcset=\"https:\/\/www.slovaci.eu\/wp-content\/uploads\/2026\/07\/felvidek-arca.jpg 960w, https:\/\/www.slovaci.eu\/wp-content\/uploads\/2026\/07\/felvidek-arca-300x200.jpg 300w, https:\/\/www.slovaci.eu\/wp-content\/uploads\/2026\/07\/felvidek-arca-768x512.jpg 768w, https:\/\/www.slovaci.eu\/wp-content\/uploads\/2026\/07\/felvidek-arca-90x60.jpg 90w, https:\/\/www.slovaci.eu\/wp-content\/uploads\/2026\/07\/felvidek-arca-374x249.jpg 374w\" sizes=\"auto, (max-width: 960px) 100vw, 960px\" \/><figcaption class=\"wp-element-caption\"><a href=\"https:\/\/www.facebook.com\/inghalaszbela\">https:\/\/www.facebook.com\/inghalaszbela<\/a><\/figcaption><\/figure>\n<\/div>\n\n\n<p class=\"wp-block-paragraph\"><\/p>\n\n\n<div class=\"wp-block-image\">\n<figure class=\"aligncenter size-full is-resized\"><img loading=\"lazy\" decoding=\"async\" width=\"960\" height=\"815\" src=\"https:\/\/www.slovaci.eu\/wp-content\/uploads\/2026\/07\/zfalathova.jpg\" alt=\"\" class=\"wp-image-1077\" style=\"aspect-ratio:1.1779377654607344;width:398px;height:auto\" srcset=\"https:\/\/www.slovaci.eu\/wp-content\/uploads\/2026\/07\/zfalathova.jpg 960w, https:\/\/www.slovaci.eu\/wp-content\/uploads\/2026\/07\/zfalathova-300x255.jpg 300w, https:\/\/www.slovaci.eu\/wp-content\/uploads\/2026\/07\/zfalathova-768x652.jpg 768w, https:\/\/www.slovaci.eu\/wp-content\/uploads\/2026\/07\/zfalathova-71x60.jpg 71w\" sizes=\"auto, (max-width: 960px) 100vw, 960px\" \/><\/figure>\n<\/div>\n\n\n<p class=\"wp-block-paragraph\"><\/p>\n\n\n\n<p class=\"wp-block-paragraph\"><\/p>\n\n\n<div class=\"wp-block-image\">\n<figure class=\"alignleft size-large is-resized\"><img loading=\"lazy\" decoding=\"async\" width=\"707\" height=\"1024\" src=\"https:\/\/www.slovaci.eu\/wp-content\/uploads\/2026\/07\/falathz-707x1024.jpg\" alt=\"\" class=\"wp-image-1074\" style=\"aspect-ratio:0.6904447380008807;width:181px;height:auto\" srcset=\"https:\/\/www.slovaci.eu\/wp-content\/uploads\/2026\/07\/falathz-707x1024.jpg 707w, https:\/\/www.slovaci.eu\/wp-content\/uploads\/2026\/07\/falathz-207x300.jpg 207w, https:\/\/www.slovaci.eu\/wp-content\/uploads\/2026\/07\/falathz-768x1112.jpg 768w, https:\/\/www.slovaci.eu\/wp-content\/uploads\/2026\/07\/falathz-1061x1536.jpg 1061w, https:\/\/www.slovaci.eu\/wp-content\/uploads\/2026\/07\/falathz-41x60.jpg 41w, https:\/\/www.slovaci.eu\/wp-content\/uploads\/2026\/07\/falathz.jpg 1414w\" sizes=\"auto, (max-width: 707px) 100vw, 707px\" \/><figcaption class=\"wp-element-caption\"><a href=\"https:\/\/www.facebook.com\/falathzsuzsanna\">Zuzana Falathov\u00e1<\/a><\/figcaption><\/figure>\n<\/div>\n\n\n<figure class=\"wp-block-image size-large is-resized\"><img loading=\"lazy\" decoding=\"async\" width=\"727\" height=\"1024\" src=\"https:\/\/www.slovaci.eu\/wp-content\/uploads\/2026\/07\/falathzu-727x1024.jpg\" alt=\"\" class=\"wp-image-1082\" style=\"aspect-ratio:0.709972411398144;width:466px;height:auto\" srcset=\"https:\/\/www.slovaci.eu\/wp-content\/uploads\/2026\/07\/falathzu-727x1024.jpg 727w, https:\/\/www.slovaci.eu\/wp-content\/uploads\/2026\/07\/falathzu-213x300.jpg 213w, https:\/\/www.slovaci.eu\/wp-content\/uploads\/2026\/07\/falathzu-768x1082.jpg 768w, https:\/\/www.slovaci.eu\/wp-content\/uploads\/2026\/07\/falathzu-1091x1536.jpg 1091w, https:\/\/www.slovaci.eu\/wp-content\/uploads\/2026\/07\/falathzu-43x60.jpg 43w, https:\/\/www.slovaci.eu\/wp-content\/uploads\/2026\/07\/falathzu.jpg 1454w\" sizes=\"auto, (max-width: 727px) 100vw, 727px\" \/><\/figure>\n\n\n\n<p class=\"wp-block-paragraph\">&#8230; sokan azt gondolj\u00e1k, hogy \u00e9n Magyarorsz\u00e1gon \u00e9lek \u00e9s elhagytam a Felvid\u00e9ket. B\u00e1r ez igaz, hogy Magyarorsz\u00e1gon dolgozok, de Felvid\u00e9ken maradtam. B\u00fcszke vagyok arra, hogy onnan sz\u00e1rmazom, mert ez az \u00e9n haz\u00e1m, amelyet sajnos egy m\u00e1sik nemzet ideiglenesen megsz\u00e1llt. B\u00fcszke vagyok arra is, hogy Nagyszombatban- \u201ekis R\u00f3m\u00e1ban\u201d sz\u00fclettem \u00e9s ott j\u00e1rtam iskol\u00e1ba. \u00c9s b\u00fcszke vagyok arra is, hogy egyike vagyok annak a 189 magyarnak, akik m\u00e9g Nagyszombatban \u00e9lnek (b\u00e1r 1910-ben 4593 magyar \u00e9lt itt)&#8230; (Zverejnen\u00e9 na  <a href=\"https:\/\/www.facebook.com\/falathzsuzsanna\">https:\/\/www.facebook.com\/falathzsuzsanna<\/a> )<\/p>\n\n\n\n<p class=\"wp-block-paragraph\">Google preklada\u010d: &#8230; mnoh\u00ed si myslia, \u017ee \u017eijem v Ma\u010farsku a opustila som Felvid\u00e9k. Hoci je pravda, \u017ee v Ma\u010farsku pracujem, zostal som ve Felvid\u00e9ku. Som hrd\u00e1 na to, \u017ee odtia\u013e poch\u00e1dzam, ve\u010f je to moja vlas\u0165 \u2013<strong> krajina, ktor\u00e1 je, \u017eia\u013e, pod do\u010dasnou okup\u00e1ciou in\u00e9ho n\u00e1roda<\/strong>. Som tie\u017e hrd\u00fd na to, \u017ee som sa narodil a vzdel\u00e1val v Nagyszombate (Trnava), v \u201eMalom R\u00edme\u201c. A som hrd\u00e1 na to, \u017ee patr\u00edm k t\u00fdm 189 Ma\u010farom, ktor\u00ed v Nagyszombate st\u00e1le \u017eij\u00fa (zatia\u013e \u010do v roku 1910 tu \u017eilo 4 593 Ma\u010farov)&#8230;<\/p>\n\n\n\n<p class=\"wp-block-paragraph\"><\/p>\n\n\n\n<p class=\"wp-block-paragraph\"><\/p>\n\n\n<div class=\"wp-block-image\">\n<figure class=\"aligncenter size-large is-resized\"><img loading=\"lazy\" decoding=\"async\" width=\"1024\" height=\"725\" src=\"https:\/\/www.slovaci.eu\/wp-content\/uploads\/2026\/07\/hazajarozfalath-1024x725.jpg\" alt=\"\" class=\"wp-image-1066\" style=\"aspect-ratio:1.412432347222952;width:589px;height:auto\" srcset=\"https:\/\/www.slovaci.eu\/wp-content\/uploads\/2026\/07\/hazajarozfalath-1024x725.jpg 1024w, https:\/\/www.slovaci.eu\/wp-content\/uploads\/2026\/07\/hazajarozfalath-300x213.jpg 300w, https:\/\/www.slovaci.eu\/wp-content\/uploads\/2026\/07\/hazajarozfalath-768x544.jpg 768w, https:\/\/www.slovaci.eu\/wp-content\/uploads\/2026\/07\/hazajarozfalath-1536x1088.jpg 1536w, https:\/\/www.slovaci.eu\/wp-content\/uploads\/2026\/07\/hazajarozfalath-85x60.jpg 85w, https:\/\/www.slovaci.eu\/wp-content\/uploads\/2026\/07\/hazajarozfalath.jpg 1694w\" sizes=\"auto, (max-width: 1024px) 100vw, 1024px\" \/><figcaption class=\"wp-element-caption\"><a href=\"https:\/\/hazajaroegylet.hu\/tamogatas\">https:\/\/hazajaroegylet.hu\/tamogatas<\/a><\/figcaption><\/figure>\n<\/div>\n\n\n<h5 class=\"wp-block-heading\"><\/h5>\n\n\n\n<p class=\"wp-block-paragraph\"><a href=\"https:\/\/www.facebook.com\/groups\/103322069741101\/user\/100000105388343\">Kathalin Dim\u00e9ny <\/a><\/p>\n\n\n\n<p class=\"wp-block-paragraph\">2026.07.25-\u00e9n, helyi id\u0151 szerint 9 \u00f3ra 40 perckor Felvid\u00e9k z\u00e1szl\u00f3ja, Kis\u00fajfalu c\u00edmere kiker\u00fclt az \u00d6tztal-Alpok egyik cs\u00facs\u00e1ra, 4 km-re az olasz, \u00e9s 29 km-re a sv\u00e1jci hat\u00e1rt\u00f3l. Rom\u00e1n Attila, aki egy h\u00e1romf\u0151s csapattal \u00e9rte el a 3457 m\u00e9ter magas hegycs\u00facsot, mindenkit \u00fcdv\u00f6z\u00f6l Kis\u00fajfalun.<br>Odpov\u011bd\u011bt<br>Sd\u00edlet<br>Imre F\u00fcri<br>\u00b7<br>\u00d3ri\u00e0si, gratul\u00e1lok<br>B\u00fcszk\u00e9k lehet\u00fcnk R\u00c0D\ud83d\ude02<br>Odpov\u011bd\u011bt<br>Sd\u00edlet<br>J\u00e1nos Kir\u00e1ly<br>\u00b7<br>Leny\u0171g\u00f6z\u0151, hatalmas gratul\u00e1ci\u00f3.\ud83c\udded\ud83c\uddfa\ud83c\udded\ud83c\uddfa<br>Odpov\u011bd\u011bt<br>Sd\u00edlet<br>6 z 33<\/p>\n\n\n\n<figure class=\"wp-block-image size-large\"><img loading=\"lazy\" decoding=\"async\" width=\"1024\" height=\"472\" src=\"https:\/\/www.slovaci.eu\/wp-content\/uploads\/2026\/07\/katalin-Dimeny-1024x472.jpg\" alt=\"\" class=\"wp-image-1059\" srcset=\"https:\/\/www.slovaci.eu\/wp-content\/uploads\/2026\/07\/katalin-Dimeny-1024x472.jpg 1024w, https:\/\/www.slovaci.eu\/wp-content\/uploads\/2026\/07\/katalin-Dimeny-300x138.jpg 300w, https:\/\/www.slovaci.eu\/wp-content\/uploads\/2026\/07\/katalin-Dimeny-768x354.jpg 768w, https:\/\/www.slovaci.eu\/wp-content\/uploads\/2026\/07\/katalin-Dimeny-1536x708.jpg 1536w, https:\/\/www.slovaci.eu\/wp-content\/uploads\/2026\/07\/katalin-Dimeny-130x60.jpg 130w, https:\/\/www.slovaci.eu\/wp-content\/uploads\/2026\/07\/katalin-Dimeny.jpg 2000w\" sizes=\"auto, (max-width: 1024px) 100vw, 1024px\" \/><figcaption class=\"wp-element-caption\">Slovensk\u00fd preklad: D\u0148a 25. j\u00fala 2026 o 9:40 miestneho \u010dasu boli na vrchole v \u00d6tztalsk\u00fdch Alp\u00e1ch \u2013 4 km od talianskych a 29 km od \u0161vaj\u010diarskych hran\u00edc \u2013 vzt\u00fd\u010den\u00e9 vlajka Felvid\u00e9ku a erb obce Kis\u00fajfalu. Attila Rom\u00e1n, ktor\u00fd na tento 3 457 metrov vysok\u00fd vrchol vyst\u00fapil spolu s troj\u010dlenn\u00fdm t\u00edmom, posiela pozdrav v\u0161etk\u00fdm obyvate\u013eom Kis\u00fajfalu.<br><br>Odpoveda\u0165, Zdie\u013ea\u0165: Imre F\u00fcri, \u00da\u017easn\u00e9, gratulujem!, M\u00f4\u017eeme by\u0165 na TEBA hrd\u00ed \ud83d\ude02, Zdie\u013ea\u0165 J\u00e1nos Kir\u00e1ly, N\u00e1dhera, obrovsk\u00e1 gratul\u00e1cia. \ud83c\udded\ud83c\uddfa\ud83c\udded\ud83c\uddfa , Zdie\u013ea\u0165, 6 z 33<\/figcaption><\/figure>\n\n\n<div class=\"wp-block-image\">\n<figure class=\"aligncenter size-large is-resized\"><img loading=\"lazy\" decoding=\"async\" width=\"720\" height=\"1024\" src=\"https:\/\/www.slovaci.eu\/wp-content\/uploads\/2026\/07\/trojca-720x1024.jpg\" alt=\"\" class=\"wp-image-1051\" style=\"aspect-ratio:0.7031332530476855;width:406px;height:auto\" srcset=\"https:\/\/www.slovaci.eu\/wp-content\/uploads\/2026\/07\/trojca-720x1024.jpg 720w, https:\/\/www.slovaci.eu\/wp-content\/uploads\/2026\/07\/trojca-211x300.jpg 211w, https:\/\/www.slovaci.eu\/wp-content\/uploads\/2026\/07\/trojca-768x1092.jpg 768w, https:\/\/www.slovaci.eu\/wp-content\/uploads\/2026\/07\/trojca-1081x1536.jpg 1081w, https:\/\/www.slovaci.eu\/wp-content\/uploads\/2026\/07\/trojca-42x60.jpg 42w, https:\/\/www.slovaci.eu\/wp-content\/uploads\/2026\/07\/trojca.jpg 1440w\" sizes=\"auto, (max-width: 720px) 100vw, 720px\" \/><figcaption class=\"wp-element-caption\"><a href=\"https:\/\/plus7dni.pluska.sk\/aktualne\/gubik-poburil-v-tatrach-tetovackou-i-love-felvidek-po-zverejneni-fotky-celil-drsnym-reak\">Gub\u00edk pob\u00faril v Tatr\u00e1ch tetova\u010dkou &#8222;I love Felvid\u00e9k&#8220;: Po zverejnen\u00ed fotky \u010delil drsn\u00fdm reakci\u00e1m<\/a><\/figcaption><\/figure>\n<\/div>\n\n\n<p class=\"wp-block-paragraph\"><\/p>\n\n\n<div class=\"wp-block-image\">\n<figure class=\"aligncenter size-full is-resized\"><img loading=\"lazy\" decoding=\"async\" width=\"960\" height=\"833\" src=\"https:\/\/www.slovaci.eu\/wp-content\/uploads\/2026\/07\/752296551_1053917927119918_7699246525972249276_n.jpg\" alt=\"\" class=\"wp-image-1035\" style=\"width:712px;height:auto\" srcset=\"https:\/\/www.slovaci.eu\/wp-content\/uploads\/2026\/07\/752296551_1053917927119918_7699246525972249276_n.jpg 960w, https:\/\/www.slovaci.eu\/wp-content\/uploads\/2026\/07\/752296551_1053917927119918_7699246525972249276_n-300x260.jpg 300w, https:\/\/www.slovaci.eu\/wp-content\/uploads\/2026\/07\/752296551_1053917927119918_7699246525972249276_n-768x666.jpg 768w, https:\/\/www.slovaci.eu\/wp-content\/uploads\/2026\/07\/752296551_1053917927119918_7699246525972249276_n-69x60.jpg 69w\" sizes=\"auto, (max-width: 960px) 100vw, 960px\" \/><\/figure>\n<\/div>\n\n\n<p class=\"wp-block-paragraph\"><\/p>\n\n\n<div class=\"wp-block-image\">\n<figure class=\"aligncenter size-large is-resized\"><img loading=\"lazy\" decoding=\"async\" width=\"1024\" height=\"683\" src=\"https:\/\/www.slovaci.eu\/wp-content\/uploads\/2026\/07\/749286654_1628475188642908_8168580245021627760_n-1024x683.jpg\" alt=\"\" class=\"wp-image-1029\" style=\"aspect-ratio:1.4992888417882142;width:709px;height:auto\" srcset=\"https:\/\/www.slovaci.eu\/wp-content\/uploads\/2026\/07\/749286654_1628475188642908_8168580245021627760_n-1024x683.jpg 1024w, https:\/\/www.slovaci.eu\/wp-content\/uploads\/2026\/07\/749286654_1628475188642908_8168580245021627760_n-300x200.jpg 300w, https:\/\/www.slovaci.eu\/wp-content\/uploads\/2026\/07\/749286654_1628475188642908_8168580245021627760_n-768x512.jpg 768w, https:\/\/www.slovaci.eu\/wp-content\/uploads\/2026\/07\/749286654_1628475188642908_8168580245021627760_n-1536x1025.jpg 1536w, https:\/\/www.slovaci.eu\/wp-content\/uploads\/2026\/07\/749286654_1628475188642908_8168580245021627760_n-90x60.jpg 90w, https:\/\/www.slovaci.eu\/wp-content\/uploads\/2026\/07\/749286654_1628475188642908_8168580245021627760_n-374x249.jpg 374w, https:\/\/www.slovaci.eu\/wp-content\/uploads\/2026\/07\/749286654_1628475188642908_8168580245021627760_n.jpg 2048w\" sizes=\"auto, (max-width: 1024px) 100vw, 1024px\" \/><\/figure>\n<\/div>\n\n\n<p class=\"wp-block-paragraph\"><\/p>\n\n\n<div class=\"wp-block-image\">\n<figure class=\"aligncenter size-large is-resized\"><img loading=\"lazy\" decoding=\"async\" width=\"1024\" height=\"683\" src=\"https:\/\/www.slovaci.eu\/wp-content\/uploads\/2026\/07\/737875995_1010648698368504_6952220768480813541_n-1024x683.jpg\" alt=\"\" class=\"wp-image-1042\" style=\"aspect-ratio:1.4992888417882142;width:686px;height:auto\" srcset=\"https:\/\/www.slovaci.eu\/wp-content\/uploads\/2026\/07\/737875995_1010648698368504_6952220768480813541_n-1024x683.jpg 1024w, https:\/\/www.slovaci.eu\/wp-content\/uploads\/2026\/07\/737875995_1010648698368504_6952220768480813541_n-300x200.jpg 300w, https:\/\/www.slovaci.eu\/wp-content\/uploads\/2026\/07\/737875995_1010648698368504_6952220768480813541_n-768x512.jpg 768w, https:\/\/www.slovaci.eu\/wp-content\/uploads\/2026\/07\/737875995_1010648698368504_6952220768480813541_n-1536x1025.jpg 1536w, https:\/\/www.slovaci.eu\/wp-content\/uploads\/2026\/07\/737875995_1010648698368504_6952220768480813541_n-90x60.jpg 90w, https:\/\/www.slovaci.eu\/wp-content\/uploads\/2026\/07\/737875995_1010648698368504_6952220768480813541_n-374x249.jpg 374w, https:\/\/www.slovaci.eu\/wp-content\/uploads\/2026\/07\/737875995_1010648698368504_6952220768480813541_n.jpg 2048w\" sizes=\"auto, (max-width: 1024px) 100vw, 1024px\" \/><\/figure>\n<\/div>\n\n\n<p class=\"wp-block-paragraph\"><\/p>\n\n\n<div class=\"wp-block-image\">\n<figure class=\"aligncenter size-full\"><img loading=\"lazy\" decoding=\"async\" width=\"478\" height=\"482\" src=\"https:\/\/www.slovaci.eu\/wp-content\/uploads\/2026\/07\/image-3.png\" alt=\"\" class=\"wp-image-1049\" srcset=\"https:\/\/www.slovaci.eu\/wp-content\/uploads\/2026\/07\/image-3.png 478w, https:\/\/www.slovaci.eu\/wp-content\/uploads\/2026\/07\/image-3-298x300.png 298w, https:\/\/www.slovaci.eu\/wp-content\/uploads\/2026\/07\/image-3-150x150.png 150w, https:\/\/www.slovaci.eu\/wp-content\/uploads\/2026\/07\/image-3-60x60.png 60w\" sizes=\"auto, (max-width: 478px) 100vw, 478px\" \/><\/figure>\n<\/div>\n\n\n<p class=\"wp-block-paragraph\"><\/p>\n\n\n<div class=\"wp-block-image\">\n<figure class=\"aligncenter size-large is-resized\"><img loading=\"lazy\" decoding=\"async\" width=\"1024\" height=\"539\" src=\"https:\/\/www.slovaci.eu\/wp-content\/uploads\/2026\/07\/dsmoto3-1024x539.jpg\" alt=\"\" class=\"wp-image-1044\" style=\"aspect-ratio:1.899848040428314;width:683px;height:auto\" srcset=\"https:\/\/www.slovaci.eu\/wp-content\/uploads\/2026\/07\/dsmoto3-1024x539.jpg 1024w, https:\/\/www.slovaci.eu\/wp-content\/uploads\/2026\/07\/dsmoto3-300x158.jpg 300w, https:\/\/www.slovaci.eu\/wp-content\/uploads\/2026\/07\/dsmoto3-768x404.jpg 768w, https:\/\/www.slovaci.eu\/wp-content\/uploads\/2026\/07\/dsmoto3-1536x808.jpg 1536w, https:\/\/www.slovaci.eu\/wp-content\/uploads\/2026\/07\/dsmoto3-114x60.jpg 114w, https:\/\/www.slovaci.eu\/wp-content\/uploads\/2026\/07\/dsmoto3.jpg 1878w\" sizes=\"auto, (max-width: 1024px) 100vw, 1024px\" \/><\/figure>\n<\/div>\n\n\n<p class=\"wp-block-paragraph\"><\/p>\n\n\n<div class=\"wp-block-image\">\n<figure class=\"aligncenter size-large is-resized\"><img loading=\"lazy\" decoding=\"async\" width=\"1024\" height=\"768\" src=\"https:\/\/www.slovaci.eu\/wp-content\/uploads\/2026\/07\/dsmoto-1024x768.jpg\" alt=\"\" class=\"wp-image-1045\" style=\"width:685px;height:auto\" srcset=\"https:\/\/www.slovaci.eu\/wp-content\/uploads\/2026\/07\/dsmoto-1024x768.jpg 1024w, https:\/\/www.slovaci.eu\/wp-content\/uploads\/2026\/07\/dsmoto-300x225.jpg 300w, https:\/\/www.slovaci.eu\/wp-content\/uploads\/2026\/07\/dsmoto-768x576.jpg 768w, https:\/\/www.slovaci.eu\/wp-content\/uploads\/2026\/07\/dsmoto-1536x1152.jpg 1536w, https:\/\/www.slovaci.eu\/wp-content\/uploads\/2026\/07\/dsmoto-80x60.jpg 80w, https:\/\/www.slovaci.eu\/wp-content\/uploads\/2026\/07\/dsmoto.jpg 2048w\" sizes=\"auto, (max-width: 1024px) 100vw, 1024px\" \/><\/figure>\n<\/div>\n\n\n<p class=\"wp-block-paragraph\"><\/p>\n\n\n<div class=\"wp-block-image\">\n<figure class=\"aligncenter size-large is-resized\"><img loading=\"lazy\" decoding=\"async\" width=\"1024\" height=\"745\" src=\"https:\/\/www.slovaci.eu\/wp-content\/uploads\/2026\/07\/dsmoto2-1024x745.jpg\" alt=\"\" class=\"wp-image-1046\" style=\"aspect-ratio:1.3745142155860095;width:679px;height:auto\" srcset=\"https:\/\/www.slovaci.eu\/wp-content\/uploads\/2026\/07\/dsmoto2-1024x745.jpg 1024w, https:\/\/www.slovaci.eu\/wp-content\/uploads\/2026\/07\/dsmoto2-300x218.jpg 300w, https:\/\/www.slovaci.eu\/wp-content\/uploads\/2026\/07\/dsmoto2-768x559.jpg 768w, https:\/\/www.slovaci.eu\/wp-content\/uploads\/2026\/07\/dsmoto2-1536x1117.jpg 1536w, https:\/\/www.slovaci.eu\/wp-content\/uploads\/2026\/07\/dsmoto2-83x60.jpg 83w, https:\/\/www.slovaci.eu\/wp-content\/uploads\/2026\/07\/dsmoto2.jpg 1866w\" sizes=\"auto, (max-width: 1024px) 100vw, 1024px\" \/><\/figure>\n<\/div>\n\n\n<p class=\"wp-block-paragraph\"><\/p>\n\n\n<div class=\"wp-block-image\">\n<figure class=\"aligncenter size-large is-resized\"><img loading=\"lazy\" decoding=\"async\" width=\"1024\" height=\"538\" src=\"https:\/\/www.slovaci.eu\/wp-content\/uploads\/2026\/07\/dsmoto1-1024x538.jpg\" alt=\"\" class=\"wp-image-1047\" style=\"width:688px;height:auto\" srcset=\"https:\/\/www.slovaci.eu\/wp-content\/uploads\/2026\/07\/dsmoto1-1024x538.jpg 1024w, https:\/\/www.slovaci.eu\/wp-content\/uploads\/2026\/07\/dsmoto1-300x158.jpg 300w, https:\/\/www.slovaci.eu\/wp-content\/uploads\/2026\/07\/dsmoto1-768x403.jpg 768w, https:\/\/www.slovaci.eu\/wp-content\/uploads\/2026\/07\/dsmoto1-1536x806.jpg 1536w, https:\/\/www.slovaci.eu\/wp-content\/uploads\/2026\/07\/dsmoto1-114x60.jpg 114w, https:\/\/www.slovaci.eu\/wp-content\/uploads\/2026\/07\/dsmoto1.jpg 2000w\" sizes=\"auto, (max-width: 1024px) 100vw, 1024px\" \/><\/figure>\n<\/div>\n\n\n<p class=\"wp-block-paragraph\"><\/p>\n\n\n<div class=\"wp-block-image\">\n<figure class=\"aligncenter size-large is-resized\"><img loading=\"lazy\" decoding=\"async\" width=\"768\" height=\"1024\" src=\"https:\/\/www.slovaci.eu\/wp-content\/uploads\/2026\/07\/v-Ministerstvo-skolstva-vyskumu-vyvoja-a-mladeze-SR1-768x1024.jpg\" alt=\"\" class=\"wp-image-1038\" style=\"aspect-ratio:0.7500053854936344;width:404px;height:auto\" srcset=\"https:\/\/www.slovaci.eu\/wp-content\/uploads\/2026\/07\/v-Ministerstvo-skolstva-vyskumu-vyvoja-a-mladeze-SR1-768x1024.jpg 768w, https:\/\/www.slovaci.eu\/wp-content\/uploads\/2026\/07\/v-Ministerstvo-skolstva-vyskumu-vyvoja-a-mladeze-SR1-225x300.jpg 225w, https:\/\/www.slovaci.eu\/wp-content\/uploads\/2026\/07\/v-Ministerstvo-skolstva-vyskumu-vyvoja-a-mladeze-SR1-1152x1536.jpg 1152w, https:\/\/www.slovaci.eu\/wp-content\/uploads\/2026\/07\/v-Ministerstvo-skolstva-vyskumu-vyvoja-a-mladeze-SR1-45x60.jpg 45w, https:\/\/www.slovaci.eu\/wp-content\/uploads\/2026\/07\/v-Ministerstvo-skolstva-vyskumu-vyvoja-a-mladeze-SR1.jpg 1536w\" sizes=\"auto, (max-width: 768px) 100vw, 768px\" \/><\/figure>\n<\/div>\n\n\n<p class=\"wp-block-paragraph\"><strong><a href=\"https:\/\/www.zsi.sk\/t-drucker-bude-znizovat-financnu-podporu-iba-slovenskych-skol-madarskych-sa-nedotkne\/\">T. Drucker bude zni\u017eova\u0165 finan\u010dn\u00fa podporu iba slovensk\u00fdch \u0161k\u00f4l, ma\u010farsk\u00fdch sa nedotkne<\/a><\/strong><\/p>\n\n\n<div class=\"wp-block-image\">\n<figure class=\"alignleft size-full is-resized\"><a href=\"https:\/\/www.facebook.com\/maria.foti.161446\"><img loading=\"lazy\" decoding=\"async\" width=\"156\" height=\"155\" src=\"https:\/\/www.slovaci.eu\/wp-content\/uploads\/2026\/07\/Kovacs-Maria-Foti-1.jpg\" alt=\"\" class=\"wp-image-1458\" style=\"aspect-ratio:1.0065299365400533;width:246px;height:auto\" srcset=\"https:\/\/www.slovaci.eu\/wp-content\/uploads\/2026\/07\/Kovacs-Maria-Foti-1.jpg 156w, https:\/\/www.slovaci.eu\/wp-content\/uploads\/2026\/07\/Kovacs-Maria-Foti-1-150x150.jpg 150w, https:\/\/www.slovaci.eu\/wp-content\/uploads\/2026\/07\/Kovacs-Maria-Foti-1-60x60.jpg 60w\" sizes=\"auto, (max-width: 156px) 100vw, 156px\" \/><\/a><figcaption class=\"wp-element-caption\"><a href=\"https:\/\/www.facebook.com\/maria.foti.161446\">Kov\u00e1cs M, F\u00f3ti<\/a><\/figcaption><\/figure>\n<\/div>\n\n<div class=\"wp-block-image\">\n<figure class=\"alignright size-full is-resized\"><img loading=\"lazy\" decoding=\"async\" width=\"182\" height=\"181\" src=\"https:\/\/www.slovaci.eu\/wp-content\/uploads\/2026\/07\/angelikatf2-1.jpg\" alt=\"\" class=\"wp-image-1460\" style=\"width:246px;height:auto\" srcset=\"https:\/\/www.slovaci.eu\/wp-content\/uploads\/2026\/07\/angelikatf2-1.jpg 182w, https:\/\/www.slovaci.eu\/wp-content\/uploads\/2026\/07\/angelikatf2-1-150x150.jpg 150w, https:\/\/www.slovaci.eu\/wp-content\/uploads\/2026\/07\/angelikatf2-1-60x60.jpg 60w\" sizes=\"auto, (max-width: 182px) 100vw, 182px\" \/><figcaption class=\"wp-element-caption\"><a href=\"https:\/\/www.facebook.com\/angelika.tucna.fotiova\">Angelika T. F\u00f3ti<\/a><\/figcaption><\/figure>\n<\/div>\n\n<div class=\"wp-block-image\">\n<figure class=\"aligncenter size-full is-resized\"><img loading=\"lazy\" decoding=\"async\" width=\"715\" height=\"398\" src=\"https:\/\/www.slovaci.eu\/wp-content\/uploads\/2026\/07\/angelikatfoti-1.jpg\" alt=\"\" class=\"wp-image-1464\" style=\"aspect-ratio:1.7965710224749045;width:258px;height:auto\" srcset=\"https:\/\/www.slovaci.eu\/wp-content\/uploads\/2026\/07\/angelikatfoti-1.jpg 715w, https:\/\/www.slovaci.eu\/wp-content\/uploads\/2026\/07\/angelikatfoti-1-300x167.jpg 300w, https:\/\/www.slovaci.eu\/wp-content\/uploads\/2026\/07\/angelikatfoti-1-108x60.jpg 108w\" sizes=\"auto, (max-width: 715px) 100vw, 715px\" \/><\/figure>\n<\/div>\n\n\n<p class=\"wp-block-paragraph\"><\/p>\n\n\n<div class=\"wp-block-image\">\n<figure class=\"aligncenter size-large is-resized\"><img loading=\"lazy\" decoding=\"async\" width=\"1024\" height=\"450\" src=\"https:\/\/www.slovaci.eu\/wp-content\/uploads\/2026\/07\/piros7-1024x450.jpg\" alt=\"\" class=\"wp-image-1544\" style=\"aspect-ratio:2.275683582761337;width:256px;height:auto\" srcset=\"https:\/\/www.slovaci.eu\/wp-content\/uploads\/2026\/07\/piros7-1024x450.jpg 1024w, https:\/\/www.slovaci.eu\/wp-content\/uploads\/2026\/07\/piros7-300x132.jpg 300w, https:\/\/www.slovaci.eu\/wp-content\/uploads\/2026\/07\/piros7-768x337.jpg 768w, https:\/\/www.slovaci.eu\/wp-content\/uploads\/2026\/07\/piros7-1536x674.jpg 1536w, https:\/\/www.slovaci.eu\/wp-content\/uploads\/2026\/07\/piros7-137x60.jpg 137w, https:\/\/www.slovaci.eu\/wp-content\/uploads\/2026\/07\/piros7.jpg 1640w\" sizes=\"auto, (max-width: 1024px) 100vw, 1024px\" \/><\/figure>\n<\/div>\n\n\n<p class=\"has-text-align-center wp-block-paragraph\"><a href=\"https:\/\/piros7.es\">https:\/\/piros7.es<\/a><\/p>\n\n\n<div class=\"wp-block-image\">\n<figure class=\"aligncenter size-full is-resized\"><img loading=\"lazy\" decoding=\"async\" width=\"960\" height=\"540\" src=\"https:\/\/www.slovaci.eu\/wp-content\/uploads\/2026\/07\/felvidektv.jpg\" alt=\"\" class=\"wp-image-1631\" style=\"width:282px;height:auto\" srcset=\"https:\/\/www.slovaci.eu\/wp-content\/uploads\/2026\/07\/felvidektv.jpg 960w, https:\/\/www.slovaci.eu\/wp-content\/uploads\/2026\/07\/felvidektv-300x169.jpg 300w, https:\/\/www.slovaci.eu\/wp-content\/uploads\/2026\/07\/felvidektv-768x432.jpg 768w, https:\/\/www.slovaci.eu\/wp-content\/uploads\/2026\/07\/felvidektv-107x60.jpg 107w\" sizes=\"auto, (max-width: 960px) 100vw, 960px\" \/><\/figure>\n<\/div>\n\n\n<p class=\"has-text-align-center wp-block-paragraph\"><a href=\"https:\/\/www.facebook.com\/felvidektv\">https:\/\/www.facebook.com\/felvidektv<\/a><\/p>\n\n\n\n<figure class=\"wp-block-gallery has-nested-images columns-default is-cropped wp-block-gallery-2 is-layout-flex wp-block-gallery-is-layout-flex\">\n<figure class=\"wp-block-image size-large is-resized\"><img loading=\"lazy\" decoding=\"async\" width=\"960\" height=\"632\" data-id=\"1802\" src=\"https:\/\/www.slovaci.eu\/wp-content\/uploads\/2026\/07\/felvidekauto.jpg\" alt=\"\" class=\"wp-image-1802\" style=\"width:370px;height:auto\" srcset=\"https:\/\/www.slovaci.eu\/wp-content\/uploads\/2026\/07\/felvidekauto.jpg 960w, https:\/\/www.slovaci.eu\/wp-content\/uploads\/2026\/07\/felvidekauto-300x198.jpg 300w, https:\/\/www.slovaci.eu\/wp-content\/uploads\/2026\/07\/felvidekauto-768x506.jpg 768w, https:\/\/www.slovaci.eu\/wp-content\/uploads\/2026\/07\/felvidekauto-91x60.jpg 91w\" sizes=\"auto, (max-width: 960px) 100vw, 960px\" \/><\/figure>\n\n\n\n<figure class=\"wp-block-image size-large is-resized\"><img loading=\"lazy\" decoding=\"async\" width=\"1024\" height=\"577\" data-id=\"1803\" src=\"https:\/\/www.slovaci.eu\/wp-content\/uploads\/2026\/07\/felvidekneochvejne-1024x577.jpg\" alt=\"\" class=\"wp-image-1803\" style=\"width:428px;height:auto\" srcset=\"https:\/\/www.slovaci.eu\/wp-content\/uploads\/2026\/07\/felvidekneochvejne-1024x577.jpg 1024w, https:\/\/www.slovaci.eu\/wp-content\/uploads\/2026\/07\/felvidekneochvejne-300x169.jpg 300w, https:\/\/www.slovaci.eu\/wp-content\/uploads\/2026\/07\/felvidekneochvejne-768x433.jpg 768w, https:\/\/www.slovaci.eu\/wp-content\/uploads\/2026\/07\/felvidekneochvejne-106x60.jpg 106w, https:\/\/www.slovaci.eu\/wp-content\/uploads\/2026\/07\/felvidekneochvejne.jpg 1388w\" sizes=\"auto, (max-width: 1024px) 100vw, 1024px\" \/><\/figure>\n<\/figure>\n\n\n\n<p class=\"wp-block-paragraph\"><\/p>\n\n\n\n<p class=\"wp-block-paragraph\"><\/p>\n\n\n<div class=\"wp-block-image\">\n<figure class=\"aligncenter size-full is-resized\"><img loading=\"lazy\" decoding=\"async\" width=\"750\" height=\"537\" src=\"https:\/\/www.slovaci.eu\/wp-content\/uploads\/2026\/07\/fevideknitra.jpg\" alt=\"\" class=\"wp-image-1804\" style=\"width:500px;height:auto\" srcset=\"https:\/\/www.slovaci.eu\/wp-content\/uploads\/2026\/07\/fevideknitra.jpg 750w, https:\/\/www.slovaci.eu\/wp-content\/uploads\/2026\/07\/fevideknitra-300x215.jpg 300w, https:\/\/www.slovaci.eu\/wp-content\/uploads\/2026\/07\/fevideknitra-84x60.jpg 84w\" sizes=\"auto, (max-width: 750px) 100vw, 750px\" \/><\/figure>\n<\/div>\n\n\n<p class=\"wp-block-paragraph\"><strong><a href=\"https:\/\/www.facebook.com\/photo?fbid=1693108396155170&amp;set=a.374643304668359\">FELVID\u00c9K\u201c \u2013 JEDNO SLOVO, ROZDIELNE HISTORICK\u00c9 PAM\u00c4TE <\/a><\/strong>\ud83d\udcf0 <\/p>\n\n\n\n<p class=\"wp-block-paragraph\">Ma\u010farsk\u00fd denn\u00edk \u00daj Sz\u00f3 upozornil na \u010dl\u00e1nok \u013dudov\u00edta Gun\u010dagu v Slovensk\u00fdch n\u00e1rodn\u00fdch novin\u00e1ch (SNN), tla\u010dovom org\u00e1ne Matice slovenskej, v ktorom autor kritizuje pou\u017e\u00edvanie n\u00e1zvu \u201eFelvid\u00e9k\u201c v pomenovan\u00ed podujatia Felvid\u00e9ki V\u00e1gta v Dunajskej Strede a vyslovuje sa za posilnenie ochrany \u0161t\u00e1tneho jazyka. Gun\u010daga ozna\u010duje \u201eFelvid\u00e9k\u201c za hanliv\u00e9 pomenovanie Slovenska a symbol \u00fatlaku, jeho dne\u0161n\u00e9 pou\u017e\u00edvanie sp\u00e1ja so spochyb\u0148ovan\u00edm slovenskej \u0161t\u00e1tnosti a p\u00ed\u0161e aj o \u201epostupnej ma\u010fariz\u00e1cii\u201c kult\u00farneho a spolo\u010densk\u00e9ho priestoru na ju\u017enom Slovensku. \u00daj Sz\u00f3 naopak \u010dl\u00e1nok predstavilo pod v\u00fdrazne hodnotiacim titulkom, pod\u013ea ktor\u00e9ho noviny Matice \u201ehraj\u00fa na protima\u010farsk\u00fa strunu\u201c. Pri vecnom poh\u013eade v\u0161ak treba odl\u00ed\u0161i\u0165 dolo\u017eite\u013en\u00e9 skuto\u010dnosti od n\u00e1zorov a interpret\u00e1ci\u00ed: uveden\u00e9 Gun\u010dagove tvrdenia s\u00fa jeho hodnoten\u00edm spolo\u010densk\u00e9ho a politick\u00e9ho v\u00fdvoja, rovnako ako ozna\u010denie jeho textu za \u201eprotima\u010farsk\u00fd\u201c je hodnoten\u00edm \u00daj Sz\u00f3. \ud83d\udd0e \u010co teda mo\u017eno o samotnom slove \u201eFelvid\u00e9k\u201c poveda\u0165 na z\u00e1klade odbornej literat\u00fary? Jeho v\u00fdznam nebol v dejin\u00e1ch nemenn\u00fd a nemo\u017eno ho jednoducho stoto\u017eni\u0165 s \u00fazem\u00edm dne\u0161n\u00e9ho Slovenska. Star\u0161ie pomenovanie Felf\u00f6ld sa od 16. storo\u010dia pou\u017e\u00edvalo ako protiklad k n\u00ed\u017einn\u00e9mu Alf\u00f6ldu a ozna\u010dovalo severnej\u0161ie, preva\u017ene hornat\u00e9 \u010dasti historick\u00e9ho Uhorska. V 19. storo\u010d\u00ed ho postupne vytl\u00e1\u010dalo pomenovanie Felvid\u00e9k. Jeho hranice pritom neboli presne a natrvalo vymedzen\u00e9: do historicky ch\u00e1pan\u00e9ho Felvid\u00e9ku patrili aj pohoria le\u017eiace dnes v Ma\u010farsku \u2013 Zempl\u00e9n, B\u00fckk, Matra, Cserh\u00e1t \u010di B\u00f6rzs\u00f6ny \u2013, zatia\u013e \u010do napr\u00edklad rovinat\u00fd \u017ditn\u00fd ostrov sa do\u0148 p\u00f4vodne nezara\u010foval. U\u017e to ukazuje, pre\u010do historick\u00fd Felvid\u00e9k nemo\u017eno jednoducho prekresli\u0165 na mapu dne\u0161n\u00e9ho Slovenska. \ud83d\udcda V obdob\u00ed dualizmu z\u00edskal pojem aj politick\u00fd a n\u00e1rodnostn\u00fd obsah. Odborn\u00e1 literat\u00fara poukazuje na paraleln\u00e9 ma\u010farsk\u00e9 a slovensk\u00e9 predstavy o tomto priestore i na stret medzi ma\u010farsk\u00fdm \u201eFelvid\u00e9kom\u201c a slovensk\u00fdm \u201eSlovenskom\u201c. Do tohto kontextu patr\u00ed aj politick\u00fd spis B\u00e9lu Gr\u00fcnwalda A Felvid\u00e9k z roku 1878, ktor\u00fd oblas\u0165 vn\u00edmal aj ako priestor asimila\u010dnej politiky. Z toho v\u0161ak nemo\u017eno vyvodzova\u0165, \u017ee ka\u017ed\u00fd, kto dnes pou\u017eije slovo \u201eFelvid\u00e9k\u201c, preber\u00e1 Gr\u00fcnwaldove n\u00e1zory alebo sleduje revizionistick\u00fd z\u00e1mer. \ud83d\udd70\ufe0f \u010eal\u0161\u00ed z\u00e1sadn\u00fd v\u00fdznamov\u00fd posun nastal po roku 1918. Magyar N\u00e9prajzi Lexikon uv\u00e1dza, \u017ee po vzniku \u010ceskoslovenska sa ozna\u010denie Felvid\u00e9k za\u010dalo pou\u017e\u00edva\u0165 aj pre niekdaj\u0161ie uhorsk\u00e9 \u00fazemia s ma\u010farsk\u00fdm i slovensk\u00fdm obyvate\u013estvom, ktor\u00e9 pripadli \u010ceskoslovensku, a jeho v\u00fdznam sa roz\u0161\u00edril aj na slovensk\u00fa \u010das\u0165 Malej dunajskej n\u00ed\u017einy. Pod tento n\u00e1zov sa tak dostal napr\u00edklad aj \u017ditn\u00fd ostrov, ktor\u00fd do star\u0161ieho geografick\u00e9ho ch\u00e1pania Felf\u00f6ldu nepatril. V ma\u010farskom jazykovom prostred\u00ed sa teda Felvid\u00e9k postupne mohol pou\u017e\u00edva\u0165 aj ako ozna\u010denie \u00fazemia Slovenska, hoci jeho star\u0161\u00ed geografick\u00fd rozsah bol in\u00fd. Rok 1938 pridal pojmu \u010fal\u0161iu historicko-politick\u00fa vrstvu: po prvej Viedenskej arbitr\u00e1\u017ei sa v ma\u010farskom verejnom diskurze pou\u017e\u00edval v s\u00favislosti s \u00fazemiami, ktor\u00e9 boli pri\u010dlenen\u00e9 k Ma\u010farsku. Aj t\u00e1to historick\u00e1 sk\u00fasenos\u0165 pom\u00e1ha vysvetli\u0165, pre\u010do m\u00f4\u017ee slovo dodnes vyvol\u00e1va\u0165 u \u010dasti slovenskej spolo\u010dnosti odmietav\u00e9 reakcie. To v\u0161ak e\u0161te neznamen\u00e1, \u017ee je bez oh\u013eadu na kontext automaticky hanliv\u00e9 alebo revizionistick\u00e9. Odborn\u00e9 pramene predov\u0161etk\u00fdm ukazuj\u00fa, \u017ee jeho \u00fazemn\u00fd aj politick\u00fd v\u00fdznam sa po\u010das dej\u00edn menil. \ud83e\udd1d Dne\u0161n\u00fd spor m\u00e1 preto e\u0161te jednu d\u00f4le\u017eit\u00fa rovinu, na ktor\u00fa upozor\u0148uje aj \u010fal\u0161\u00ed materi\u00e1l \u00daj Sz\u00f3. Pre \u010das\u0165 Ma\u010farov \u017eij\u00facich na Slovensku je \u201eFelvid\u00e9k\u201c vlastn\u00fdm region\u00e1lnym \u010di identitn\u00fdm ozna\u010den\u00edm a jeho pou\u017e\u00edvanie samo osebe nevyjadruje \u00fazemn\u00fd n\u00e1rok vo\u010di Slovensku. Z\u00e1rove\u0148 v\u0161ak existuje podstatn\u00fd rozdiel medzi tak\u00fdmto sebapomenovan\u00edm a pou\u017e\u00edvan\u00edm slova Felvid\u00e9k ako n\u00e1hrady n\u00e1zvu Slovensko. Pr\u00e1ve druh\u00fd sp\u00f4sob m\u00f4\u017ee v slovenskom prostred\u00ed vyvol\u00e1va\u0165 historick\u00e9 asoci\u00e1cie spojen\u00e9 s uhorsk\u00fdmi n\u00e1rodnostn\u00fdmi konfliktmi, zmenou hran\u00edc po roku 1918 a udalos\u0165ami roku 1938. Jednozna\u010dn\u00fd s\u00fad, \u017ee \u201eFelvid\u00e9k je protislovensk\u00fd v\u00fdraz\u201c, preto nevystihuje cel\u00fa historick\u00fa ani dne\u0161n\u00fa skuto\u010dnos\u0165. Rovnako nepresn\u00e9 by bolo tvrdi\u0165, \u017ee ide o \u00faplne neutr\u00e1lne a st\u00e1ro\u010dia nezmenen\u00e9 pomenovanie dne\u0161n\u00e9ho Slovenska. Diskusia okolo \u010dl\u00e1nkov SNN a \u00daj Sz\u00f3 tak predov\u0161etk\u00fdm ukazuje, ako rozdielne historick\u00e9 sk\u00fasenosti a kolekt\u00edvna pam\u00e4\u0165 m\u00f4\u017eu tomu ist\u00e9mu slovu prisudzova\u0165 odli\u0161n\u00e9 v\u00fdznamy. Poznanie a re\u0161pektovanie t\u00fdchto rozdielov \u2013 bez ur\u00e1\u017eania, zov\u0161eobec\u0148ovania \u010di pripisovania \u00famyslov druhej strane \u2013 m\u00f4\u017ee slovensko-ma\u010farsk\u00e9mu dial\u00f3gu prospie\u0165 viac ne\u017e \u010fal\u0161ie vyostrovanie sporu.<\/p>\n\n\n\n<p class=\"wp-block-paragraph\">\ud83d\udc49 <a href=\"https:\/\/ujszo.com\/...\/magyarellenes-hurokat-penget-a\">https:\/\/ujszo.com\/&#8230;\/magyarellenes-hurokat-penget-a<\/a>&#8230;<\/p>\n\n\n\n<p class=\"wp-block-paragraph\">\ud83d\udc49 <a href=\"https:\/\/ujszo.com\/...\/mit-jelent-ma-a-felvidek\">https:\/\/ujszo.com\/&#8230;\/mit-jelent-ma-a-felvidek<\/a>&#8230;<\/p>\n\n\n\n<p class=\"wp-block-paragraph\">\ud83d\udc49 <a href=\"https:\/\/snn.sk\/novela-zakona-o-statnom-jazyku-slovenskej...\/\">https:\/\/snn.sk\/novela-zakona-o-statnom-jazyku-slovenskej&#8230;\/<\/a><\/p>\n\n\n\n<p class=\"wp-block-paragraph\">\ud83d\udc49 <a href=\"https:\/\/mek.oszk.hu\/02100\/02115\/html\/2-253.html\">https:\/\/mek.oszk.hu\/02100\/02115\/html\/2-253.html<\/a><\/p>\n\n\n\n<p class=\"wp-block-paragraph\">\ud83d\udc49 <a href=\"https:\/\/adatbank.sk\/lexikon\/felvidek-2\/\">https:\/\/adatbank.sk\/lexikon\/felvidek-2\/<\/a><\/p>\n\n\n\n<p class=\"wp-block-paragraph\">\ud83d\udc49 <a href=\"https:\/\/forumszemle.eu\/...\/upper-hungary-southern...\/\">https:\/\/forumszemle.eu\/&#8230;\/upper-hungary-southern&#8230;\/<\/a><\/p>\n\n\n\n<p class=\"wp-block-paragraph\"><\/p>\n\n\n\n<p class=\"wp-block-paragraph\"><em><strong>V\u0161etky pou\u017eit\u00e9 fotografie (texty) s\u00fa verejne dostupn\u00e9 o zoznam ich zdrojov je k dispoz\u00edcii u editora tejto str\u00e1nky (PhDr. Pavel Be\u0148o<\/strong><\/em>)<\/p>\n\n\n\n<p class=\"wp-block-paragraph\"><\/p>\n","protected":false},"excerpt":{"rendered":"<p>Na\u0161inci alebo cudzinci ? 9.8.2026 &#8222;Felvid\u00e9k &#8230;&#8220; &#8211; Pr\u00edspevok krajsk\u00e9ho zastupite\u013ea Zsolta Baranyaya, ktor\u00fd je pr\u00e1vnikom, na zasadnut\u00ed Zastupite\u013estva Nitrianskeho samospr\u00e1vneho kraja V\u00e1\u017een\u00ed ma\u010farsk\u00ed spoluob\u010dania! Silne pochybujem o tom, \u017ee by v\u00e1s v s\u00fa\u010dasnej dobe niekto n\u00fatil, aby ste sa stali &#8211; ako to u\u017e bolo uveden\u00e9 &#8211; &#8222;ma\u010farsky hovoriacimi Slov\u00e1kmi&#8220;. Ale prestante u\u017e l\u00e1skavo &hellip; <\/p>\n","protected":false},"author":1,"featured_media":1765,"comment_status":"open","ping_status":"open","sticky":false,"template":"","format":"standard","meta":{"footnotes":""},"categories":[1],"tags":[],"class_list":["post-1027","post","type-post","status-publish","format-standard","has-post-thumbnail","hentry","category-uncategorized","latest_post"],"_links":{"self":[{"href":"https:\/\/www.slovaci.eu\/index.php?rest_route=\/wp\/v2\/posts\/1027","targetHints":{"allow":["GET"]}}],"collection":[{"href":"https:\/\/www.slovaci.eu\/index.php?rest_route=\/wp\/v2\/posts"}],"about":[{"href":"https:\/\/www.slovaci.eu\/index.php?rest_route=\/wp\/v2\/types\/post"}],"author":[{"embeddable":true,"href":"https:\/\/www.slovaci.eu\/index.php?rest_route=\/wp\/v2\/users\/1"}],"replies":[{"embeddable":true,"href":"https:\/\/www.slovaci.eu\/index.php?rest_route=%2Fwp%2Fv2%2Fcomments&post=1027"}],"version-history":[{"count":88,"href":"https:\/\/www.slovaci.eu\/index.php?rest_route=\/wp\/v2\/posts\/1027\/revisions"}],"predecessor-version":[{"id":2483,"href":"https:\/\/www.slovaci.eu\/index.php?rest_route=\/wp\/v2\/posts\/1027\/revisions\/2483"}],"wp:featuredmedia":[{"embeddable":true,"href":"https:\/\/www.slovaci.eu\/index.php?rest_route=\/wp\/v2\/media\/1765"}],"wp:attachment":[{"href":"https:\/\/www.slovaci.eu\/index.php?rest_route=%2Fwp%2Fv2%2Fmedia&parent=1027"}],"wp:term":[{"taxonomy":"category","embeddable":true,"href":"https:\/\/www.slovaci.eu\/index.php?rest_route=%2Fwp%2Fv2%2Fcategories&post=1027"},{"taxonomy":"post_tag","embeddable":true,"href":"https:\/\/www.slovaci.eu\/index.php?rest_route=%2Fwp%2Fv2%2Ftags&post=1027"}],"curies":[{"name":"wp","href":"https:\/\/api.w.org\/{rel}","templated":true}]}}